{"id":1828,"date":"2022-11-12T13:01:39","date_gmt":"2022-11-12T12:01:39","guid":{"rendered":"https:\/\/www.diagnostik-des-geistes.de\/blog\/bez-kategorii\/adhd-in-children-according-to-age\/"},"modified":"2022-11-12T14:32:57","modified_gmt":"2022-11-12T13:32:57","slug":"adhs-bei-kindern-je-nach-alter","status":"publish","type":"post","link":"https:\/\/www.diagnostik-des-geistes.de\/blog\/adhs-adhd\/adhs-bei-kindern-je-nach-alter\/","title":{"rendered":"ADHS bei Kindern je nach Alter"},"content":{"rendered":"<p>Das Bild von ADHS \u00e4ndert sich mit dem Alter. Anf\u00e4nglich \u00fcberwiegen die Symptome der Hyperaktivit\u00e4t\/Impulsivit\u00e4t. Wenn das Kind mehr Lernaufgaben bew\u00e4ltigt, treten die Symptome der Aufmerksamkeitsst\u00f6rung st\u00e4rker in den Vordergrund. Die Symptome werden in verschiedenen Entwicklungsstadien beobachtet, wie zum Beispiel:<\/p>\n<ul>\n<li><strong>in der Vorschulzeit<\/strong>: <a href=\"https:\/\/www.diagnostik-des-geistes.de\/adhs-test\">Kinder mit ADHS<\/a> sind st\u00e4ndig in Bewegung (&#8220;sie sind \u00fcberall&#8221;). Sie klettern, schaffen gef\u00e4hrliche Situationen und halten sich nicht an Anweisungen. Sie interagieren mit Gleichaltrigen, indem sie schubsen oder schlagen. Sie zeichnen sich auch dadurch aus, dass sie laut, ungest\u00fcm und konfliktfreudig sind (z.B. indem sie Spielzeug wegnehmen);<\/li>\n<\/ul>\n<ul>\n<li><strong>in der Schule<\/strong>: Die betroffenen Sch\u00fcler haben Schwierigkeiten, w\u00e4hrend des Unterrichts sitzen zu bleiben, stehen m\u00f6glicherweise auf, laufen im Klassenzimmer umher oder sprechen mit Mitsch\u00fclern. Au\u00dferdem richten sie ihre Aufmerksamkeit nur f\u00fcr kurze Zeit auf sich, unterbrechen Aktivit\u00e4ten, schreiben den Unterrichtsstoff und die Hausaufgaben nicht auf. Sie brechen r\u00fccksichtslos die Regeln. W\u00e4hrend dieser Zeit kann das Kind auch Probleme mit dem sozialen Verhalten entwickeln. Diese k\u00f6nnen sich z.B. in schlechteren Beziehungen zu Gleichaltrigen oder in Schl\u00e4gereien \u00e4u\u00dfern;<\/li>\n<\/ul>\n<ul>\n<li><strong>in der Pubert\u00e4t<\/strong>: Menschen mit einer Aufmerksamkeitsdefizit-Hyperaktivit\u00e4tsst\u00f6rung haben Schwierigkeiten, lange Texte zu lesen, Anweisungen in Tests zu erraten und aus Unaufmerksamkeit Fehler zu machen. Sie werden von Gef\u00fchlen der Unruhe begleitet. Sie beteiligen sich r\u00fccksichtslos an riskanten Aktivit\u00e4ten. Sie haben Probleme mit der Motivation, langfristige Aktivit\u00e4ten durchzuf\u00fchren. Komplikationen von ADHS &#8211; S\u00fcchte, Depressionen, Isolation von Gleichaltrigen oder asoziales Verhalten &#8211; k\u00f6nnen in dieser Zeit ebenfalls auftreten.<\/li>\n<\/ul>\n<hr \/>\n<p>Quelle \/ Bibilographie<\/p>\n<ul>\n<li><em>https:\/\/www.damian.pl\/zdrowie-psychiczne\/adhd\/<\/em><\/li>\n<\/ul>\n","protected":false},"excerpt":{"rendered":"<p>Das Bild von ADHS \u00e4ndert sich mit dem Alter. Anf\u00e4nglich \u00fcberwiegen die Symptome der Hyperaktivit\u00e4t\/Impulsivit\u00e4t. Wenn das Kind mehr Lernaufgaben bew\u00e4ltigt, treten die Symptome der&#8230;<\/p>\n","protected":false},"author":1,"featured_media":1857,"comment_status":"closed","ping_status":"open","sticky":false,"template":"","format":"standard","meta":{"inline_featured_image":false},"categories":[37],"tags":[],"yoast_head":"<!-- This site is optimized with the Yoast SEO plugin v18.1 - https:\/\/yoast.com\/wordpress\/plugins\/seo\/ -->\n<title>ADHS bei Kindern je nach Alter - Diagnostik des Geistes<\/title>\n<meta name=\"robots\" content=\"index, follow, max-snippet:-1, max-image-preview:large, max-video-preview:-1\" \/>\n<link rel=\"canonical\" href=\"https:\/\/www.diagnostik-des-geistes.de\/blog\/adhs-adhd\/adhs-bei-kindern-je-nach-alter\/\" \/>\n<meta property=\"og:locale\" content=\"de_DE\" \/>\n<meta property=\"og:type\" content=\"article\" \/>\n<meta property=\"og:title\" content=\"ADHS bei Kindern je nach Alter - Diagnostik des Geistes\" \/>\n<meta property=\"og:description\" content=\"Das Bild von ADHS \u00e4ndert sich mit dem Alter. Anf\u00e4nglich \u00fcberwiegen die Symptome der Hyperaktivit\u00e4t\/Impulsivit\u00e4t. Wenn das Kind mehr Lernaufgaben bew\u00e4ltigt, treten die Symptome der...\" \/>\n<meta property=\"og:url\" content=\"https:\/\/www.diagnostik-des-geistes.de\/blog\/adhs-adhd\/adhs-bei-kindern-je-nach-alter\/\" \/>\n<meta property=\"og:site_name\" content=\"Diagnostik des Geistes\" \/>\n<meta property=\"article:published_time\" content=\"2022-11-12T12:01:39+00:00\" \/>\n<meta property=\"article:modified_time\" content=\"2022-11-12T13:32:57+00:00\" \/>\n<meta property=\"og:image\" content=\"https:\/\/www.diagnostik-des-geistes.de\/blog\/wp-content\/uploads\/2022\/11\/du_adhd_baner_de.jpg\" \/>\n\t<meta property=\"og:image:width\" content=\"840\" \/>\n\t<meta property=\"og:image:height\" content=\"420\" \/>\n\t<meta property=\"og:image:type\" content=\"image\/jpeg\" \/>\n<meta name=\"twitter:card\" content=\"summary_large_image\" \/>\n<meta name=\"twitter:label1\" content=\"Verfasst von\" \/>\n\t<meta name=\"twitter:data1\" content=\"Diagnostik Geistes\" \/>\n\t<meta name=\"twitter:label2\" content=\"Gesch\u00e4tzte Lesezeit\" \/>\n\t<meta name=\"twitter:data2\" content=\"2 Minuten\" \/>\n<script type=\"application\/ld+json\" class=\"yoast-schema-graph\">{\"@context\":\"https:\/\/schema.org\",\"@graph\":[{\"@type\":\"Organization\",\"@id\":\"https:\/\/www.diagnostik-des-geistes.de\/blog\/#organization\",\"name\":\"Diagnostik des Geistes\",\"url\":\"https:\/\/www.diagnostik-des-geistes.de\/blog\/\",\"sameAs\":[],\"logo\":{\"@type\":\"ImageObject\",\"@id\":\"https:\/\/www.diagnostik-des-geistes.de\/blog\/#logo\",\"inLanguage\":\"de-DE\",\"url\":\"https:\/\/www.diagnostik-des-geistes.de\/blog\/wp-content\/uploads\/2022\/02\/Diagnostik-des-Geistes.png\",\"contentUrl\":\"https:\/\/www.diagnostik-des-geistes.de\/blog\/wp-content\/uploads\/2022\/02\/Diagnostik-des-Geistes.png\",\"width\":282,\"height\":92,\"caption\":\"Diagnostik des Geistes\"},\"image\":{\"@id\":\"https:\/\/www.diagnostik-des-geistes.de\/blog\/#logo\"}},{\"@type\":\"WebSite\",\"@id\":\"https:\/\/www.diagnostik-des-geistes.de\/blog\/#website\",\"url\":\"https:\/\/www.diagnostik-des-geistes.de\/blog\/\",\"name\":\"Diagnostik des Geistes\",\"description\":\"Blog \u00fcber psychische St\u00f6rungen\",\"publisher\":{\"@id\":\"https:\/\/www.diagnostik-des-geistes.de\/blog\/#organization\"},\"potentialAction\":[{\"@type\":\"SearchAction\",\"target\":{\"@type\":\"EntryPoint\",\"urlTemplate\":\"https:\/\/www.diagnostik-des-geistes.de\/blog\/?s={search_term_string}\"},\"query-input\":\"required name=search_term_string\"}],\"inLanguage\":\"de-DE\"},{\"@type\":\"ImageObject\",\"@id\":\"https:\/\/www.diagnostik-des-geistes.de\/blog\/adhs-adhd\/adhs-bei-kindern-je-nach-alter\/#primaryimage\",\"inLanguage\":\"de-DE\",\"url\":\"https:\/\/www.diagnostik-des-geistes.de\/blog\/wp-content\/uploads\/2022\/11\/du_adhd_baner_de.jpg\",\"contentUrl\":\"https:\/\/www.diagnostik-des-geistes.de\/blog\/wp-content\/uploads\/2022\/11\/du_adhd_baner_de.jpg\",\"width\":840,\"height\":420,\"caption\":\"Grundlegende Informationen \u00fcber adhd\"},{\"@type\":\"WebPage\",\"@id\":\"https:\/\/www.diagnostik-des-geistes.de\/blog\/adhs-adhd\/adhs-bei-kindern-je-nach-alter\/#webpage\",\"url\":\"https:\/\/www.diagnostik-des-geistes.de\/blog\/adhs-adhd\/adhs-bei-kindern-je-nach-alter\/\",\"name\":\"ADHS bei Kindern je nach Alter - Diagnostik des Geistes\",\"isPartOf\":{\"@id\":\"https:\/\/www.diagnostik-des-geistes.de\/blog\/#website\"},\"primaryImageOfPage\":{\"@id\":\"https:\/\/www.diagnostik-des-geistes.de\/blog\/adhs-adhd\/adhs-bei-kindern-je-nach-alter\/#primaryimage\"},\"datePublished\":\"2022-11-12T12:01:39+00:00\",\"dateModified\":\"2022-11-12T13:32:57+00:00\",\"breadcrumb\":{\"@id\":\"https:\/\/www.diagnostik-des-geistes.de\/blog\/adhs-adhd\/adhs-bei-kindern-je-nach-alter\/#breadcrumb\"},\"inLanguage\":\"de-DE\",\"potentialAction\":[{\"@type\":\"ReadAction\",\"target\":[\"https:\/\/www.diagnostik-des-geistes.de\/blog\/adhs-adhd\/adhs-bei-kindern-je-nach-alter\/\"]}]},{\"@type\":\"BreadcrumbList\",\"@id\":\"https:\/\/www.diagnostik-des-geistes.de\/blog\/adhs-adhd\/adhs-bei-kindern-je-nach-alter\/#breadcrumb\",\"itemListElement\":[{\"@type\":\"ListItem\",\"position\":1,\"name\":\"Homepage\",\"item\":\"https:\/\/www.diagnostik-des-geistes.de\/blog\/\"},{\"@type\":\"ListItem\",\"position\":2,\"name\":\"ADHS \/ ADHD\",\"item\":\"https:\/\/www.diagnostik-des-geistes.de\/blog\/adhs-adhd\/\"},{\"@type\":\"ListItem\",\"position\":3,\"name\":\"ADHS bei Kindern je nach Alter\"}]},{\"@type\":\"Article\",\"@id\":\"https:\/\/www.diagnostik-des-geistes.de\/blog\/adhs-adhd\/adhs-bei-kindern-je-nach-alter\/#article\",\"isPartOf\":{\"@id\":\"https:\/\/www.diagnostik-des-geistes.de\/blog\/adhs-adhd\/adhs-bei-kindern-je-nach-alter\/#webpage\"},\"author\":{\"@id\":\"https:\/\/www.diagnostik-des-geistes.de\/blog\/#\/schema\/person\/8eb1bcaf59fea75c780c11946f4e3490\"},\"headline\":\"ADHS bei Kindern je nach Alter\",\"datePublished\":\"2022-11-12T12:01:39+00:00\",\"dateModified\":\"2022-11-12T13:32:57+00:00\",\"mainEntityOfPage\":{\"@id\":\"https:\/\/www.diagnostik-des-geistes.de\/blog\/adhs-adhd\/adhs-bei-kindern-je-nach-alter\/#webpage\"},\"wordCount\":282,\"publisher\":{\"@id\":\"https:\/\/www.diagnostik-des-geistes.de\/blog\/#organization\"},\"image\":{\"@id\":\"https:\/\/www.diagnostik-des-geistes.de\/blog\/adhs-adhd\/adhs-bei-kindern-je-nach-alter\/#primaryimage\"},\"thumbnailUrl\":\"https:\/\/www.diagnostik-des-geistes.de\/blog\/wp-content\/uploads\/2022\/11\/du_adhd_baner_de.jpg\",\"articleSection\":[\"ADHS \/ ADHD\"],\"inLanguage\":\"de-DE\"},{\"@type\":\"Person\",\"@id\":\"https:\/\/www.diagnostik-des-geistes.de\/blog\/#\/schema\/person\/8eb1bcaf59fea75c780c11946f4e3490\",\"name\":\"Diagnostik Geistes\",\"image\":{\"@type\":\"ImageObject\",\"@id\":\"https:\/\/www.diagnostik-des-geistes.de\/blog\/#personlogo\",\"inLanguage\":\"de-DE\",\"url\":\"https:\/\/secure.gravatar.com\/avatar\/6743211f010801ea26aa9423a2daab37?s=96&d=mm&r=g\",\"contentUrl\":\"https:\/\/secure.gravatar.com\/avatar\/6743211f010801ea26aa9423a2daab37?s=96&d=mm&r=g\",\"caption\":\"Diagnostik Geistes\"},\"sameAs\":[\"https:\/\/www.diagnostik-des-geistes.de\/blog\"],\"url\":\"https:\/\/www.diagnostik-des-geistes.de\/blog\/author\/diagnostyka-umyslu\/\"}]}<\/script>\n<!-- \/ Yoast SEO plugin. -->","yoast_head_json":{"title":"ADHS bei Kindern je nach Alter - Diagnostik des Geistes","robots":{"index":"index","follow":"follow","max-snippet":"max-snippet:-1","max-image-preview":"max-image-preview:large","max-video-preview":"max-video-preview:-1"},"canonical":"https:\/\/www.diagnostik-des-geistes.de\/blog\/adhs-adhd\/adhs-bei-kindern-je-nach-alter\/","og_locale":"de_DE","og_type":"article","og_title":"ADHS bei Kindern je nach Alter - Diagnostik des Geistes","og_description":"Das Bild von ADHS \u00e4ndert sich mit dem Alter. Anf\u00e4nglich \u00fcberwiegen die Symptome der Hyperaktivit\u00e4t\/Impulsivit\u00e4t. Wenn das Kind mehr Lernaufgaben bew\u00e4ltigt, treten die Symptome der...","og_url":"https:\/\/www.diagnostik-des-geistes.de\/blog\/adhs-adhd\/adhs-bei-kindern-je-nach-alter\/","og_site_name":"Diagnostik des Geistes","article_published_time":"2022-11-12T12:01:39+00:00","article_modified_time":"2022-11-12T13:32:57+00:00","og_image":[{"width":840,"height":420,"url":"https:\/\/www.diagnostik-des-geistes.de\/blog\/wp-content\/uploads\/2022\/11\/du_adhd_baner_de.jpg","type":"image\/jpeg"}],"twitter_card":"summary_large_image","twitter_misc":{"Verfasst von":"Diagnostik Geistes","Gesch\u00e4tzte Lesezeit":"2 Minuten"},"schema":{"@context":"https:\/\/schema.org","@graph":[{"@type":"Organization","@id":"https:\/\/www.diagnostik-des-geistes.de\/blog\/#organization","name":"Diagnostik des Geistes","url":"https:\/\/www.diagnostik-des-geistes.de\/blog\/","sameAs":[],"logo":{"@type":"ImageObject","@id":"https:\/\/www.diagnostik-des-geistes.de\/blog\/#logo","inLanguage":"de-DE","url":"https:\/\/www.diagnostik-des-geistes.de\/blog\/wp-content\/uploads\/2022\/02\/Diagnostik-des-Geistes.png","contentUrl":"https:\/\/www.diagnostik-des-geistes.de\/blog\/wp-content\/uploads\/2022\/02\/Diagnostik-des-Geistes.png","width":282,"height":92,"caption":"Diagnostik des Geistes"},"image":{"@id":"https:\/\/www.diagnostik-des-geistes.de\/blog\/#logo"}},{"@type":"WebSite","@id":"https:\/\/www.diagnostik-des-geistes.de\/blog\/#website","url":"https:\/\/www.diagnostik-des-geistes.de\/blog\/","name":"Diagnostik des Geistes","description":"Blog \u00fcber psychische St\u00f6rungen","publisher":{"@id":"https:\/\/www.diagnostik-des-geistes.de\/blog\/#organization"},"potentialAction":[{"@type":"SearchAction","target":{"@type":"EntryPoint","urlTemplate":"https:\/\/www.diagnostik-des-geistes.de\/blog\/?s={search_term_string}"},"query-input":"required name=search_term_string"}],"inLanguage":"de-DE"},{"@type":"ImageObject","@id":"https:\/\/www.diagnostik-des-geistes.de\/blog\/adhs-adhd\/adhs-bei-kindern-je-nach-alter\/#primaryimage","inLanguage":"de-DE","url":"https:\/\/www.diagnostik-des-geistes.de\/blog\/wp-content\/uploads\/2022\/11\/du_adhd_baner_de.jpg","contentUrl":"https:\/\/www.diagnostik-des-geistes.de\/blog\/wp-content\/uploads\/2022\/11\/du_adhd_baner_de.jpg","width":840,"height":420,"caption":"Grundlegende Informationen \u00fcber adhd"},{"@type":"WebPage","@id":"https:\/\/www.diagnostik-des-geistes.de\/blog\/adhs-adhd\/adhs-bei-kindern-je-nach-alter\/#webpage","url":"https:\/\/www.diagnostik-des-geistes.de\/blog\/adhs-adhd\/adhs-bei-kindern-je-nach-alter\/","name":"ADHS bei Kindern je nach Alter - Diagnostik des Geistes","isPartOf":{"@id":"https:\/\/www.diagnostik-des-geistes.de\/blog\/#website"},"primaryImageOfPage":{"@id":"https:\/\/www.diagnostik-des-geistes.de\/blog\/adhs-adhd\/adhs-bei-kindern-je-nach-alter\/#primaryimage"},"datePublished":"2022-11-12T12:01:39+00:00","dateModified":"2022-11-12T13:32:57+00:00","breadcrumb":{"@id":"https:\/\/www.diagnostik-des-geistes.de\/blog\/adhs-adhd\/adhs-bei-kindern-je-nach-alter\/#breadcrumb"},"inLanguage":"de-DE","potentialAction":[{"@type":"ReadAction","target":["https:\/\/www.diagnostik-des-geistes.de\/blog\/adhs-adhd\/adhs-bei-kindern-je-nach-alter\/"]}]},{"@type":"BreadcrumbList","@id":"https:\/\/www.diagnostik-des-geistes.de\/blog\/adhs-adhd\/adhs-bei-kindern-je-nach-alter\/#breadcrumb","itemListElement":[{"@type":"ListItem","position":1,"name":"Homepage","item":"https:\/\/www.diagnostik-des-geistes.de\/blog\/"},{"@type":"ListItem","position":2,"name":"ADHS \/ ADHD","item":"https:\/\/www.diagnostik-des-geistes.de\/blog\/adhs-adhd\/"},{"@type":"ListItem","position":3,"name":"ADHS bei Kindern je nach Alter"}]},{"@type":"Article","@id":"https:\/\/www.diagnostik-des-geistes.de\/blog\/adhs-adhd\/adhs-bei-kindern-je-nach-alter\/#article","isPartOf":{"@id":"https:\/\/www.diagnostik-des-geistes.de\/blog\/adhs-adhd\/adhs-bei-kindern-je-nach-alter\/#webpage"},"author":{"@id":"https:\/\/www.diagnostik-des-geistes.de\/blog\/#\/schema\/person\/8eb1bcaf59fea75c780c11946f4e3490"},"headline":"ADHS bei Kindern je nach Alter","datePublished":"2022-11-12T12:01:39+00:00","dateModified":"2022-11-12T13:32:57+00:00","mainEntityOfPage":{"@id":"https:\/\/www.diagnostik-des-geistes.de\/blog\/adhs-adhd\/adhs-bei-kindern-je-nach-alter\/#webpage"},"wordCount":282,"publisher":{"@id":"https:\/\/www.diagnostik-des-geistes.de\/blog\/#organization"},"image":{"@id":"https:\/\/www.diagnostik-des-geistes.de\/blog\/adhs-adhd\/adhs-bei-kindern-je-nach-alter\/#primaryimage"},"thumbnailUrl":"https:\/\/www.diagnostik-des-geistes.de\/blog\/wp-content\/uploads\/2022\/11\/du_adhd_baner_de.jpg","articleSection":["ADHS \/ ADHD"],"inLanguage":"de-DE"},{"@type":"Person","@id":"https:\/\/www.diagnostik-des-geistes.de\/blog\/#\/schema\/person\/8eb1bcaf59fea75c780c11946f4e3490","name":"Diagnostik Geistes","image":{"@type":"ImageObject","@id":"https:\/\/www.diagnostik-des-geistes.de\/blog\/#personlogo","inLanguage":"de-DE","url":"https:\/\/secure.gravatar.com\/avatar\/6743211f010801ea26aa9423a2daab37?s=96&d=mm&r=g","contentUrl":"https:\/\/secure.gravatar.com\/avatar\/6743211f010801ea26aa9423a2daab37?s=96&d=mm&r=g","caption":"Diagnostik Geistes"},"sameAs":["https:\/\/www.diagnostik-des-geistes.de\/blog"],"url":"https:\/\/www.diagnostik-des-geistes.de\/blog\/author\/diagnostyka-umyslu\/"}]}},"amp_enabled":true,"_links":{"self":[{"href":"https:\/\/www.diagnostik-des-geistes.de\/blog\/wp-json\/wp\/v2\/posts\/1828"}],"collection":[{"href":"https:\/\/www.diagnostik-des-geistes.de\/blog\/wp-json\/wp\/v2\/posts"}],"about":[{"href":"https:\/\/www.diagnostik-des-geistes.de\/blog\/wp-json\/wp\/v2\/types\/post"}],"author":[{"embeddable":true,"href":"https:\/\/www.diagnostik-des-geistes.de\/blog\/wp-json\/wp\/v2\/users\/1"}],"replies":[{"embeddable":true,"href":"https:\/\/www.diagnostik-des-geistes.de\/blog\/wp-json\/wp\/v2\/comments?post=1828"}],"version-history":[{"count":3,"href":"https:\/\/www.diagnostik-des-geistes.de\/blog\/wp-json\/wp\/v2\/posts\/1828\/revisions"}],"predecessor-version":[{"id":1872,"href":"https:\/\/www.diagnostik-des-geistes.de\/blog\/wp-json\/wp\/v2\/posts\/1828\/revisions\/1872"}],"wp:featuredmedia":[{"embeddable":true,"href":"https:\/\/www.diagnostik-des-geistes.de\/blog\/wp-json\/wp\/v2\/media\/1857"}],"wp:attachment":[{"href":"https:\/\/www.diagnostik-des-geistes.de\/blog\/wp-json\/wp\/v2\/media?parent=1828"}],"wp:term":[{"taxonomy":"category","embeddable":true,"href":"https:\/\/www.diagnostik-des-geistes.de\/blog\/wp-json\/wp\/v2\/categories?post=1828"},{"taxonomy":"post_tag","embeddable":true,"href":"https:\/\/www.diagnostik-des-geistes.de\/blog\/wp-json\/wp\/v2\/tags?post=1828"}],"curies":[{"name":"wp","href":"https:\/\/api.w.org\/{rel}","templated":true}]}}