{"id":1776,"date":"2022-11-08T20:22:43","date_gmt":"2022-11-08T19:22:43","guid":{"rendered":"https:\/\/www.diagnostik-des-geistes.de\/blog\/bez-kategorii\/co-occurring-disorders-with-autism\/"},"modified":"2022-11-08T20:44:44","modified_gmt":"2022-11-08T19:44:44","slug":"gleichzeitige-stoerungen-mit-autismus","status":"publish","type":"post","link":"https:\/\/www.diagnostik-des-geistes.de\/blog\/autismus-spektrum-storung\/gleichzeitige-stoerungen-mit-autismus\/","title":{"rendered":"Gleichzeitige St\u00f6rungen mit Autismus"},"content":{"rendered":"<p>Autismus ist durch eine hohe Komorbidit\u00e4t gekennzeichnet. Er wird am h\u00e4ufigsten begleitet von:<\/p>\n<ul>\n<li>angstst\u00f6rungen;<\/li>\n<li>stimmungsst\u00f6rungen<\/li>\n<li>schlafst\u00f6rungen;<\/li>\n<li>ADHD (Aufmerksamkeitsdefizit-Hyperaktivit\u00e4tsst\u00f6rung).<\/li>\n<\/ul>\n<p>Autismus-Spektrum-St\u00f6rungen k\u00f6nnen auch mit neurologischen Erkrankungen wie z.B.:<\/p>\n<ul>\n<li>epilepsie;<\/li>\n<li>Landau-Kleffner-Syndrom;<\/li>\n<li>syndrome mit kontinuierlichen Entladungen im Slow-Wave-Schlaf.<\/li>\n<\/ul>\n<p>Es ist nicht ungew\u00f6hnlich, dass <a href=\"https:\/\/www.diagnostik-des-geistes.de\/test-fur-autismus-spektrum-storungen\">Autisten<\/a> auch an Phenylketonurie und Nahrungsmittelallergien leiden. Es wird gesch\u00e4tzt, dass 70-80% der Autisten zus\u00e4tzlich psychiatrische Probleme haben. Ungef\u00e4hr 40-50% der Jugendlichen und Erwachsenen mit ASD erf\u00fcllen die Kriterien f\u00fcr zwei oder mehr St\u00f6rungen. Begleitende psychiatrische Probleme sind eine der Ursachen f\u00fcr Verhaltensst\u00f6rungen, insbesondere in Form von Aggression, Selbstaggression oder oppositionellem Verhalten. Nicht selten sind sie der Grund f\u00fcr den ersten Kontakt des Patienten und seiner Familie (vor der ASD-Diagnose) mit einem Spezialisten.<\/p>\n<hr \/>\n<p>Quelle:<\/p>\n<ul>\n<li><em>https:\/\/www.damian.pl\/zdrowie-psychiczne\/autyzm\/<\/em><\/li>\n<\/ul>\n","protected":false},"excerpt":{"rendered":"<p>Autismus ist durch eine hohe Komorbidit\u00e4t gekennzeichnet. Er wird am h\u00e4ufigsten begleitet von: angstst\u00f6rungen; stimmungsst\u00f6rungen schlafst\u00f6rungen; ADHD (Aufmerksamkeitsdefizit-Hyperaktivit\u00e4tsst\u00f6rung). Autismus-Spektrum-St\u00f6rungen k\u00f6nnen auch mit neurologischen Erkrankungen wie&#8230;<\/p>\n","protected":false},"author":1,"featured_media":1792,"comment_status":"closed","ping_status":"open","sticky":false,"template":"","format":"standard","meta":{"inline_featured_image":false},"categories":[44],"tags":[],"yoast_head":"<!-- This site is optimized with the Yoast SEO plugin v18.1 - https:\/\/yoast.com\/wordpress\/plugins\/seo\/ -->\n<title>Gleichzeitige St\u00f6rungen mit Autismus - Diagnostik des Geistes<\/title>\n<meta name=\"robots\" content=\"index, follow, max-snippet:-1, max-image-preview:large, max-video-preview:-1\" \/>\n<link rel=\"canonical\" href=\"https:\/\/www.diagnostik-des-geistes.de\/blog\/autismus-spektrum-storung\/gleichzeitige-stoerungen-mit-autismus\/\" \/>\n<meta property=\"og:locale\" content=\"de_DE\" \/>\n<meta property=\"og:type\" content=\"article\" \/>\n<meta property=\"og:title\" content=\"Gleichzeitige St\u00f6rungen mit Autismus - Diagnostik des Geistes\" \/>\n<meta property=\"og:description\" content=\"Autismus ist durch eine hohe Komorbidit\u00e4t gekennzeichnet. Er wird am h\u00e4ufigsten begleitet von: angstst\u00f6rungen; stimmungsst\u00f6rungen schlafst\u00f6rungen; ADHD (Aufmerksamkeitsdefizit-Hyperaktivit\u00e4tsst\u00f6rung). Autismus-Spektrum-St\u00f6rungen k\u00f6nnen auch mit neurologischen Erkrankungen wie...\" \/>\n<meta property=\"og:url\" content=\"https:\/\/www.diagnostik-des-geistes.de\/blog\/autismus-spektrum-storung\/gleichzeitige-stoerungen-mit-autismus\/\" \/>\n<meta property=\"og:site_name\" content=\"Diagnostik des Geistes\" \/>\n<meta property=\"article:published_time\" content=\"2022-11-08T19:22:43+00:00\" \/>\n<meta property=\"article:modified_time\" content=\"2022-11-08T19:44:44+00:00\" \/>\n<meta property=\"og:image\" content=\"https:\/\/www.diagnostik-des-geistes.de\/blog\/wp-content\/uploads\/2022\/11\/du_de_baner.jpg\" \/>\n\t<meta property=\"og:image:width\" content=\"840\" \/>\n\t<meta property=\"og:image:height\" content=\"420\" \/>\n\t<meta property=\"og:image:type\" content=\"image\/jpeg\" \/>\n<meta name=\"twitter:card\" content=\"summary_large_image\" \/>\n<meta name=\"twitter:label1\" content=\"Verfasst von\" \/>\n\t<meta name=\"twitter:data1\" content=\"Diagnostik Geistes\" \/>\n\t<meta name=\"twitter:label2\" content=\"Gesch\u00e4tzte Lesezeit\" \/>\n\t<meta name=\"twitter:data2\" content=\"1 Minute\" \/>\n<script type=\"application\/ld+json\" class=\"yoast-schema-graph\">{\"@context\":\"https:\/\/schema.org\",\"@graph\":[{\"@type\":\"Organization\",\"@id\":\"https:\/\/www.diagnostik-des-geistes.de\/blog\/#organization\",\"name\":\"Diagnostik des Geistes\",\"url\":\"https:\/\/www.diagnostik-des-geistes.de\/blog\/\",\"sameAs\":[],\"logo\":{\"@type\":\"ImageObject\",\"@id\":\"https:\/\/www.diagnostik-des-geistes.de\/blog\/#logo\",\"inLanguage\":\"de-DE\",\"url\":\"https:\/\/www.diagnostik-des-geistes.de\/blog\/wp-content\/uploads\/2022\/02\/Diagnostik-des-Geistes.png\",\"contentUrl\":\"https:\/\/www.diagnostik-des-geistes.de\/blog\/wp-content\/uploads\/2022\/02\/Diagnostik-des-Geistes.png\",\"width\":282,\"height\":92,\"caption\":\"Diagnostik des Geistes\"},\"image\":{\"@id\":\"https:\/\/www.diagnostik-des-geistes.de\/blog\/#logo\"}},{\"@type\":\"WebSite\",\"@id\":\"https:\/\/www.diagnostik-des-geistes.de\/blog\/#website\",\"url\":\"https:\/\/www.diagnostik-des-geistes.de\/blog\/\",\"name\":\"Diagnostik des Geistes\",\"description\":\"Blog \u00fcber psychische St\u00f6rungen\",\"publisher\":{\"@id\":\"https:\/\/www.diagnostik-des-geistes.de\/blog\/#organization\"},\"potentialAction\":[{\"@type\":\"SearchAction\",\"target\":{\"@type\":\"EntryPoint\",\"urlTemplate\":\"https:\/\/www.diagnostik-des-geistes.de\/blog\/?s={search_term_string}\"},\"query-input\":\"required name=search_term_string\"}],\"inLanguage\":\"de-DE\"},{\"@type\":\"ImageObject\",\"@id\":\"https:\/\/www.diagnostik-des-geistes.de\/blog\/autismus-spektrum-storung\/gleichzeitige-stoerungen-mit-autismus\/#primaryimage\",\"inLanguage\":\"de-DE\",\"url\":\"https:\/\/www.diagnostik-des-geistes.de\/blog\/wp-content\/uploads\/2022\/11\/du_de_baner.jpg\",\"contentUrl\":\"https:\/\/www.diagnostik-des-geistes.de\/blog\/wp-content\/uploads\/2022\/11\/du_de_baner.jpg\",\"width\":840,\"height\":420,\"caption\":\"Grundlegende Informationen \u00fcber das Autismus-Spektrum\"},{\"@type\":\"WebPage\",\"@id\":\"https:\/\/www.diagnostik-des-geistes.de\/blog\/autismus-spektrum-storung\/gleichzeitige-stoerungen-mit-autismus\/#webpage\",\"url\":\"https:\/\/www.diagnostik-des-geistes.de\/blog\/autismus-spektrum-storung\/gleichzeitige-stoerungen-mit-autismus\/\",\"name\":\"Gleichzeitige St\u00f6rungen mit Autismus - Diagnostik des Geistes\",\"isPartOf\":{\"@id\":\"https:\/\/www.diagnostik-des-geistes.de\/blog\/#website\"},\"primaryImageOfPage\":{\"@id\":\"https:\/\/www.diagnostik-des-geistes.de\/blog\/autismus-spektrum-storung\/gleichzeitige-stoerungen-mit-autismus\/#primaryimage\"},\"datePublished\":\"2022-11-08T19:22:43+00:00\",\"dateModified\":\"2022-11-08T19:44:44+00:00\",\"breadcrumb\":{\"@id\":\"https:\/\/www.diagnostik-des-geistes.de\/blog\/autismus-spektrum-storung\/gleichzeitige-stoerungen-mit-autismus\/#breadcrumb\"},\"inLanguage\":\"de-DE\",\"potentialAction\":[{\"@type\":\"ReadAction\",\"target\":[\"https:\/\/www.diagnostik-des-geistes.de\/blog\/autismus-spektrum-storung\/gleichzeitige-stoerungen-mit-autismus\/\"]}]},{\"@type\":\"BreadcrumbList\",\"@id\":\"https:\/\/www.diagnostik-des-geistes.de\/blog\/autismus-spektrum-storung\/gleichzeitige-stoerungen-mit-autismus\/#breadcrumb\",\"itemListElement\":[{\"@type\":\"ListItem\",\"position\":1,\"name\":\"Homepage\",\"item\":\"https:\/\/www.diagnostik-des-geistes.de\/blog\/\"},{\"@type\":\"ListItem\",\"position\":2,\"name\":\"Autismus\",\"item\":\"https:\/\/www.diagnostik-des-geistes.de\/blog\/autismus-spektrum-storung\/\"},{\"@type\":\"ListItem\",\"position\":3,\"name\":\"Gleichzeitige St\u00f6rungen mit Autismus\"}]},{\"@type\":\"Article\",\"@id\":\"https:\/\/www.diagnostik-des-geistes.de\/blog\/autismus-spektrum-storung\/gleichzeitige-stoerungen-mit-autismus\/#article\",\"isPartOf\":{\"@id\":\"https:\/\/www.diagnostik-des-geistes.de\/blog\/autismus-spektrum-storung\/gleichzeitige-stoerungen-mit-autismus\/#webpage\"},\"author\":{\"@id\":\"https:\/\/www.diagnostik-des-geistes.de\/blog\/#\/schema\/person\/8eb1bcaf59fea75c780c11946f4e3490\"},\"headline\":\"Gleichzeitige St\u00f6rungen mit Autismus\",\"datePublished\":\"2022-11-08T19:22:43+00:00\",\"dateModified\":\"2022-11-08T19:44:44+00:00\",\"mainEntityOfPage\":{\"@id\":\"https:\/\/www.diagnostik-des-geistes.de\/blog\/autismus-spektrum-storung\/gleichzeitige-stoerungen-mit-autismus\/#webpage\"},\"wordCount\":144,\"publisher\":{\"@id\":\"https:\/\/www.diagnostik-des-geistes.de\/blog\/#organization\"},\"image\":{\"@id\":\"https:\/\/www.diagnostik-des-geistes.de\/blog\/autismus-spektrum-storung\/gleichzeitige-stoerungen-mit-autismus\/#primaryimage\"},\"thumbnailUrl\":\"https:\/\/www.diagnostik-des-geistes.de\/blog\/wp-content\/uploads\/2022\/11\/du_de_baner.jpg\",\"articleSection\":[\"Autismus-Spektrum-St\u00f6rung\"],\"inLanguage\":\"de-DE\"},{\"@type\":\"Person\",\"@id\":\"https:\/\/www.diagnostik-des-geistes.de\/blog\/#\/schema\/person\/8eb1bcaf59fea75c780c11946f4e3490\",\"name\":\"Diagnostik Geistes\",\"image\":{\"@type\":\"ImageObject\",\"@id\":\"https:\/\/www.diagnostik-des-geistes.de\/blog\/#personlogo\",\"inLanguage\":\"de-DE\",\"url\":\"https:\/\/secure.gravatar.com\/avatar\/6743211f010801ea26aa9423a2daab37?s=96&d=mm&r=g\",\"contentUrl\":\"https:\/\/secure.gravatar.com\/avatar\/6743211f010801ea26aa9423a2daab37?s=96&d=mm&r=g\",\"caption\":\"Diagnostik Geistes\"},\"sameAs\":[\"https:\/\/www.diagnostik-des-geistes.de\/blog\"],\"url\":\"https:\/\/www.diagnostik-des-geistes.de\/blog\/author\/diagnostyka-umyslu\/\"}]}<\/script>\n<!-- \/ Yoast SEO plugin. -->","yoast_head_json":{"title":"Gleichzeitige St\u00f6rungen mit Autismus - Diagnostik des Geistes","robots":{"index":"index","follow":"follow","max-snippet":"max-snippet:-1","max-image-preview":"max-image-preview:large","max-video-preview":"max-video-preview:-1"},"canonical":"https:\/\/www.diagnostik-des-geistes.de\/blog\/autismus-spektrum-storung\/gleichzeitige-stoerungen-mit-autismus\/","og_locale":"de_DE","og_type":"article","og_title":"Gleichzeitige St\u00f6rungen mit Autismus - Diagnostik des Geistes","og_description":"Autismus ist durch eine hohe Komorbidit\u00e4t gekennzeichnet. Er wird am h\u00e4ufigsten begleitet von: angstst\u00f6rungen; stimmungsst\u00f6rungen schlafst\u00f6rungen; ADHD (Aufmerksamkeitsdefizit-Hyperaktivit\u00e4tsst\u00f6rung). Autismus-Spektrum-St\u00f6rungen k\u00f6nnen auch mit neurologischen Erkrankungen wie...","og_url":"https:\/\/www.diagnostik-des-geistes.de\/blog\/autismus-spektrum-storung\/gleichzeitige-stoerungen-mit-autismus\/","og_site_name":"Diagnostik des Geistes","article_published_time":"2022-11-08T19:22:43+00:00","article_modified_time":"2022-11-08T19:44:44+00:00","og_image":[{"width":840,"height":420,"url":"https:\/\/www.diagnostik-des-geistes.de\/blog\/wp-content\/uploads\/2022\/11\/du_de_baner.jpg","type":"image\/jpeg"}],"twitter_card":"summary_large_image","twitter_misc":{"Verfasst von":"Diagnostik Geistes","Gesch\u00e4tzte Lesezeit":"1 Minute"},"schema":{"@context":"https:\/\/schema.org","@graph":[{"@type":"Organization","@id":"https:\/\/www.diagnostik-des-geistes.de\/blog\/#organization","name":"Diagnostik des Geistes","url":"https:\/\/www.diagnostik-des-geistes.de\/blog\/","sameAs":[],"logo":{"@type":"ImageObject","@id":"https:\/\/www.diagnostik-des-geistes.de\/blog\/#logo","inLanguage":"de-DE","url":"https:\/\/www.diagnostik-des-geistes.de\/blog\/wp-content\/uploads\/2022\/02\/Diagnostik-des-Geistes.png","contentUrl":"https:\/\/www.diagnostik-des-geistes.de\/blog\/wp-content\/uploads\/2022\/02\/Diagnostik-des-Geistes.png","width":282,"height":92,"caption":"Diagnostik des Geistes"},"image":{"@id":"https:\/\/www.diagnostik-des-geistes.de\/blog\/#logo"}},{"@type":"WebSite","@id":"https:\/\/www.diagnostik-des-geistes.de\/blog\/#website","url":"https:\/\/www.diagnostik-des-geistes.de\/blog\/","name":"Diagnostik des Geistes","description":"Blog \u00fcber psychische St\u00f6rungen","publisher":{"@id":"https:\/\/www.diagnostik-des-geistes.de\/blog\/#organization"},"potentialAction":[{"@type":"SearchAction","target":{"@type":"EntryPoint","urlTemplate":"https:\/\/www.diagnostik-des-geistes.de\/blog\/?s={search_term_string}"},"query-input":"required name=search_term_string"}],"inLanguage":"de-DE"},{"@type":"ImageObject","@id":"https:\/\/www.diagnostik-des-geistes.de\/blog\/autismus-spektrum-storung\/gleichzeitige-stoerungen-mit-autismus\/#primaryimage","inLanguage":"de-DE","url":"https:\/\/www.diagnostik-des-geistes.de\/blog\/wp-content\/uploads\/2022\/11\/du_de_baner.jpg","contentUrl":"https:\/\/www.diagnostik-des-geistes.de\/blog\/wp-content\/uploads\/2022\/11\/du_de_baner.jpg","width":840,"height":420,"caption":"Grundlegende Informationen \u00fcber das Autismus-Spektrum"},{"@type":"WebPage","@id":"https:\/\/www.diagnostik-des-geistes.de\/blog\/autismus-spektrum-storung\/gleichzeitige-stoerungen-mit-autismus\/#webpage","url":"https:\/\/www.diagnostik-des-geistes.de\/blog\/autismus-spektrum-storung\/gleichzeitige-stoerungen-mit-autismus\/","name":"Gleichzeitige St\u00f6rungen mit Autismus - Diagnostik des Geistes","isPartOf":{"@id":"https:\/\/www.diagnostik-des-geistes.de\/blog\/#website"},"primaryImageOfPage":{"@id":"https:\/\/www.diagnostik-des-geistes.de\/blog\/autismus-spektrum-storung\/gleichzeitige-stoerungen-mit-autismus\/#primaryimage"},"datePublished":"2022-11-08T19:22:43+00:00","dateModified":"2022-11-08T19:44:44+00:00","breadcrumb":{"@id":"https:\/\/www.diagnostik-des-geistes.de\/blog\/autismus-spektrum-storung\/gleichzeitige-stoerungen-mit-autismus\/#breadcrumb"},"inLanguage":"de-DE","potentialAction":[{"@type":"ReadAction","target":["https:\/\/www.diagnostik-des-geistes.de\/blog\/autismus-spektrum-storung\/gleichzeitige-stoerungen-mit-autismus\/"]}]},{"@type":"BreadcrumbList","@id":"https:\/\/www.diagnostik-des-geistes.de\/blog\/autismus-spektrum-storung\/gleichzeitige-stoerungen-mit-autismus\/#breadcrumb","itemListElement":[{"@type":"ListItem","position":1,"name":"Homepage","item":"https:\/\/www.diagnostik-des-geistes.de\/blog\/"},{"@type":"ListItem","position":2,"name":"Autismus","item":"https:\/\/www.diagnostik-des-geistes.de\/blog\/autismus-spektrum-storung\/"},{"@type":"ListItem","position":3,"name":"Gleichzeitige St\u00f6rungen mit Autismus"}]},{"@type":"Article","@id":"https:\/\/www.diagnostik-des-geistes.de\/blog\/autismus-spektrum-storung\/gleichzeitige-stoerungen-mit-autismus\/#article","isPartOf":{"@id":"https:\/\/www.diagnostik-des-geistes.de\/blog\/autismus-spektrum-storung\/gleichzeitige-stoerungen-mit-autismus\/#webpage"},"author":{"@id":"https:\/\/www.diagnostik-des-geistes.de\/blog\/#\/schema\/person\/8eb1bcaf59fea75c780c11946f4e3490"},"headline":"Gleichzeitige St\u00f6rungen mit Autismus","datePublished":"2022-11-08T19:22:43+00:00","dateModified":"2022-11-08T19:44:44+00:00","mainEntityOfPage":{"@id":"https:\/\/www.diagnostik-des-geistes.de\/blog\/autismus-spektrum-storung\/gleichzeitige-stoerungen-mit-autismus\/#webpage"},"wordCount":144,"publisher":{"@id":"https:\/\/www.diagnostik-des-geistes.de\/blog\/#organization"},"image":{"@id":"https:\/\/www.diagnostik-des-geistes.de\/blog\/autismus-spektrum-storung\/gleichzeitige-stoerungen-mit-autismus\/#primaryimage"},"thumbnailUrl":"https:\/\/www.diagnostik-des-geistes.de\/blog\/wp-content\/uploads\/2022\/11\/du_de_baner.jpg","articleSection":["Autismus-Spektrum-St\u00f6rung"],"inLanguage":"de-DE"},{"@type":"Person","@id":"https:\/\/www.diagnostik-des-geistes.de\/blog\/#\/schema\/person\/8eb1bcaf59fea75c780c11946f4e3490","name":"Diagnostik Geistes","image":{"@type":"ImageObject","@id":"https:\/\/www.diagnostik-des-geistes.de\/blog\/#personlogo","inLanguage":"de-DE","url":"https:\/\/secure.gravatar.com\/avatar\/6743211f010801ea26aa9423a2daab37?s=96&d=mm&r=g","contentUrl":"https:\/\/secure.gravatar.com\/avatar\/6743211f010801ea26aa9423a2daab37?s=96&d=mm&r=g","caption":"Diagnostik Geistes"},"sameAs":["https:\/\/www.diagnostik-des-geistes.de\/blog"],"url":"https:\/\/www.diagnostik-des-geistes.de\/blog\/author\/diagnostyka-umyslu\/"}]}},"amp_enabled":true,"_links":{"self":[{"href":"https:\/\/www.diagnostik-des-geistes.de\/blog\/wp-json\/wp\/v2\/posts\/1776"}],"collection":[{"href":"https:\/\/www.diagnostik-des-geistes.de\/blog\/wp-json\/wp\/v2\/posts"}],"about":[{"href":"https:\/\/www.diagnostik-des-geistes.de\/blog\/wp-json\/wp\/v2\/types\/post"}],"author":[{"embeddable":true,"href":"https:\/\/www.diagnostik-des-geistes.de\/blog\/wp-json\/wp\/v2\/users\/1"}],"replies":[{"embeddable":true,"href":"https:\/\/www.diagnostik-des-geistes.de\/blog\/wp-json\/wp\/v2\/comments?post=1776"}],"version-history":[{"count":4,"href":"https:\/\/www.diagnostik-des-geistes.de\/blog\/wp-json\/wp\/v2\/posts\/1776\/revisions"}],"predecessor-version":[{"id":1816,"href":"https:\/\/www.diagnostik-des-geistes.de\/blog\/wp-json\/wp\/v2\/posts\/1776\/revisions\/1816"}],"wp:featuredmedia":[{"embeddable":true,"href":"https:\/\/www.diagnostik-des-geistes.de\/blog\/wp-json\/wp\/v2\/media\/1792"}],"wp:attachment":[{"href":"https:\/\/www.diagnostik-des-geistes.de\/blog\/wp-json\/wp\/v2\/media?parent=1776"}],"wp:term":[{"taxonomy":"category","embeddable":true,"href":"https:\/\/www.diagnostik-des-geistes.de\/blog\/wp-json\/wp\/v2\/categories?post=1776"},{"taxonomy":"post_tag","embeddable":true,"href":"https:\/\/www.diagnostik-des-geistes.de\/blog\/wp-json\/wp\/v2\/tags?post=1776"}],"curies":[{"name":"wp","href":"https:\/\/api.w.org\/{rel}","templated":true}]}}