{"id":1663,"date":"2022-11-11T12:36:35","date_gmt":"2022-11-11T11:36:35","guid":{"rendered":"https:\/\/www.diagnostik-des-geistes.de\/blog\/bez-kategorii\/adhd-is-increasingly-being-diagnosed-in-adults-what-symptoms-are-indicative-of-the-disorder\/"},"modified":"2022-11-12T13:04:19","modified_gmt":"2022-11-12T12:04:19","slug":"adhs-wird-zunehmend-auch-bei-erwachsenen-diagnostiziert","status":"publish","type":"post","link":"https:\/\/www.diagnostik-des-geistes.de\/blog\/adhs-adhd\/adhs-wird-zunehmend-auch-bei-erwachsenen-diagnostiziert\/","title":{"rendered":"ADHS wird zunehmend auch bei Erwachsenen diagnostiziert. Welche Symptome deuten auf die St\u00f6rung hin?"},"content":{"rendered":"<p>Viele Menschen bemerken an sich selbst Verhaltensweisen, die es ihnen schwer machen, im Alltag zu funktionieren. Sie haben Probleme, sich zu konzentrieren, verlieren Dinge, vergessen immer wieder Dinge, f\u00fchlen sich innerlich \u00e4ngstlich und haben das Gef\u00fchl, die Realit\u00e4t nicht erfassen zu k\u00f6nnen. Die Ursache f\u00fcr diese Schwierigkeiten kann ADHS sein, das nicht nur eine Kinderkrankheit ist. Die Psychologin Sabine Bernau, die ADHS-Patienten behandelt, erkl\u00e4rt, wie ihr Alltag aussieht und welche Herausforderungen sie zu bew\u00e4ltigen haben. Im Folgenden finden Sie Ausz\u00fcge aus ihrem Buch &#8216;<strong>ADHS bei Erwachsenen<\/strong>&#8216;. &#8220;Im Folgenden finden Sie Ausz\u00fcge aus ihrem Buch &#8216;ADHS bei Erwachsenen&#8217;.<\/p>\n<ul>\n<li>ADHS ist eine St\u00f6rung, mit der bis zu 6 Prozent der erwachsenen Bev\u00f6lkerung zu k\u00e4mpfen haben<\/li>\n<li>Zu den charakteristischen <a href=\"https:\/\/www.diagnostik-des-geistes.de\/adhs-test\">Symptomen von ADHS<\/a> geh\u00f6ren Konzentrations- und Aufmerksamkeitsst\u00f6rungen, h\u00e4ufige Vergesslichkeit, mangelndes Zeitmanagement und mangelnde Planungsf\u00e4higkeit sowie motorische Hyperaktivit\u00e4t<\/li>\n<li>Diese Symptome treten nicht unbedingt zusammen auf und sind auch mehr oder weniger stark ausgepr\u00e4gt<\/li>\n<li>Das Auftreten von ADHS wird durch biologische Faktoren bestimmt, der Betroffene hat keine Kontrolle \u00fcber das Auftreten der St\u00f6rung<\/li>\n<li>Die ADHS-Therapie findet unter der Aufsicht eines Psychologen und Psychiaters statt<\/li>\n<\/ul>\n<h4>Der Alltag von Erwachsenen mit ADHS<\/h4>\n<p>Dies ist die letzte Chance. Die zerknitterten Seiten seiner Doktorarbeit liegen vor ihm auf dem Tisch. Markus H. will endlich zum Ende kommen. Er muss es sogar. An der Universit\u00e4t hat er bereits alle Aufschubm\u00f6glichkeiten ausgesch\u00f6pft &#8211; wenn er die fertige Arbeit nicht bis n\u00e4chsten Freitag um Mitternacht in den Briefkasten der Universit\u00e4t wirft, verliert er alles. Markus hat sein zwanzigstes Semester erreicht &#8211; wenn er seine Arbeit nicht rechtzeitig abgibt, droht ihm die Streichung von der Studentenliste. Nerv\u00f6s bl\u00e4ttert er durch das Manuskript. Noch drei Tage, dann ist es vorbei! Er schiebt die Ordner zur Seite. Er ruft zuerst Marga an, sie kann ihn ermutigen wie niemand sonst. Im Fernsehen l\u00e4uft eine Sendung, Markus sieht sie aus dem Augenwinkel. Und \u00fcberhaupt, er braucht erst einmal etwas zu trinken. Drau\u00dfen vor dem Fenster macht ein M\u00fcllwagen L\u00e4rm. Es ist schwer, sich an die Arbeit zu machen. Das kann nur Hanna passieren. Wie immer! Die 36-j\u00e4hrige Frau, eine Expertin von Beruf, wird immer wieder vom Pech heimgesucht. Sie versagt in ihrem Job. Zu Hause: das Schlachtfeld. Beruflich: kurz vor der Katastrophe. Partner: nach kurzer Zeit auf der Flucht. Hanna lebt im Chaos &#8211; \u00e4u\u00dferlich und innerlich. Sie kann sich nur mit M\u00fche konzentrieren und f\u00fcr kurze Zeit langweilt sie alles. Sie hat eine scharfe Zunge und kann sie nicht im Zaum halten. Das gef\u00e4llt ihren Kollegen bei der Arbeit nicht. Sie wurde bereits von ihrem Chef getadelt. Wenn das so weitergeht&#8230; Petra kann nicht stillsitzen, sie dreht sich herum, schwankt in ihrem Stuhl, trommelt mit den Fingern auf dem Tisch, h\u00f6rt nicht zu, was zu ihr gesagt wird, wird gereizt, stellt mitten in einer Rede nerv\u00f6se Fragen. Selbst in der Schule sa\u00df sie immer in einer separaten Bank. Seit seiner Kindheit lebt Stefan in einem verwirrenden Tempo und niemand kann mit ihm mithalten. Selbst die Tatsache, dass er hochbegabt ist, hat ihm keinen Gefallen getan. Er \u00e4rgerte alle um ihn herum und wurde selbst aus jedem Grund w\u00fctend. Er hat das Auto, das sein Vater ihm gekauft hat, &#8220;kaputt gemacht&#8221;. Ohne seine Eltern h\u00e4tte er \u00fcberhaupt nichts geschafft. Sie unterst\u00fctzen ihn und f\u00f6rdern seine sportlichen F\u00e4higkeiten, denn das ist es, was er wirklich gut kann. Stefan hat keine Ahnung, was er in Zukunft werden will. Markus, Hanna, Petra und Stefan wissen bereits, was mit ihnen geschieht. Ihr Leiden ist auf ADHS &#8211; Aufmerksamkeitsdefizit-Hyperaktivit\u00e4tsst\u00f6rung &#8211; zur\u00fcckzuf\u00fchren. Dieses Syndrom von Symptomen, das von der Weltgesundheitsorganisation (WHO) benannt und definiert wurde, ist heute die h\u00e4ufigste neurobiologische St\u00f6rung bei Kindern und Jugendlichen. Und was passiert danach? W\u00e4chst man daraus heraus? &#8220;Leider nein&#8221;, sagt Dr. B., der mit vielen jungen Menschen arbeitet. &#8220;Viele Erwachsene leiden unter ADHS, es h\u00e4lt von der fr\u00fchen Kindheit bis ins hohe Alter an. Wenn die Menschen \u00e4lter werden, lernen sie, damit zu leben, was als ein Abklingen der Symptome angesehen wird.&#8221; Offenbar geschieht dies jedoch nicht sehr oft, wie die Zahl der Patienten zeigt, die ihn aufsuchen.<\/p>\n<h4>Wenn das &#8216;Zappeln&#8217; zunimmt&#8230;.<\/h4>\n<p>Heinrich Hoffmann beschrieb das &#8220;Zappeln&#8221; bereits 1845. Diese Beschreibung ist eine Quasi-Metapher f\u00fcr ein Kind mit einer Konzentrationsst\u00f6rung, das hyperaktiv und impulsiv ist. Dieser Kinderarzt und Neurologe stellte in seinem Kinderbuch die vielen Nuancen und Formen von ADHS bei den J\u00fcngsten vor. Sein Struwwelpeter wurde in der Absicht geschrieben, der damaligen \u00d6ffentlichkeit die h\u00e4ufigsten psychischen Erkrankungen und Verhaltensst\u00f6rungen bei Kindern vorzustellen. Dr. Hoffmann wusste, wovon er schrieb, denn in seiner t\u00e4glichen Arbeit mit Kindern hatte er oft die Gelegenheit, die beschriebenen Ph\u00e4nomene zu beobachten. Seitdem sind mehr als 170 Jahre vergangen. Dennoch begegnen uns immer noch Kinder wie Pawel der Verr\u00fcckte, Dyzio der Tr\u00e4umer, Kasia, die an blaue Mandeln denkt oder der freche Karolek. Dank der modernen Forschung haben wir heute jedoch ein klareres Bild und mehr Wissen \u00fcber die Ursachen und den Verlauf der St\u00f6rung. Auch au\u00dferhalb des Bereichs der klinischen Forschung, unter \u00c4rzten, Psychiatern und Psychologen, wird das Wissen \u00fcber ADHS immer weiter verbreitet. In vielen F\u00e4llen sind diese Spezialisten in der Lage, Menschen mit ADHS kompetent zu helfen. Eltern von Kindern wie Pawel, dem Verr\u00fcckten, oder Kasia, der Denkerin mit den blauen Mandeln, greifen zu B\u00fcchern und besuchen Vortr\u00e4ge und Seminare \u00fcber ADHS. Bestehende Selbsthilfegruppen schaffen hilfreiche Diskussionsforen, bieten Hilfe und neue Informationen. Das Internet bietet wunderbar zusammengestelltes Expertenwissen \u00fcber ADHS, das in komprimierter Form vermittelt wird &#8211; zudem ist es Wissen, das laufend erg\u00e4nzt und organisiert wird &#8211; oft unerkannt. Nach Expertensch\u00e4tzungen leiden jedoch bis zu 6 Prozent der erwachsenen Bev\u00f6lkerung an mehr oder weniger st\u00f6renden ADHS-Symptomen. Zu diesen 6 Prozent geh\u00f6ren nach US-Angaben viele amerikanische K\u00fcnstler, Politiker, Manager und Journalisten (in den USA ist das Bild von ADHS bei Erwachsenen schon lange bekannt). Heute wissen wir, dass bei etwa einem Drittel der ADHS-Patienten die St\u00f6rung nach der Pubert\u00e4t an Intensit\u00e4t verliert und daher im Erwachsenenalter keine Therapie erforderlich ist. Bei etwa zwei Dritteln bleibt die St\u00f6rung jedoch bestehen, ebenso wie St\u00f6rungen, die eine Folge von ADHS sind, das in der Kindheit unbehandelt blieb, und die behandelt werden sollten. F\u00fcr Kinder und Jugendliche steht eine Reihe von qualifizierten Therapeuten zur Verf\u00fcgung, aber f\u00fcr Erwachsene ist es schwierig, einen Spezialisten zu finden. Mit Entfernungen und langen Wartezeiten f\u00fcr Termine muss gerechnet werden.<\/p>\n<h4>Die Wurzel von ADHS ist die Biologie<\/h4>\n<p>Ohne die entsprechenden Filter und blockierenden Prozesse unseres Gehirns w\u00e4ren wir orientierungslos und handlungsunf\u00e4hig. Wir w\u00e4ren von der Dominanz irrelevanter Reize gegen\u00fcber wichtigen bedroht. Der Denkprozess w\u00e4re chaotisch und abrupt. Wir w\u00e4ren nicht in der Lage, zielgerichtet zu handeln und Entscheidungen zu treffen. Aufgrund des gleichzeitigen Zustroms von Sinneseindr\u00fccken w\u00e4re unsere Konzentration stark beeintr\u00e4chtigt. Das Gehirn kann nur auf der Grundlage einer gezielten Auswahl relevanter Reize lernen. Die Tatsache, dass das Gehirn die F\u00e4higkeit zum Lernen besitzt, ist f\u00fcr jeden Menschen von enormer Bedeutung. Wenn Sie sich zum Beispiel die Information merken k\u00f6nnen: &#8220;Bevor Sie die Stra\u00dfe \u00fcberqueren, schauen Sie nach links und rechts&#8221; im Langzeitged\u00e4chtnis zu speichern, bedeutet direkt die F\u00e4higkeit, im Stra\u00dfenverkehr zu \u00fcberleben. Bei ADHS liegt eine St\u00f6rung in der Selektion von Daten in relevant und irrelevant vor. Dies f\u00fchrt zu unzureichender Konzentration, leicht ablenkbarer Aufmerksamkeit und Vergesslichkeit. ADHS entsteht nicht durch die eine oder andere Lebenssituation, seine Entstehung wird durch biologische Faktoren bestimmt.<\/p>\n<h4>Axiale Symptome aus einer n\u00e4heren Perspektive<\/h4>\n<p><strong>Kind \/ Jugendlicher \/ Erwachsener<\/strong><\/p>\n<ul>\n<li>bemerkt oft keine Details oder \u00fcbersieht Dinge, wenn er verschiedene Aktivit\u00e4ten ausf\u00fchrt;<\/li>\n<li>hat Schwierigkeiten, die Aufmerksamkeit bei l\u00e4ngerer Arbeit oder beim Spielen aufrechtzuerhalten;<\/li>\n<li>scheint nicht zu h\u00f6ren, wenn man ihn\/sie anspricht;<\/li>\n<li>f\u00fchrt die ihm\/ihr gestellten Aufgaben oft nicht vollst\u00e4ndig aus und ist nicht in der Lage, sie abzuschlie\u00dfen<\/li>\n<li>scheint einen Text nur oberfl\u00e4chlich zu lesen<\/li>\n<li>hat Schwierigkeiten, die ihm\/ihr gestellten Aufgaben zu Ende zu f\u00fchren;<\/li>\n<li>vergisst oft und h\u00e4lt vereinbarte Fristen nicht ein;<\/li>\n<li>hat oft Probleme, seine Aufgaben und seine Arbeit zu organisieren;<\/li>\n<li>verabscheut Aufgaben, die eine l\u00e4ngere geistige Anstrengung erfordern;<\/li>\n<li>verliert oder vergisst oft Gegenst\u00e4nde, die f\u00fcr die Ausf\u00fchrung bestimmter Aufgaben oder Aktivit\u00e4ten notwendig sind;<\/li>\n<li>l\u00e4sst sich durch \u00e4u\u00dfere Reize ablenken;<\/li>\n<li>vergisst manchmal Dinge im Zusammenhang mit allt\u00e4glichen Aktivit\u00e4ten.<\/li>\n<\/ul>\n<h4>Bei Erwachsenen sind die folgenden Symptome besonders auff\u00e4llig:<\/h4>\n<ul>\n<li>unf\u00e4higkeit, die Aufmerksamkeit auf Aufgaben zu richten, schnelle Ablenkung;<\/li>\n<li>schwierigkeiten bei der Befolgung von Regeln aufgrund von impulsivem Handeln;<\/li>\n<li>unzureichend entwickelte Einsicht und Verst\u00e4ndnis f\u00fcr das eigene Verhalten;<\/li>\n<li>schwierigkeiten bei der Zusammenarbeit mit anderen, die sich auf ein handlungsorientiertes Funktionsmuster st\u00fctzen, was oft auf Kosten von Fehlern geht;<\/li>\n<li>unter Symptomen leiden;<\/li>\n<li>ihre Leistungen stehen oft in keinem Verh\u00e4ltnis zu ihren M\u00f6glichkeiten im beruflichen oder gesellschaftlichen Leben.<\/li>\n<\/ul>\n<h4>Diagnose bei Erwachsenen<\/h4>\n<p>ADHS verursacht keine \u00e4u\u00dferlichen Anzeichen und kann daher nicht durch einen Test mit einem medizinischen Ger\u00e4t nachgewiesen werden. Daher ist es \u00e4u\u00dferst schwierig, die Krankheit zu diagnostizieren. Bei ADHS haben wir es immer mit einer so genannten symptomatischen Diagnose zu tun. Das bedeutet, dass sie klinisch auf der Grundlage der von der diagnostizierenden Person beschriebenen oder beobachteten Symptome gestellt wird. In den meisten F\u00e4llen werden keine (medizinischen, psychologischen oder apparativen) Testverfahren eingesetzt, um eine Diagnose ohne den geringsten Zweifel zu stellen, obwohl dies manchmal angezeigt ist, wenn Symptome berichtet werden, die m\u00f6glicherweise nicht auf ADHS zur\u00fcckzuf\u00fchren sind (Differenzierung). Deshalb wird einer soliden Pr\u00fcfung aller verf\u00fcgbaren Daten so gro\u00dfe Bedeutung beigemessen. Die beste L\u00f6sung ist in diesem Fall eine enge Zusammenarbeit zwischen verschiedenen Spezialisten (Psychiatern, Psychologen, Neurologen, Psychotherapeuten). Die Erstellung einer genauen Diagnose ist sehr arbeitsintensiv und erfordert viele Arbeitsstunden (viele Besuche). Neben der Anamnese, dem Lebenslauf, speziellen Tests (Aufmerksamkeit, Konzentrationsf\u00e4higkeit oder Intelligenz) spielen auch die Berichte von Freunden, Partnern, Eltern und Geschwistern eine gro\u00dfe Rolle. Schulzeugnisse geben Aufschluss \u00fcber m\u00f6gliche Verhaltensauff\u00e4lligkeiten, die bereits in der Kindheit aufgetreten sein k\u00f6nnen.<\/p>\n<hr \/>\n<p>\u0179r\u00f3d\u0142o<\/p>\n<ul>\n<li><em>https:\/\/www.medonet.pl\/choroby-od-a-do-z\/choroby-i-zaburzenia-psychiczne,adhd-coraz-czesciej-diagnozowane-jest-u-doroslych&#8211;jakie-objawy-swiadcza-o-zaburzeniu-,artykul,71585664.html<\/em><\/li>\n<\/ul>\n","protected":false},"excerpt":{"rendered":"<p>Viele Menschen bemerken an sich selbst Verhaltensweisen, die es ihnen schwer machen, im Alltag zu funktionieren. Sie haben Probleme, sich zu konzentrieren, verlieren Dinge, vergessen&#8230;<\/p>\n","protected":false},"author":1,"featured_media":1758,"comment_status":"closed","ping_status":"open","sticky":false,"template":"","format":"standard","meta":{"inline_featured_image":false},"categories":[37],"tags":[],"yoast_head":"<!-- This site is optimized with the Yoast SEO plugin v18.1 - https:\/\/yoast.com\/wordpress\/plugins\/seo\/ -->\n<title>ADHS wird zunehmend auch bei Erwachsenen diagnostiziert. Welche Symptome deuten auf die St\u00f6rung hin? - Diagnostik des Geistes<\/title>\n<meta name=\"robots\" content=\"index, follow, max-snippet:-1, max-image-preview:large, max-video-preview:-1\" \/>\n<link rel=\"canonical\" href=\"https:\/\/www.diagnostik-des-geistes.de\/blog\/adhs-adhd\/adhs-wird-zunehmend-auch-bei-erwachsenen-diagnostiziert\/\" \/>\n<meta property=\"og:locale\" content=\"de_DE\" \/>\n<meta property=\"og:type\" content=\"article\" \/>\n<meta property=\"og:title\" content=\"ADHS wird zunehmend auch bei Erwachsenen diagnostiziert. Welche Symptome deuten auf die St\u00f6rung hin? - Diagnostik des Geistes\" \/>\n<meta property=\"og:description\" content=\"Viele Menschen bemerken an sich selbst Verhaltensweisen, die es ihnen schwer machen, im Alltag zu funktionieren. Sie haben Probleme, sich zu konzentrieren, verlieren Dinge, vergessen...\" \/>\n<meta property=\"og:url\" content=\"https:\/\/www.diagnostik-des-geistes.de\/blog\/adhs-adhd\/adhs-wird-zunehmend-auch-bei-erwachsenen-diagnostiziert\/\" \/>\n<meta property=\"og:site_name\" content=\"Diagnostik des Geistes\" \/>\n<meta property=\"article:published_time\" content=\"2022-11-11T11:36:35+00:00\" \/>\n<meta property=\"article:modified_time\" content=\"2022-11-12T12:04:19+00:00\" \/>\n<meta name=\"twitter:card\" content=\"summary_large_image\" \/>\n<meta name=\"twitter:image\" content=\"https:\/\/www.diagnostik-des-geistes.de\/blog\/wp-content\/uploads\/2022\/11\/13.webp\" \/>\n<meta name=\"twitter:label1\" content=\"Verfasst von\" \/>\n\t<meta name=\"twitter:data1\" content=\"Diagnostik Geistes\" \/>\n\t<meta name=\"twitter:label2\" content=\"Gesch\u00e4tzte Lesezeit\" \/>\n\t<meta name=\"twitter:data2\" content=\"9 Minuten\" \/>\n<script type=\"application\/ld+json\" class=\"yoast-schema-graph\">{\"@context\":\"https:\/\/schema.org\",\"@graph\":[{\"@type\":\"Organization\",\"@id\":\"https:\/\/www.diagnostik-des-geistes.de\/blog\/#organization\",\"name\":\"Diagnostik des Geistes\",\"url\":\"https:\/\/www.diagnostik-des-geistes.de\/blog\/\",\"sameAs\":[],\"logo\":{\"@type\":\"ImageObject\",\"@id\":\"https:\/\/www.diagnostik-des-geistes.de\/blog\/#logo\",\"inLanguage\":\"de-DE\",\"url\":\"https:\/\/www.diagnostik-des-geistes.de\/blog\/wp-content\/uploads\/2022\/02\/Diagnostik-des-Geistes.png\",\"contentUrl\":\"https:\/\/www.diagnostik-des-geistes.de\/blog\/wp-content\/uploads\/2022\/02\/Diagnostik-des-Geistes.png\",\"width\":282,\"height\":92,\"caption\":\"Diagnostik des Geistes\"},\"image\":{\"@id\":\"https:\/\/www.diagnostik-des-geistes.de\/blog\/#logo\"}},{\"@type\":\"WebSite\",\"@id\":\"https:\/\/www.diagnostik-des-geistes.de\/blog\/#website\",\"url\":\"https:\/\/www.diagnostik-des-geistes.de\/blog\/\",\"name\":\"Diagnostik des Geistes\",\"description\":\"Blog \u00fcber psychische St\u00f6rungen\",\"publisher\":{\"@id\":\"https:\/\/www.diagnostik-des-geistes.de\/blog\/#organization\"},\"potentialAction\":[{\"@type\":\"SearchAction\",\"target\":{\"@type\":\"EntryPoint\",\"urlTemplate\":\"https:\/\/www.diagnostik-des-geistes.de\/blog\/?s={search_term_string}\"},\"query-input\":\"required name=search_term_string\"}],\"inLanguage\":\"de-DE\"},{\"@type\":\"ImageObject\",\"@id\":\"https:\/\/www.diagnostik-des-geistes.de\/blog\/adhs-adhd\/adhs-wird-zunehmend-auch-bei-erwachsenen-diagnostiziert\/#primaryimage\",\"inLanguage\":\"de-DE\",\"url\":\"https:\/\/www.diagnostik-des-geistes.de\/blog\/wp-content\/uploads\/2022\/11\/13.webp\",\"contentUrl\":\"https:\/\/www.diagnostik-des-geistes.de\/blog\/wp-content\/uploads\/2022\/11\/13.webp\",\"width\":770,\"height\":401},{\"@type\":\"WebPage\",\"@id\":\"https:\/\/www.diagnostik-des-geistes.de\/blog\/adhs-adhd\/adhs-wird-zunehmend-auch-bei-erwachsenen-diagnostiziert\/#webpage\",\"url\":\"https:\/\/www.diagnostik-des-geistes.de\/blog\/adhs-adhd\/adhs-wird-zunehmend-auch-bei-erwachsenen-diagnostiziert\/\",\"name\":\"ADHS wird zunehmend auch bei Erwachsenen diagnostiziert. Welche Symptome deuten auf die St\u00f6rung hin? - Diagnostik des Geistes\",\"isPartOf\":{\"@id\":\"https:\/\/www.diagnostik-des-geistes.de\/blog\/#website\"},\"primaryImageOfPage\":{\"@id\":\"https:\/\/www.diagnostik-des-geistes.de\/blog\/adhs-adhd\/adhs-wird-zunehmend-auch-bei-erwachsenen-diagnostiziert\/#primaryimage\"},\"datePublished\":\"2022-11-11T11:36:35+00:00\",\"dateModified\":\"2022-11-12T12:04:19+00:00\",\"breadcrumb\":{\"@id\":\"https:\/\/www.diagnostik-des-geistes.de\/blog\/adhs-adhd\/adhs-wird-zunehmend-auch-bei-erwachsenen-diagnostiziert\/#breadcrumb\"},\"inLanguage\":\"de-DE\",\"potentialAction\":[{\"@type\":\"ReadAction\",\"target\":[\"https:\/\/www.diagnostik-des-geistes.de\/blog\/adhs-adhd\/adhs-wird-zunehmend-auch-bei-erwachsenen-diagnostiziert\/\"]}]},{\"@type\":\"BreadcrumbList\",\"@id\":\"https:\/\/www.diagnostik-des-geistes.de\/blog\/adhs-adhd\/adhs-wird-zunehmend-auch-bei-erwachsenen-diagnostiziert\/#breadcrumb\",\"itemListElement\":[{\"@type\":\"ListItem\",\"position\":1,\"name\":\"Homepage\",\"item\":\"https:\/\/www.diagnostik-des-geistes.de\/blog\/\"},{\"@type\":\"ListItem\",\"position\":2,\"name\":\"ADHS \/ ADHD\",\"item\":\"https:\/\/www.diagnostik-des-geistes.de\/blog\/adhs-adhd\/\"},{\"@type\":\"ListItem\",\"position\":3,\"name\":\"Erwachsenen\"}]},{\"@type\":\"Article\",\"@id\":\"https:\/\/www.diagnostik-des-geistes.de\/blog\/adhs-adhd\/adhs-wird-zunehmend-auch-bei-erwachsenen-diagnostiziert\/#article\",\"isPartOf\":{\"@id\":\"https:\/\/www.diagnostik-des-geistes.de\/blog\/adhs-adhd\/adhs-wird-zunehmend-auch-bei-erwachsenen-diagnostiziert\/#webpage\"},\"author\":{\"@id\":\"https:\/\/www.diagnostik-des-geistes.de\/blog\/#\/schema\/person\/8eb1bcaf59fea75c780c11946f4e3490\"},\"headline\":\"ADHS wird zunehmend auch bei Erwachsenen diagnostiziert. Welche Symptome deuten auf die St\u00f6rung hin?\",\"datePublished\":\"2022-11-11T11:36:35+00:00\",\"dateModified\":\"2022-11-12T12:04:19+00:00\",\"mainEntityOfPage\":{\"@id\":\"https:\/\/www.diagnostik-des-geistes.de\/blog\/adhs-adhd\/adhs-wird-zunehmend-auch-bei-erwachsenen-diagnostiziert\/#webpage\"},\"wordCount\":1755,\"publisher\":{\"@id\":\"https:\/\/www.diagnostik-des-geistes.de\/blog\/#organization\"},\"image\":{\"@id\":\"https:\/\/www.diagnostik-des-geistes.de\/blog\/adhs-adhd\/adhs-wird-zunehmend-auch-bei-erwachsenen-diagnostiziert\/#primaryimage\"},\"thumbnailUrl\":\"https:\/\/www.diagnostik-des-geistes.de\/blog\/wp-content\/uploads\/2022\/11\/13.webp\",\"articleSection\":[\"ADHS \/ ADHD\"],\"inLanguage\":\"de-DE\"},{\"@type\":\"Person\",\"@id\":\"https:\/\/www.diagnostik-des-geistes.de\/blog\/#\/schema\/person\/8eb1bcaf59fea75c780c11946f4e3490\",\"name\":\"Diagnostik Geistes\",\"image\":{\"@type\":\"ImageObject\",\"@id\":\"https:\/\/www.diagnostik-des-geistes.de\/blog\/#personlogo\",\"inLanguage\":\"de-DE\",\"url\":\"https:\/\/secure.gravatar.com\/avatar\/6743211f010801ea26aa9423a2daab37?s=96&d=mm&r=g\",\"contentUrl\":\"https:\/\/secure.gravatar.com\/avatar\/6743211f010801ea26aa9423a2daab37?s=96&d=mm&r=g\",\"caption\":\"Diagnostik Geistes\"},\"sameAs\":[\"https:\/\/www.diagnostik-des-geistes.de\/blog\"],\"url\":\"https:\/\/www.diagnostik-des-geistes.de\/blog\/author\/diagnostyka-umyslu\/\"}]}<\/script>\n<!-- \/ Yoast SEO plugin. -->","yoast_head_json":{"title":"ADHS wird zunehmend auch bei Erwachsenen diagnostiziert. Welche Symptome deuten auf die St\u00f6rung hin? - Diagnostik des Geistes","robots":{"index":"index","follow":"follow","max-snippet":"max-snippet:-1","max-image-preview":"max-image-preview:large","max-video-preview":"max-video-preview:-1"},"canonical":"https:\/\/www.diagnostik-des-geistes.de\/blog\/adhs-adhd\/adhs-wird-zunehmend-auch-bei-erwachsenen-diagnostiziert\/","og_locale":"de_DE","og_type":"article","og_title":"ADHS wird zunehmend auch bei Erwachsenen diagnostiziert. Welche Symptome deuten auf die St\u00f6rung hin? - Diagnostik des Geistes","og_description":"Viele Menschen bemerken an sich selbst Verhaltensweisen, die es ihnen schwer machen, im Alltag zu funktionieren. Sie haben Probleme, sich zu konzentrieren, verlieren Dinge, vergessen...","og_url":"https:\/\/www.diagnostik-des-geistes.de\/blog\/adhs-adhd\/adhs-wird-zunehmend-auch-bei-erwachsenen-diagnostiziert\/","og_site_name":"Diagnostik des Geistes","article_published_time":"2022-11-11T11:36:35+00:00","article_modified_time":"2022-11-12T12:04:19+00:00","twitter_card":"summary_large_image","twitter_image":"https:\/\/www.diagnostik-des-geistes.de\/blog\/wp-content\/uploads\/2022\/11\/13.webp","twitter_misc":{"Verfasst von":"Diagnostik Geistes","Gesch\u00e4tzte Lesezeit":"9 Minuten"},"schema":{"@context":"https:\/\/schema.org","@graph":[{"@type":"Organization","@id":"https:\/\/www.diagnostik-des-geistes.de\/blog\/#organization","name":"Diagnostik des Geistes","url":"https:\/\/www.diagnostik-des-geistes.de\/blog\/","sameAs":[],"logo":{"@type":"ImageObject","@id":"https:\/\/www.diagnostik-des-geistes.de\/blog\/#logo","inLanguage":"de-DE","url":"https:\/\/www.diagnostik-des-geistes.de\/blog\/wp-content\/uploads\/2022\/02\/Diagnostik-des-Geistes.png","contentUrl":"https:\/\/www.diagnostik-des-geistes.de\/blog\/wp-content\/uploads\/2022\/02\/Diagnostik-des-Geistes.png","width":282,"height":92,"caption":"Diagnostik des Geistes"},"image":{"@id":"https:\/\/www.diagnostik-des-geistes.de\/blog\/#logo"}},{"@type":"WebSite","@id":"https:\/\/www.diagnostik-des-geistes.de\/blog\/#website","url":"https:\/\/www.diagnostik-des-geistes.de\/blog\/","name":"Diagnostik des Geistes","description":"Blog \u00fcber psychische St\u00f6rungen","publisher":{"@id":"https:\/\/www.diagnostik-des-geistes.de\/blog\/#organization"},"potentialAction":[{"@type":"SearchAction","target":{"@type":"EntryPoint","urlTemplate":"https:\/\/www.diagnostik-des-geistes.de\/blog\/?s={search_term_string}"},"query-input":"required name=search_term_string"}],"inLanguage":"de-DE"},{"@type":"ImageObject","@id":"https:\/\/www.diagnostik-des-geistes.de\/blog\/adhs-adhd\/adhs-wird-zunehmend-auch-bei-erwachsenen-diagnostiziert\/#primaryimage","inLanguage":"de-DE","url":"https:\/\/www.diagnostik-des-geistes.de\/blog\/wp-content\/uploads\/2022\/11\/13.webp","contentUrl":"https:\/\/www.diagnostik-des-geistes.de\/blog\/wp-content\/uploads\/2022\/11\/13.webp","width":770,"height":401},{"@type":"WebPage","@id":"https:\/\/www.diagnostik-des-geistes.de\/blog\/adhs-adhd\/adhs-wird-zunehmend-auch-bei-erwachsenen-diagnostiziert\/#webpage","url":"https:\/\/www.diagnostik-des-geistes.de\/blog\/adhs-adhd\/adhs-wird-zunehmend-auch-bei-erwachsenen-diagnostiziert\/","name":"ADHS wird zunehmend auch bei Erwachsenen diagnostiziert. Welche Symptome deuten auf die St\u00f6rung hin? - Diagnostik des Geistes","isPartOf":{"@id":"https:\/\/www.diagnostik-des-geistes.de\/blog\/#website"},"primaryImageOfPage":{"@id":"https:\/\/www.diagnostik-des-geistes.de\/blog\/adhs-adhd\/adhs-wird-zunehmend-auch-bei-erwachsenen-diagnostiziert\/#primaryimage"},"datePublished":"2022-11-11T11:36:35+00:00","dateModified":"2022-11-12T12:04:19+00:00","breadcrumb":{"@id":"https:\/\/www.diagnostik-des-geistes.de\/blog\/adhs-adhd\/adhs-wird-zunehmend-auch-bei-erwachsenen-diagnostiziert\/#breadcrumb"},"inLanguage":"de-DE","potentialAction":[{"@type":"ReadAction","target":["https:\/\/www.diagnostik-des-geistes.de\/blog\/adhs-adhd\/adhs-wird-zunehmend-auch-bei-erwachsenen-diagnostiziert\/"]}]},{"@type":"BreadcrumbList","@id":"https:\/\/www.diagnostik-des-geistes.de\/blog\/adhs-adhd\/adhs-wird-zunehmend-auch-bei-erwachsenen-diagnostiziert\/#breadcrumb","itemListElement":[{"@type":"ListItem","position":1,"name":"Homepage","item":"https:\/\/www.diagnostik-des-geistes.de\/blog\/"},{"@type":"ListItem","position":2,"name":"ADHS \/ ADHD","item":"https:\/\/www.diagnostik-des-geistes.de\/blog\/adhs-adhd\/"},{"@type":"ListItem","position":3,"name":"Erwachsenen"}]},{"@type":"Article","@id":"https:\/\/www.diagnostik-des-geistes.de\/blog\/adhs-adhd\/adhs-wird-zunehmend-auch-bei-erwachsenen-diagnostiziert\/#article","isPartOf":{"@id":"https:\/\/www.diagnostik-des-geistes.de\/blog\/adhs-adhd\/adhs-wird-zunehmend-auch-bei-erwachsenen-diagnostiziert\/#webpage"},"author":{"@id":"https:\/\/www.diagnostik-des-geistes.de\/blog\/#\/schema\/person\/8eb1bcaf59fea75c780c11946f4e3490"},"headline":"ADHS wird zunehmend auch bei Erwachsenen diagnostiziert. Welche Symptome deuten auf die St\u00f6rung hin?","datePublished":"2022-11-11T11:36:35+00:00","dateModified":"2022-11-12T12:04:19+00:00","mainEntityOfPage":{"@id":"https:\/\/www.diagnostik-des-geistes.de\/blog\/adhs-adhd\/adhs-wird-zunehmend-auch-bei-erwachsenen-diagnostiziert\/#webpage"},"wordCount":1755,"publisher":{"@id":"https:\/\/www.diagnostik-des-geistes.de\/blog\/#organization"},"image":{"@id":"https:\/\/www.diagnostik-des-geistes.de\/blog\/adhs-adhd\/adhs-wird-zunehmend-auch-bei-erwachsenen-diagnostiziert\/#primaryimage"},"thumbnailUrl":"https:\/\/www.diagnostik-des-geistes.de\/blog\/wp-content\/uploads\/2022\/11\/13.webp","articleSection":["ADHS \/ ADHD"],"inLanguage":"de-DE"},{"@type":"Person","@id":"https:\/\/www.diagnostik-des-geistes.de\/blog\/#\/schema\/person\/8eb1bcaf59fea75c780c11946f4e3490","name":"Diagnostik Geistes","image":{"@type":"ImageObject","@id":"https:\/\/www.diagnostik-des-geistes.de\/blog\/#personlogo","inLanguage":"de-DE","url":"https:\/\/secure.gravatar.com\/avatar\/6743211f010801ea26aa9423a2daab37?s=96&d=mm&r=g","contentUrl":"https:\/\/secure.gravatar.com\/avatar\/6743211f010801ea26aa9423a2daab37?s=96&d=mm&r=g","caption":"Diagnostik Geistes"},"sameAs":["https:\/\/www.diagnostik-des-geistes.de\/blog"],"url":"https:\/\/www.diagnostik-des-geistes.de\/blog\/author\/diagnostyka-umyslu\/"}]}},"amp_enabled":true,"_links":{"self":[{"href":"https:\/\/www.diagnostik-des-geistes.de\/blog\/wp-json\/wp\/v2\/posts\/1663"}],"collection":[{"href":"https:\/\/www.diagnostik-des-geistes.de\/blog\/wp-json\/wp\/v2\/posts"}],"about":[{"href":"https:\/\/www.diagnostik-des-geistes.de\/blog\/wp-json\/wp\/v2\/types\/post"}],"author":[{"embeddable":true,"href":"https:\/\/www.diagnostik-des-geistes.de\/blog\/wp-json\/wp\/v2\/users\/1"}],"replies":[{"embeddable":true,"href":"https:\/\/www.diagnostik-des-geistes.de\/blog\/wp-json\/wp\/v2\/comments?post=1663"}],"version-history":[{"count":3,"href":"https:\/\/www.diagnostik-des-geistes.de\/blog\/wp-json\/wp\/v2\/posts\/1663\/revisions"}],"predecessor-version":[{"id":1760,"href":"https:\/\/www.diagnostik-des-geistes.de\/blog\/wp-json\/wp\/v2\/posts\/1663\/revisions\/1760"}],"wp:featuredmedia":[{"embeddable":true,"href":"https:\/\/www.diagnostik-des-geistes.de\/blog\/wp-json\/wp\/v2\/media\/1758"}],"wp:attachment":[{"href":"https:\/\/www.diagnostik-des-geistes.de\/blog\/wp-json\/wp\/v2\/media?parent=1663"}],"wp:term":[{"taxonomy":"category","embeddable":true,"href":"https:\/\/www.diagnostik-des-geistes.de\/blog\/wp-json\/wp\/v2\/categories?post=1663"},{"taxonomy":"post_tag","embeddable":true,"href":"https:\/\/www.diagnostik-des-geistes.de\/blog\/wp-json\/wp\/v2\/tags?post=1663"}],"curies":[{"name":"wp","href":"https:\/\/api.w.org\/{rel}","templated":true}]}}