{"id":1661,"date":"2022-11-11T12:36:35","date_gmt":"2022-11-11T11:36:35","guid":{"rendered":"https:\/\/www.diagnostik-des-geistes.de\/blog\/bez-kategorii\/adhd-in-childhood-may-be-linked-to-obesity-in-adulthood\/"},"modified":"2022-11-12T13:04:11","modified_gmt":"2022-11-12T12:04:11","slug":"adhs-in-der-kindheit-kann-mit-fettleibigkeit-im-erwachsenenalter-verbunden-sein","status":"publish","type":"post","link":"https:\/\/www.diagnostik-des-geistes.de\/blog\/adhs-adhd\/adhs-in-der-kindheit-kann-mit-fettleibigkeit-im-erwachsenenalter-verbunden-sein\/","title":{"rendered":"ADHS in der Kindheit kann mit Fettleibigkeit im Erwachsenenalter verbunden sein"},"content":{"rendered":"<blockquote><p>Menschen mit ADHS-Symptomen in der Kindheit neigen in der Zukunft m\u00f6glicherweise eher zu Problemen mit Fettleibigkeit, berichtet das International Journal of Obesity.<\/p><\/blockquote>\n<p>Zu diesem Ergebnis kamen Forscher der Duke University in North Carolina, nachdem sie die Daten von mehr als 11.500 Amerikanern untersucht hatten, die an einer staatlichen Studie teilgenommen hatten, die 1995 begann. Die Befragten besuchten zu dieser Zeit weiterf\u00fchrende Schulen. Wie die Autoren der Studie betonen, beweisen diese Ergebnisse nicht, dass die Aufmerksamkeitsdefizit-Hyperaktivit\u00e4tsst\u00f6rung per se das Risiko f\u00fcr Fettleibigkeit erh\u00f6ht, sondern best\u00e4tigen vielmehr mehrere fr\u00fchere, kleinere Studien, die auf einen h\u00f6heren Prozentsatz von Fettleibigkeit bei <a href=\"https:\/\/www.diagnostik-des-geistes.de\/adhs-test\">Erwachsenen mit ADHS<\/a> hinwiesen. Eine m\u00f6gliche Erkl\u00e4rung, so die Forscher, ist, dass die Neigung zu impulsivem Verhalten, die f\u00fcr ADHS charakteristisch ist, gleichzeitig eine unkontrollierte Gewichtszunahme f\u00f6rdern kann. Dar\u00fcber hinaus sind sowohl ADHS als auch Fettleibigkeit mit einem geringeren Dopaminspiegel im Gehirn verbunden, was bedeutet, dass das f\u00fcr Motivation und Verhaltenskontrolle verantwortliche Belohnungssystem beeintr\u00e4chtigt ist. Bei den Erwachsenen, die im Alter von f\u00fcnf bis 12 Jahren drei oder mehr ADHS-Symptome (vor allem Impulsivit\u00e4t und Hyperaktivit\u00e4t) aufwiesen, wurde im Alter von etwa 30 Jahren bei 41 Prozent Fettleibigkeit diagnostiziert (im Vergleich zu 34 Prozent derjenigen, die in der Kindheit keine derartigen Symptome aufwiesen). Als die Forscher jedoch auch andere Faktoren ber\u00fccksichtigten, wie z. B. das Ausma\u00df der k\u00f6rperlichen Aktivit\u00e4t der Probanden, etwaige Symptome von Depressionen oder Rauchen, stellten sie fest, dass diejenigen mit ADHS ein bis zu 50 Prozent h\u00f6heres Risiko f\u00fcr Fettleibigkeit hatten. (PAP)<\/p>\n<hr \/>\n<p>Quelle<\/p>\n<ul>\n<li><em>https:\/\/www.medonet.pl\/zdrowie\/wiadomosci,adhd-w-dziecinstwie-moze-byc-zwiazane-z-otyloscia-w-wieku-doroslym,artykul,1631063.html<\/em><\/li>\n<\/ul>\n","protected":false},"excerpt":{"rendered":"<p>Menschen mit ADHS-Symptomen in der Kindheit neigen in der Zukunft m\u00f6glicherweise eher zu Problemen mit Fettleibigkeit, berichtet das International Journal of Obesity. Zu diesem Ergebnis&#8230;<\/p>\n","protected":false},"author":1,"featured_media":1723,"comment_status":"closed","ping_status":"open","sticky":false,"template":"","format":"standard","meta":{"inline_featured_image":false},"categories":[37],"tags":[],"yoast_head":"<!-- This site is optimized with the Yoast SEO plugin v18.1 - https:\/\/yoast.com\/wordpress\/plugins\/seo\/ -->\n<title>ADHS in der Kindheit kann mit Fettleibigkeit im Erwachsenenalter verbunden sein - Diagnostik des Geistes<\/title>\n<meta name=\"robots\" content=\"index, follow, max-snippet:-1, max-image-preview:large, max-video-preview:-1\" \/>\n<link rel=\"canonical\" href=\"https:\/\/www.diagnostik-des-geistes.de\/blog\/adhs-adhd\/adhs-in-der-kindheit-kann-mit-fettleibigkeit-im-erwachsenenalter-verbunden-sein\/\" \/>\n<meta property=\"og:locale\" content=\"de_DE\" \/>\n<meta property=\"og:type\" content=\"article\" \/>\n<meta property=\"og:title\" content=\"ADHS in der Kindheit kann mit Fettleibigkeit im Erwachsenenalter verbunden sein - Diagnostik des Geistes\" \/>\n<meta property=\"og:description\" content=\"Menschen mit ADHS-Symptomen in der Kindheit neigen in der Zukunft m\u00f6glicherweise eher zu Problemen mit Fettleibigkeit, berichtet das International Journal of Obesity. Zu diesem Ergebnis...\" \/>\n<meta property=\"og:url\" content=\"https:\/\/www.diagnostik-des-geistes.de\/blog\/adhs-adhd\/adhs-in-der-kindheit-kann-mit-fettleibigkeit-im-erwachsenenalter-verbunden-sein\/\" \/>\n<meta property=\"og:site_name\" content=\"Diagnostik des Geistes\" \/>\n<meta property=\"article:published_time\" content=\"2022-11-11T11:36:35+00:00\" \/>\n<meta property=\"article:modified_time\" content=\"2022-11-12T12:04:11+00:00\" \/>\n<meta name=\"twitter:card\" content=\"summary_large_image\" \/>\n<meta name=\"twitter:image\" content=\"https:\/\/www.diagnostik-des-geistes.de\/blog\/wp-content\/uploads\/2022\/11\/3-1.webp\" \/>\n<meta name=\"twitter:label1\" content=\"Verfasst von\" \/>\n\t<meta name=\"twitter:data1\" content=\"Diagnostik Geistes\" \/>\n\t<meta name=\"twitter:label2\" content=\"Gesch\u00e4tzte Lesezeit\" \/>\n\t<meta name=\"twitter:data2\" content=\"2 Minuten\" \/>\n<script type=\"application\/ld+json\" class=\"yoast-schema-graph\">{\"@context\":\"https:\/\/schema.org\",\"@graph\":[{\"@type\":\"Organization\",\"@id\":\"https:\/\/www.diagnostik-des-geistes.de\/blog\/#organization\",\"name\":\"Diagnostik des Geistes\",\"url\":\"https:\/\/www.diagnostik-des-geistes.de\/blog\/\",\"sameAs\":[],\"logo\":{\"@type\":\"ImageObject\",\"@id\":\"https:\/\/www.diagnostik-des-geistes.de\/blog\/#logo\",\"inLanguage\":\"de-DE\",\"url\":\"https:\/\/www.diagnostik-des-geistes.de\/blog\/wp-content\/uploads\/2022\/02\/Diagnostik-des-Geistes.png\",\"contentUrl\":\"https:\/\/www.diagnostik-des-geistes.de\/blog\/wp-content\/uploads\/2022\/02\/Diagnostik-des-Geistes.png\",\"width\":282,\"height\":92,\"caption\":\"Diagnostik des Geistes\"},\"image\":{\"@id\":\"https:\/\/www.diagnostik-des-geistes.de\/blog\/#logo\"}},{\"@type\":\"WebSite\",\"@id\":\"https:\/\/www.diagnostik-des-geistes.de\/blog\/#website\",\"url\":\"https:\/\/www.diagnostik-des-geistes.de\/blog\/\",\"name\":\"Diagnostik des Geistes\",\"description\":\"Blog \u00fcber psychische St\u00f6rungen\",\"publisher\":{\"@id\":\"https:\/\/www.diagnostik-des-geistes.de\/blog\/#organization\"},\"potentialAction\":[{\"@type\":\"SearchAction\",\"target\":{\"@type\":\"EntryPoint\",\"urlTemplate\":\"https:\/\/www.diagnostik-des-geistes.de\/blog\/?s={search_term_string}\"},\"query-input\":\"required name=search_term_string\"}],\"inLanguage\":\"de-DE\"},{\"@type\":\"ImageObject\",\"@id\":\"https:\/\/www.diagnostik-des-geistes.de\/blog\/adhs-adhd\/adhs-in-der-kindheit-kann-mit-fettleibigkeit-im-erwachsenenalter-verbunden-sein\/#primaryimage\",\"inLanguage\":\"de-DE\",\"url\":\"https:\/\/www.diagnostik-des-geistes.de\/blog\/wp-content\/uploads\/2022\/11\/3-1.webp\",\"contentUrl\":\"https:\/\/www.diagnostik-des-geistes.de\/blog\/wp-content\/uploads\/2022\/11\/3-1.webp\",\"width\":769,\"height\":397},{\"@type\":\"WebPage\",\"@id\":\"https:\/\/www.diagnostik-des-geistes.de\/blog\/adhs-adhd\/adhs-in-der-kindheit-kann-mit-fettleibigkeit-im-erwachsenenalter-verbunden-sein\/#webpage\",\"url\":\"https:\/\/www.diagnostik-des-geistes.de\/blog\/adhs-adhd\/adhs-in-der-kindheit-kann-mit-fettleibigkeit-im-erwachsenenalter-verbunden-sein\/\",\"name\":\"ADHS in der Kindheit kann mit Fettleibigkeit im Erwachsenenalter verbunden sein - Diagnostik des Geistes\",\"isPartOf\":{\"@id\":\"https:\/\/www.diagnostik-des-geistes.de\/blog\/#website\"},\"primaryImageOfPage\":{\"@id\":\"https:\/\/www.diagnostik-des-geistes.de\/blog\/adhs-adhd\/adhs-in-der-kindheit-kann-mit-fettleibigkeit-im-erwachsenenalter-verbunden-sein\/#primaryimage\"},\"datePublished\":\"2022-11-11T11:36:35+00:00\",\"dateModified\":\"2022-11-12T12:04:11+00:00\",\"breadcrumb\":{\"@id\":\"https:\/\/www.diagnostik-des-geistes.de\/blog\/adhs-adhd\/adhs-in-der-kindheit-kann-mit-fettleibigkeit-im-erwachsenenalter-verbunden-sein\/#breadcrumb\"},\"inLanguage\":\"de-DE\",\"potentialAction\":[{\"@type\":\"ReadAction\",\"target\":[\"https:\/\/www.diagnostik-des-geistes.de\/blog\/adhs-adhd\/adhs-in-der-kindheit-kann-mit-fettleibigkeit-im-erwachsenenalter-verbunden-sein\/\"]}]},{\"@type\":\"BreadcrumbList\",\"@id\":\"https:\/\/www.diagnostik-des-geistes.de\/blog\/adhs-adhd\/adhs-in-der-kindheit-kann-mit-fettleibigkeit-im-erwachsenenalter-verbunden-sein\/#breadcrumb\",\"itemListElement\":[{\"@type\":\"ListItem\",\"position\":1,\"name\":\"Homepage\",\"item\":\"https:\/\/www.diagnostik-des-geistes.de\/blog\/\"},{\"@type\":\"ListItem\",\"position\":2,\"name\":\"ADHS \/ ADHD\",\"item\":\"https:\/\/www.diagnostik-des-geistes.de\/blog\/adhs-adhd\/\"},{\"@type\":\"ListItem\",\"position\":3,\"name\":\"ADHS in der Kindheit kann mit Fettleibigkeit im Erwachsenenalter verbunden sein\"}]},{\"@type\":\"Article\",\"@id\":\"https:\/\/www.diagnostik-des-geistes.de\/blog\/adhs-adhd\/adhs-in-der-kindheit-kann-mit-fettleibigkeit-im-erwachsenenalter-verbunden-sein\/#article\",\"isPartOf\":{\"@id\":\"https:\/\/www.diagnostik-des-geistes.de\/blog\/adhs-adhd\/adhs-in-der-kindheit-kann-mit-fettleibigkeit-im-erwachsenenalter-verbunden-sein\/#webpage\"},\"author\":{\"@id\":\"https:\/\/www.diagnostik-des-geistes.de\/blog\/#\/schema\/person\/8eb1bcaf59fea75c780c11946f4e3490\"},\"headline\":\"ADHS in der Kindheit kann mit Fettleibigkeit im Erwachsenenalter verbunden sein\",\"datePublished\":\"2022-11-11T11:36:35+00:00\",\"dateModified\":\"2022-11-12T12:04:11+00:00\",\"mainEntityOfPage\":{\"@id\":\"https:\/\/www.diagnostik-des-geistes.de\/blog\/adhs-adhd\/adhs-in-der-kindheit-kann-mit-fettleibigkeit-im-erwachsenenalter-verbunden-sein\/#webpage\"},\"wordCount\":279,\"publisher\":{\"@id\":\"https:\/\/www.diagnostik-des-geistes.de\/blog\/#organization\"},\"image\":{\"@id\":\"https:\/\/www.diagnostik-des-geistes.de\/blog\/adhs-adhd\/adhs-in-der-kindheit-kann-mit-fettleibigkeit-im-erwachsenenalter-verbunden-sein\/#primaryimage\"},\"thumbnailUrl\":\"https:\/\/www.diagnostik-des-geistes.de\/blog\/wp-content\/uploads\/2022\/11\/3-1.webp\",\"articleSection\":[\"ADHS \/ ADHD\"],\"inLanguage\":\"de-DE\"},{\"@type\":\"Person\",\"@id\":\"https:\/\/www.diagnostik-des-geistes.de\/blog\/#\/schema\/person\/8eb1bcaf59fea75c780c11946f4e3490\",\"name\":\"Diagnostik Geistes\",\"image\":{\"@type\":\"ImageObject\",\"@id\":\"https:\/\/www.diagnostik-des-geistes.de\/blog\/#personlogo\",\"inLanguage\":\"de-DE\",\"url\":\"https:\/\/secure.gravatar.com\/avatar\/6743211f010801ea26aa9423a2daab37?s=96&d=mm&r=g\",\"contentUrl\":\"https:\/\/secure.gravatar.com\/avatar\/6743211f010801ea26aa9423a2daab37?s=96&d=mm&r=g\",\"caption\":\"Diagnostik Geistes\"},\"sameAs\":[\"https:\/\/www.diagnostik-des-geistes.de\/blog\"],\"url\":\"https:\/\/www.diagnostik-des-geistes.de\/blog\/author\/diagnostyka-umyslu\/\"}]}<\/script>\n<!-- \/ Yoast SEO plugin. -->","yoast_head_json":{"title":"ADHS in der Kindheit kann mit Fettleibigkeit im Erwachsenenalter verbunden sein - Diagnostik des Geistes","robots":{"index":"index","follow":"follow","max-snippet":"max-snippet:-1","max-image-preview":"max-image-preview:large","max-video-preview":"max-video-preview:-1"},"canonical":"https:\/\/www.diagnostik-des-geistes.de\/blog\/adhs-adhd\/adhs-in-der-kindheit-kann-mit-fettleibigkeit-im-erwachsenenalter-verbunden-sein\/","og_locale":"de_DE","og_type":"article","og_title":"ADHS in der Kindheit kann mit Fettleibigkeit im Erwachsenenalter verbunden sein - Diagnostik des Geistes","og_description":"Menschen mit ADHS-Symptomen in der Kindheit neigen in der Zukunft m\u00f6glicherweise eher zu Problemen mit Fettleibigkeit, berichtet das International Journal of Obesity. Zu diesem Ergebnis...","og_url":"https:\/\/www.diagnostik-des-geistes.de\/blog\/adhs-adhd\/adhs-in-der-kindheit-kann-mit-fettleibigkeit-im-erwachsenenalter-verbunden-sein\/","og_site_name":"Diagnostik des Geistes","article_published_time":"2022-11-11T11:36:35+00:00","article_modified_time":"2022-11-12T12:04:11+00:00","twitter_card":"summary_large_image","twitter_image":"https:\/\/www.diagnostik-des-geistes.de\/blog\/wp-content\/uploads\/2022\/11\/3-1.webp","twitter_misc":{"Verfasst von":"Diagnostik Geistes","Gesch\u00e4tzte Lesezeit":"2 Minuten"},"schema":{"@context":"https:\/\/schema.org","@graph":[{"@type":"Organization","@id":"https:\/\/www.diagnostik-des-geistes.de\/blog\/#organization","name":"Diagnostik des Geistes","url":"https:\/\/www.diagnostik-des-geistes.de\/blog\/","sameAs":[],"logo":{"@type":"ImageObject","@id":"https:\/\/www.diagnostik-des-geistes.de\/blog\/#logo","inLanguage":"de-DE","url":"https:\/\/www.diagnostik-des-geistes.de\/blog\/wp-content\/uploads\/2022\/02\/Diagnostik-des-Geistes.png","contentUrl":"https:\/\/www.diagnostik-des-geistes.de\/blog\/wp-content\/uploads\/2022\/02\/Diagnostik-des-Geistes.png","width":282,"height":92,"caption":"Diagnostik des Geistes"},"image":{"@id":"https:\/\/www.diagnostik-des-geistes.de\/blog\/#logo"}},{"@type":"WebSite","@id":"https:\/\/www.diagnostik-des-geistes.de\/blog\/#website","url":"https:\/\/www.diagnostik-des-geistes.de\/blog\/","name":"Diagnostik des Geistes","description":"Blog \u00fcber psychische St\u00f6rungen","publisher":{"@id":"https:\/\/www.diagnostik-des-geistes.de\/blog\/#organization"},"potentialAction":[{"@type":"SearchAction","target":{"@type":"EntryPoint","urlTemplate":"https:\/\/www.diagnostik-des-geistes.de\/blog\/?s={search_term_string}"},"query-input":"required name=search_term_string"}],"inLanguage":"de-DE"},{"@type":"ImageObject","@id":"https:\/\/www.diagnostik-des-geistes.de\/blog\/adhs-adhd\/adhs-in-der-kindheit-kann-mit-fettleibigkeit-im-erwachsenenalter-verbunden-sein\/#primaryimage","inLanguage":"de-DE","url":"https:\/\/www.diagnostik-des-geistes.de\/blog\/wp-content\/uploads\/2022\/11\/3-1.webp","contentUrl":"https:\/\/www.diagnostik-des-geistes.de\/blog\/wp-content\/uploads\/2022\/11\/3-1.webp","width":769,"height":397},{"@type":"WebPage","@id":"https:\/\/www.diagnostik-des-geistes.de\/blog\/adhs-adhd\/adhs-in-der-kindheit-kann-mit-fettleibigkeit-im-erwachsenenalter-verbunden-sein\/#webpage","url":"https:\/\/www.diagnostik-des-geistes.de\/blog\/adhs-adhd\/adhs-in-der-kindheit-kann-mit-fettleibigkeit-im-erwachsenenalter-verbunden-sein\/","name":"ADHS in der Kindheit kann mit Fettleibigkeit im Erwachsenenalter verbunden sein - Diagnostik des Geistes","isPartOf":{"@id":"https:\/\/www.diagnostik-des-geistes.de\/blog\/#website"},"primaryImageOfPage":{"@id":"https:\/\/www.diagnostik-des-geistes.de\/blog\/adhs-adhd\/adhs-in-der-kindheit-kann-mit-fettleibigkeit-im-erwachsenenalter-verbunden-sein\/#primaryimage"},"datePublished":"2022-11-11T11:36:35+00:00","dateModified":"2022-11-12T12:04:11+00:00","breadcrumb":{"@id":"https:\/\/www.diagnostik-des-geistes.de\/blog\/adhs-adhd\/adhs-in-der-kindheit-kann-mit-fettleibigkeit-im-erwachsenenalter-verbunden-sein\/#breadcrumb"},"inLanguage":"de-DE","potentialAction":[{"@type":"ReadAction","target":["https:\/\/www.diagnostik-des-geistes.de\/blog\/adhs-adhd\/adhs-in-der-kindheit-kann-mit-fettleibigkeit-im-erwachsenenalter-verbunden-sein\/"]}]},{"@type":"BreadcrumbList","@id":"https:\/\/www.diagnostik-des-geistes.de\/blog\/adhs-adhd\/adhs-in-der-kindheit-kann-mit-fettleibigkeit-im-erwachsenenalter-verbunden-sein\/#breadcrumb","itemListElement":[{"@type":"ListItem","position":1,"name":"Homepage","item":"https:\/\/www.diagnostik-des-geistes.de\/blog\/"},{"@type":"ListItem","position":2,"name":"ADHS \/ ADHD","item":"https:\/\/www.diagnostik-des-geistes.de\/blog\/adhs-adhd\/"},{"@type":"ListItem","position":3,"name":"ADHS in der Kindheit kann mit Fettleibigkeit im Erwachsenenalter verbunden sein"}]},{"@type":"Article","@id":"https:\/\/www.diagnostik-des-geistes.de\/blog\/adhs-adhd\/adhs-in-der-kindheit-kann-mit-fettleibigkeit-im-erwachsenenalter-verbunden-sein\/#article","isPartOf":{"@id":"https:\/\/www.diagnostik-des-geistes.de\/blog\/adhs-adhd\/adhs-in-der-kindheit-kann-mit-fettleibigkeit-im-erwachsenenalter-verbunden-sein\/#webpage"},"author":{"@id":"https:\/\/www.diagnostik-des-geistes.de\/blog\/#\/schema\/person\/8eb1bcaf59fea75c780c11946f4e3490"},"headline":"ADHS in der Kindheit kann mit Fettleibigkeit im Erwachsenenalter verbunden sein","datePublished":"2022-11-11T11:36:35+00:00","dateModified":"2022-11-12T12:04:11+00:00","mainEntityOfPage":{"@id":"https:\/\/www.diagnostik-des-geistes.de\/blog\/adhs-adhd\/adhs-in-der-kindheit-kann-mit-fettleibigkeit-im-erwachsenenalter-verbunden-sein\/#webpage"},"wordCount":279,"publisher":{"@id":"https:\/\/www.diagnostik-des-geistes.de\/blog\/#organization"},"image":{"@id":"https:\/\/www.diagnostik-des-geistes.de\/blog\/adhs-adhd\/adhs-in-der-kindheit-kann-mit-fettleibigkeit-im-erwachsenenalter-verbunden-sein\/#primaryimage"},"thumbnailUrl":"https:\/\/www.diagnostik-des-geistes.de\/blog\/wp-content\/uploads\/2022\/11\/3-1.webp","articleSection":["ADHS \/ ADHD"],"inLanguage":"de-DE"},{"@type":"Person","@id":"https:\/\/www.diagnostik-des-geistes.de\/blog\/#\/schema\/person\/8eb1bcaf59fea75c780c11946f4e3490","name":"Diagnostik Geistes","image":{"@type":"ImageObject","@id":"https:\/\/www.diagnostik-des-geistes.de\/blog\/#personlogo","inLanguage":"de-DE","url":"https:\/\/secure.gravatar.com\/avatar\/6743211f010801ea26aa9423a2daab37?s=96&d=mm&r=g","contentUrl":"https:\/\/secure.gravatar.com\/avatar\/6743211f010801ea26aa9423a2daab37?s=96&d=mm&r=g","caption":"Diagnostik Geistes"},"sameAs":["https:\/\/www.diagnostik-des-geistes.de\/blog"],"url":"https:\/\/www.diagnostik-des-geistes.de\/blog\/author\/diagnostyka-umyslu\/"}]}},"amp_enabled":true,"_links":{"self":[{"href":"https:\/\/www.diagnostik-des-geistes.de\/blog\/wp-json\/wp\/v2\/posts\/1661"}],"collection":[{"href":"https:\/\/www.diagnostik-des-geistes.de\/blog\/wp-json\/wp\/v2\/posts"}],"about":[{"href":"https:\/\/www.diagnostik-des-geistes.de\/blog\/wp-json\/wp\/v2\/types\/post"}],"author":[{"embeddable":true,"href":"https:\/\/www.diagnostik-des-geistes.de\/blog\/wp-json\/wp\/v2\/users\/1"}],"replies":[{"embeddable":true,"href":"https:\/\/www.diagnostik-des-geistes.de\/blog\/wp-json\/wp\/v2\/comments?post=1661"}],"version-history":[{"count":4,"href":"https:\/\/www.diagnostik-des-geistes.de\/blog\/wp-json\/wp\/v2\/posts\/1661\/revisions"}],"predecessor-version":[{"id":1754,"href":"https:\/\/www.diagnostik-des-geistes.de\/blog\/wp-json\/wp\/v2\/posts\/1661\/revisions\/1754"}],"wp:featuredmedia":[{"embeddable":true,"href":"https:\/\/www.diagnostik-des-geistes.de\/blog\/wp-json\/wp\/v2\/media\/1723"}],"wp:attachment":[{"href":"https:\/\/www.diagnostik-des-geistes.de\/blog\/wp-json\/wp\/v2\/media?parent=1661"}],"wp:term":[{"taxonomy":"category","embeddable":true,"href":"https:\/\/www.diagnostik-des-geistes.de\/blog\/wp-json\/wp\/v2\/categories?post=1661"},{"taxonomy":"post_tag","embeddable":true,"href":"https:\/\/www.diagnostik-des-geistes.de\/blog\/wp-json\/wp\/v2\/tags?post=1661"}],"curies":[{"name":"wp","href":"https:\/\/api.w.org\/{rel}","templated":true}]}}