{"id":1650,"date":"2022-11-09T12:36:32","date_gmt":"2022-11-09T11:36:32","guid":{"rendered":"https:\/\/www.diagnostik-des-geistes.de\/blog\/bez-kategorii\/adhd-does-exist\/"},"modified":"2022-11-01T14:57:05","modified_gmt":"2022-11-01T13:57:05","slug":"adhs-gibt-es-wirklich","status":"publish","type":"post","link":"https:\/\/www.diagnostik-des-geistes.de\/blog\/adhs-adhd\/adhs-gibt-es-wirklich\/","title":{"rendered":"ADHS gibt es wirklich"},"content":{"rendered":"<p>Es handelt sich nicht um ein Erziehungsversagen ungezogener Kinder, wie viele Lehrer und sogar Psychologen behaupten. Die Ergebnisse einer niederl\u00e4ndischen Studie lassen keine Illusionen zu: Das Gehirn von <a href=\"https:\/\/www.diagnostik-des-geistes.de\/adhs-test\">ADHS-Betroffenen<\/a> ist etwas kleiner, hat eine andere Struktur und entwickelt sich m\u00f6glicherweise langsamer. &#8211; Jeder Psychiater wei\u00df, dass ADHS eine Krankheit ist. Dennoch ist diese Studie sehr wichtig, vor allem weil die Niederl\u00e4nder sie an einer sehr gro\u00dfen Gruppe von Menschen durchgef\u00fchrt haben, was nicht einfach ist &#8211; kommentiert Professor Piotr Galecki, nationaler Berater f\u00fcr Psychiatrie, den Bericht der angesehenen Zeitschrift &#8216;The Lancet Psychiatry&#8217;. Die Tests wurden an der Radboud Universit\u00e4t in den Niederlanden durchgef\u00fchrt. Sie umfassten 1.713 Teilnehmer mit ADHS und 1.529 gesunde Menschen. Bemerkenswerterweise waren sowohl kleine Kinder als auch Erwachsene darunter &#8211; der j\u00fcngste Teilnehmer der Studie war vier Jahre alt und der \u00e4lteste 63. Die Gehirne aller Teilnehmer wurden mittels MRT untersucht. &#8211; Es ist \u00e4u\u00dferst wertvoll, dass wir die Studie an einer so gro\u00dfen Gruppe von Patienten mit ADHS durchf\u00fchren konnten, denn entgegen dem Anschein handelt es sich nicht um eine h\u00e4ufige Krankheit, f\u00fcgt Prof. Piotr Galecki hinzu. Die Forscher ma\u00dfen das Gesamtvolumen des Gehirns jeder Person und analysierten die Struktur von sieben Bereichen, die mit der St\u00f6rung in Verbindung stehen. ADHS-Patienten hatten etwas kleinere Gehirne. Besonders deutlich waren die Unterschiede in der Amygdala, die f\u00fcr Emotionen zust\u00e4ndig ist. Die \u00c4rzte betonen, dass die Diskrepanzen zwar gering waren, die Ergebnisse der Studie aber entscheidend f\u00fcr die Identifizierung der Ver\u00e4nderungen sind, die bei dieser Krankheit auftreten. Denn sie zeigen die f\u00fcr ADHS typischen Entwicklungsverz\u00f6gerungen in vielen Bereichen des Gehirns. Die im Rahmen der Studie beobachteten Unterschiede waren bei Kindern am st\u00e4rksten ausgepr\u00e4gt, aber auch bei erwachsenen Patienten mit dieser Krankheit sp\u00fcrbar.<\/p>\n<h4>Hyperaktiv oder frech?<\/h4>\n<p>ADHS wird meist bei Kindern diagnostiziert, die hyperaktiv und impulsiv sind, sich nicht konzentrieren und aufpassen k\u00f6nnen, was zu Verhaltensproblemen und Lernschwierigkeiten in der Schule f\u00fchrt. Einige stellen jedoch die Existenz der Krankheit in Frage. Der ehemalige stellvertretende Gesundheitsminister Boleslaw Piecha sagte bei einer Sitzung des parlamentarischen Gesundheitsausschusses, dass sein Vater sein ADHS mit ein paar Schl\u00e4gen geheilt habe. Die niederl\u00e4ndischen Forscher hoffen, dass ihre Entdeckung dazu beitr\u00e4gt, die Stigmatisierung von Kindern mit ADHS zu beenden und ihnen das Pflaster des &#8216;ungezogenen R\u00fcpels&#8217; anzuheften. Die Mutter des zehnj\u00e4hrigen Wojtek aus Warschau, bei dem ein Kinderpsychiater ADHS diagnostiziert hat, sagt, dass in der Schule ihres Sohnes selbst einige Lehrer die Informationen \u00fcber seine Krankheit nicht ernst genommen haben. Einige meinten, es sei eine Folge von mangelnder Disziplin und stressfreier Erziehung&#8221;, sagt sie. In der Zwischenzeit zeigt die Behandlung, die durchgef\u00fchrt wurde, Ergebnisse. Wojtek hat seine Noten verbessert und ist weniger reizbar.<\/p>\n<h4>Psychiater haben keine Zweifel<\/h4>\n<p>&#8211; Jeder Psychiater wei\u00df, dass ADHS eine Krankheit ist, sagt Professor Piotr Ga\u0142ecki. &#8211; Dennoch ist eine solche Forschung sehr wichtig, vor allem, weil die Niederl\u00e4nder sie an einer sehr gro\u00dfen Gruppe durchgef\u00fchrt haben, was gar nicht so einfach ist, denn ADHS ist entgegen dem Anschein keine h\u00e4ufige Krankheit, betont der Spezialist. &#8211; Viele Menschen glauben, dass bestimmte Verhaltensweisen durch Willenskraft kontrolliert werden k\u00f6nnen, f\u00fcgt er hinzu. Eltern von ADHS-Kindern h\u00f6ren oft, dass es ihren Kindern an Disziplin mangelt. Die Frontallappen, die f\u00fcr unsere sozialen Beziehungen und unsere Sozialisation verantwortlich sind, sind jedoch nicht in der Lage, das Verhalten zu stoppen, das aus St\u00f6rungen der Amygdala resultiert, nicht zuletzt, weil sie sich erst sp\u00e4ter in der Evolution entwickelt haben und j\u00fcnger sind als diese \u00e4lteren Gehirnstrukturen. ich hoffe, dass die Forschung, die beweist, dass es Unterschiede in der Gehirnstruktur von ADHS-Patienten gibt, dazu beitragen wird, das Bewusstsein f\u00fcr diese Krankheit zu sch\u00e4rfen&#8221;, sagt der Psychiater.<\/p>\n<h4>Es kann behandelt werden<\/h4>\n<p>Die Kinderpsychiaterin Dr. Monika Szewczuk-Bogus\u0142awska ist der Meinung, dass Wissenschaftler seit vielen Jahren nach den Ursachen suchen, die zur Entwicklung von ADHS f\u00fchren. &#8211; Die Ergebnisse aufeinanderfolgender Neuroimaging-Studien, in denen Funktionsdefizite und Anomalien in verschiedenen Gehirnstrukturen untersucht wurden, best\u00e4tigen die biologische Grundlage dieser Krankheit, sagt sie. Die \u00c4rztin weist darauf hin, dass ADHS auf der Grundlage spezifischer Kriterien, die in der Klassifikation psychischer St\u00f6rungen enthalten sind, sehr genau diagnostiziert wird. &#8211; Je nach Schwere der Symptome werden bei der Behandlung verschiedene Methoden eingesetzt: Psychotherapie, Pharmakotherapie, andere Methoden, z.B.: EEG-Biofeedback. Es sollte jedoch bedacht werden, dass die Wahl der Methode von einem Arzt, vorzugsweise einem Kinderpsychiater, getroffen werden sollte&#8221;, betont er. Und Prof. Piotr Galecki sagt noch etwas sehr Wichtiges \u00fcber die Ergebnisse der niederl\u00e4ndischen Studien: &#8220;Sie sind auch deshalb sehr wichtig, weil sie uns davon \u00fcberzeugen, dass Menschen mit psychischen St\u00f6rungen nicht stigmatisiert werden d\u00fcrfen.&#8221;<\/p>\n<hr \/>\n<p>Quelle<\/p>\n<ul>\n<li><em>https:\/\/www.medonet.pl\/zdrowie,adhd-jednak-istnieje,artykul,1722903.html<\/em><\/li>\n<\/ul>\n","protected":false},"excerpt":{"rendered":"<p>Es handelt sich nicht um ein Erziehungsversagen ungezogener Kinder, wie viele Lehrer und sogar Psychologen behaupten. Die Ergebnisse einer niederl\u00e4ndischen Studie lassen keine Illusionen zu:&#8230;<\/p>\n","protected":false},"author":1,"featured_media":1719,"comment_status":"closed","ping_status":"open","sticky":false,"template":"","format":"standard","meta":{"inline_featured_image":false},"categories":[37],"tags":[],"yoast_head":"<!-- This site is optimized with the Yoast SEO plugin v18.1 - https:\/\/yoast.com\/wordpress\/plugins\/seo\/ -->\n<title>ADHS gibt es wirklich - Diagnostik des Geistes<\/title>\n<meta name=\"robots\" content=\"index, follow, max-snippet:-1, max-image-preview:large, max-video-preview:-1\" \/>\n<link rel=\"canonical\" href=\"https:\/\/www.diagnostik-des-geistes.de\/blog\/adhs-adhd\/adhs-gibt-es-wirklich\/\" \/>\n<meta property=\"og:locale\" content=\"de_DE\" \/>\n<meta property=\"og:type\" content=\"article\" \/>\n<meta property=\"og:title\" content=\"ADHS gibt es wirklich - Diagnostik des Geistes\" \/>\n<meta property=\"og:description\" content=\"Es handelt sich nicht um ein Erziehungsversagen ungezogener Kinder, wie viele Lehrer und sogar Psychologen behaupten. Die Ergebnisse einer niederl\u00e4ndischen Studie lassen keine Illusionen zu:...\" \/>\n<meta property=\"og:url\" content=\"https:\/\/www.diagnostik-des-geistes.de\/blog\/adhs-adhd\/adhs-gibt-es-wirklich\/\" \/>\n<meta property=\"og:site_name\" content=\"Diagnostik des Geistes\" \/>\n<meta property=\"article:published_time\" content=\"2022-11-09T11:36:32+00:00\" \/>\n<meta property=\"article:modified_time\" content=\"2022-11-01T13:57:05+00:00\" \/>\n<meta name=\"twitter:card\" content=\"summary_large_image\" \/>\n<meta name=\"twitter:image\" content=\"https:\/\/www.diagnostik-des-geistes.de\/blog\/wp-content\/uploads\/2022\/11\/2-1.webp\" \/>\n<meta name=\"twitter:label1\" content=\"Verfasst von\" \/>\n\t<meta name=\"twitter:data1\" content=\"Diagnostik Geistes\" \/>\n\t<meta name=\"twitter:label2\" content=\"Gesch\u00e4tzte Lesezeit\" \/>\n\t<meta name=\"twitter:data2\" content=\"5 Minuten\" \/>\n<script type=\"application\/ld+json\" class=\"yoast-schema-graph\">{\"@context\":\"https:\/\/schema.org\",\"@graph\":[{\"@type\":\"Organization\",\"@id\":\"https:\/\/www.diagnostik-des-geistes.de\/blog\/#organization\",\"name\":\"Diagnostik des Geistes\",\"url\":\"https:\/\/www.diagnostik-des-geistes.de\/blog\/\",\"sameAs\":[],\"logo\":{\"@type\":\"ImageObject\",\"@id\":\"https:\/\/www.diagnostik-des-geistes.de\/blog\/#logo\",\"inLanguage\":\"de-DE\",\"url\":\"https:\/\/www.diagnostik-des-geistes.de\/blog\/wp-content\/uploads\/2022\/02\/Diagnostik-des-Geistes.png\",\"contentUrl\":\"https:\/\/www.diagnostik-des-geistes.de\/blog\/wp-content\/uploads\/2022\/02\/Diagnostik-des-Geistes.png\",\"width\":282,\"height\":92,\"caption\":\"Diagnostik des Geistes\"},\"image\":{\"@id\":\"https:\/\/www.diagnostik-des-geistes.de\/blog\/#logo\"}},{\"@type\":\"WebSite\",\"@id\":\"https:\/\/www.diagnostik-des-geistes.de\/blog\/#website\",\"url\":\"https:\/\/www.diagnostik-des-geistes.de\/blog\/\",\"name\":\"Diagnostik des Geistes\",\"description\":\"Blog \u00fcber psychische St\u00f6rungen\",\"publisher\":{\"@id\":\"https:\/\/www.diagnostik-des-geistes.de\/blog\/#organization\"},\"potentialAction\":[{\"@type\":\"SearchAction\",\"target\":{\"@type\":\"EntryPoint\",\"urlTemplate\":\"https:\/\/www.diagnostik-des-geistes.de\/blog\/?s={search_term_string}\"},\"query-input\":\"required name=search_term_string\"}],\"inLanguage\":\"de-DE\"},{\"@type\":\"ImageObject\",\"@id\":\"https:\/\/www.diagnostik-des-geistes.de\/blog\/adhs-adhd\/adhs-gibt-es-wirklich\/#primaryimage\",\"inLanguage\":\"de-DE\",\"url\":\"https:\/\/www.diagnostik-des-geistes.de\/blog\/wp-content\/uploads\/2022\/11\/2-1.webp\",\"contentUrl\":\"https:\/\/www.diagnostik-des-geistes.de\/blog\/wp-content\/uploads\/2022\/11\/2-1.webp\",\"width\":767,\"height\":403},{\"@type\":\"WebPage\",\"@id\":\"https:\/\/www.diagnostik-des-geistes.de\/blog\/adhs-adhd\/adhs-gibt-es-wirklich\/#webpage\",\"url\":\"https:\/\/www.diagnostik-des-geistes.de\/blog\/adhs-adhd\/adhs-gibt-es-wirklich\/\",\"name\":\"ADHS gibt es wirklich - Diagnostik des Geistes\",\"isPartOf\":{\"@id\":\"https:\/\/www.diagnostik-des-geistes.de\/blog\/#website\"},\"primaryImageOfPage\":{\"@id\":\"https:\/\/www.diagnostik-des-geistes.de\/blog\/adhs-adhd\/adhs-gibt-es-wirklich\/#primaryimage\"},\"datePublished\":\"2022-11-09T11:36:32+00:00\",\"dateModified\":\"2022-11-01T13:57:05+00:00\",\"breadcrumb\":{\"@id\":\"https:\/\/www.diagnostik-des-geistes.de\/blog\/adhs-adhd\/adhs-gibt-es-wirklich\/#breadcrumb\"},\"inLanguage\":\"de-DE\",\"potentialAction\":[{\"@type\":\"ReadAction\",\"target\":[\"https:\/\/www.diagnostik-des-geistes.de\/blog\/adhs-adhd\/adhs-gibt-es-wirklich\/\"]}]},{\"@type\":\"BreadcrumbList\",\"@id\":\"https:\/\/www.diagnostik-des-geistes.de\/blog\/adhs-adhd\/adhs-gibt-es-wirklich\/#breadcrumb\",\"itemListElement\":[{\"@type\":\"ListItem\",\"position\":1,\"name\":\"Homepage\",\"item\":\"https:\/\/www.diagnostik-des-geistes.de\/blog\/\"},{\"@type\":\"ListItem\",\"position\":2,\"name\":\"ADHS \/ ADHD\",\"item\":\"https:\/\/www.diagnostik-des-geistes.de\/blog\/adhs-adhd\/\"},{\"@type\":\"ListItem\",\"position\":3,\"name\":\"ADHS gibt es wirklich\"}]},{\"@type\":\"Article\",\"@id\":\"https:\/\/www.diagnostik-des-geistes.de\/blog\/adhs-adhd\/adhs-gibt-es-wirklich\/#article\",\"isPartOf\":{\"@id\":\"https:\/\/www.diagnostik-des-geistes.de\/blog\/adhs-adhd\/adhs-gibt-es-wirklich\/#webpage\"},\"author\":{\"@id\":\"https:\/\/www.diagnostik-des-geistes.de\/blog\/#\/schema\/person\/8eb1bcaf59fea75c780c11946f4e3490\"},\"headline\":\"ADHS gibt es wirklich\",\"datePublished\":\"2022-11-09T11:36:32+00:00\",\"dateModified\":\"2022-11-01T13:57:05+00:00\",\"mainEntityOfPage\":{\"@id\":\"https:\/\/www.diagnostik-des-geistes.de\/blog\/adhs-adhd\/adhs-gibt-es-wirklich\/#webpage\"},\"wordCount\":809,\"publisher\":{\"@id\":\"https:\/\/www.diagnostik-des-geistes.de\/blog\/#organization\"},\"image\":{\"@id\":\"https:\/\/www.diagnostik-des-geistes.de\/blog\/adhs-adhd\/adhs-gibt-es-wirklich\/#primaryimage\"},\"thumbnailUrl\":\"https:\/\/www.diagnostik-des-geistes.de\/blog\/wp-content\/uploads\/2022\/11\/2-1.webp\",\"articleSection\":[\"ADHS \/ ADHD\"],\"inLanguage\":\"de-DE\"},{\"@type\":\"Person\",\"@id\":\"https:\/\/www.diagnostik-des-geistes.de\/blog\/#\/schema\/person\/8eb1bcaf59fea75c780c11946f4e3490\",\"name\":\"Diagnostik Geistes\",\"image\":{\"@type\":\"ImageObject\",\"@id\":\"https:\/\/www.diagnostik-des-geistes.de\/blog\/#personlogo\",\"inLanguage\":\"de-DE\",\"url\":\"https:\/\/secure.gravatar.com\/avatar\/6743211f010801ea26aa9423a2daab37?s=96&d=mm&r=g\",\"contentUrl\":\"https:\/\/secure.gravatar.com\/avatar\/6743211f010801ea26aa9423a2daab37?s=96&d=mm&r=g\",\"caption\":\"Diagnostik Geistes\"},\"sameAs\":[\"https:\/\/www.diagnostik-des-geistes.de\/blog\"],\"url\":\"https:\/\/www.diagnostik-des-geistes.de\/blog\/author\/diagnostyka-umyslu\/\"}]}<\/script>\n<!-- \/ Yoast SEO plugin. -->","yoast_head_json":{"title":"ADHS gibt es wirklich - Diagnostik des Geistes","robots":{"index":"index","follow":"follow","max-snippet":"max-snippet:-1","max-image-preview":"max-image-preview:large","max-video-preview":"max-video-preview:-1"},"canonical":"https:\/\/www.diagnostik-des-geistes.de\/blog\/adhs-adhd\/adhs-gibt-es-wirklich\/","og_locale":"de_DE","og_type":"article","og_title":"ADHS gibt es wirklich - Diagnostik des Geistes","og_description":"Es handelt sich nicht um ein Erziehungsversagen ungezogener Kinder, wie viele Lehrer und sogar Psychologen behaupten. Die Ergebnisse einer niederl\u00e4ndischen Studie lassen keine Illusionen zu:...","og_url":"https:\/\/www.diagnostik-des-geistes.de\/blog\/adhs-adhd\/adhs-gibt-es-wirklich\/","og_site_name":"Diagnostik des Geistes","article_published_time":"2022-11-09T11:36:32+00:00","article_modified_time":"2022-11-01T13:57:05+00:00","twitter_card":"summary_large_image","twitter_image":"https:\/\/www.diagnostik-des-geistes.de\/blog\/wp-content\/uploads\/2022\/11\/2-1.webp","twitter_misc":{"Verfasst von":"Diagnostik Geistes","Gesch\u00e4tzte Lesezeit":"5 Minuten"},"schema":{"@context":"https:\/\/schema.org","@graph":[{"@type":"Organization","@id":"https:\/\/www.diagnostik-des-geistes.de\/blog\/#organization","name":"Diagnostik des Geistes","url":"https:\/\/www.diagnostik-des-geistes.de\/blog\/","sameAs":[],"logo":{"@type":"ImageObject","@id":"https:\/\/www.diagnostik-des-geistes.de\/blog\/#logo","inLanguage":"de-DE","url":"https:\/\/www.diagnostik-des-geistes.de\/blog\/wp-content\/uploads\/2022\/02\/Diagnostik-des-Geistes.png","contentUrl":"https:\/\/www.diagnostik-des-geistes.de\/blog\/wp-content\/uploads\/2022\/02\/Diagnostik-des-Geistes.png","width":282,"height":92,"caption":"Diagnostik des Geistes"},"image":{"@id":"https:\/\/www.diagnostik-des-geistes.de\/blog\/#logo"}},{"@type":"WebSite","@id":"https:\/\/www.diagnostik-des-geistes.de\/blog\/#website","url":"https:\/\/www.diagnostik-des-geistes.de\/blog\/","name":"Diagnostik des Geistes","description":"Blog \u00fcber psychische St\u00f6rungen","publisher":{"@id":"https:\/\/www.diagnostik-des-geistes.de\/blog\/#organization"},"potentialAction":[{"@type":"SearchAction","target":{"@type":"EntryPoint","urlTemplate":"https:\/\/www.diagnostik-des-geistes.de\/blog\/?s={search_term_string}"},"query-input":"required name=search_term_string"}],"inLanguage":"de-DE"},{"@type":"ImageObject","@id":"https:\/\/www.diagnostik-des-geistes.de\/blog\/adhs-adhd\/adhs-gibt-es-wirklich\/#primaryimage","inLanguage":"de-DE","url":"https:\/\/www.diagnostik-des-geistes.de\/blog\/wp-content\/uploads\/2022\/11\/2-1.webp","contentUrl":"https:\/\/www.diagnostik-des-geistes.de\/blog\/wp-content\/uploads\/2022\/11\/2-1.webp","width":767,"height":403},{"@type":"WebPage","@id":"https:\/\/www.diagnostik-des-geistes.de\/blog\/adhs-adhd\/adhs-gibt-es-wirklich\/#webpage","url":"https:\/\/www.diagnostik-des-geistes.de\/blog\/adhs-adhd\/adhs-gibt-es-wirklich\/","name":"ADHS gibt es wirklich - Diagnostik des Geistes","isPartOf":{"@id":"https:\/\/www.diagnostik-des-geistes.de\/blog\/#website"},"primaryImageOfPage":{"@id":"https:\/\/www.diagnostik-des-geistes.de\/blog\/adhs-adhd\/adhs-gibt-es-wirklich\/#primaryimage"},"datePublished":"2022-11-09T11:36:32+00:00","dateModified":"2022-11-01T13:57:05+00:00","breadcrumb":{"@id":"https:\/\/www.diagnostik-des-geistes.de\/blog\/adhs-adhd\/adhs-gibt-es-wirklich\/#breadcrumb"},"inLanguage":"de-DE","potentialAction":[{"@type":"ReadAction","target":["https:\/\/www.diagnostik-des-geistes.de\/blog\/adhs-adhd\/adhs-gibt-es-wirklich\/"]}]},{"@type":"BreadcrumbList","@id":"https:\/\/www.diagnostik-des-geistes.de\/blog\/adhs-adhd\/adhs-gibt-es-wirklich\/#breadcrumb","itemListElement":[{"@type":"ListItem","position":1,"name":"Homepage","item":"https:\/\/www.diagnostik-des-geistes.de\/blog\/"},{"@type":"ListItem","position":2,"name":"ADHS \/ ADHD","item":"https:\/\/www.diagnostik-des-geistes.de\/blog\/adhs-adhd\/"},{"@type":"ListItem","position":3,"name":"ADHS gibt es wirklich"}]},{"@type":"Article","@id":"https:\/\/www.diagnostik-des-geistes.de\/blog\/adhs-adhd\/adhs-gibt-es-wirklich\/#article","isPartOf":{"@id":"https:\/\/www.diagnostik-des-geistes.de\/blog\/adhs-adhd\/adhs-gibt-es-wirklich\/#webpage"},"author":{"@id":"https:\/\/www.diagnostik-des-geistes.de\/blog\/#\/schema\/person\/8eb1bcaf59fea75c780c11946f4e3490"},"headline":"ADHS gibt es wirklich","datePublished":"2022-11-09T11:36:32+00:00","dateModified":"2022-11-01T13:57:05+00:00","mainEntityOfPage":{"@id":"https:\/\/www.diagnostik-des-geistes.de\/blog\/adhs-adhd\/adhs-gibt-es-wirklich\/#webpage"},"wordCount":809,"publisher":{"@id":"https:\/\/www.diagnostik-des-geistes.de\/blog\/#organization"},"image":{"@id":"https:\/\/www.diagnostik-des-geistes.de\/blog\/adhs-adhd\/adhs-gibt-es-wirklich\/#primaryimage"},"thumbnailUrl":"https:\/\/www.diagnostik-des-geistes.de\/blog\/wp-content\/uploads\/2022\/11\/2-1.webp","articleSection":["ADHS \/ ADHD"],"inLanguage":"de-DE"},{"@type":"Person","@id":"https:\/\/www.diagnostik-des-geistes.de\/blog\/#\/schema\/person\/8eb1bcaf59fea75c780c11946f4e3490","name":"Diagnostik Geistes","image":{"@type":"ImageObject","@id":"https:\/\/www.diagnostik-des-geistes.de\/blog\/#personlogo","inLanguage":"de-DE","url":"https:\/\/secure.gravatar.com\/avatar\/6743211f010801ea26aa9423a2daab37?s=96&d=mm&r=g","contentUrl":"https:\/\/secure.gravatar.com\/avatar\/6743211f010801ea26aa9423a2daab37?s=96&d=mm&r=g","caption":"Diagnostik Geistes"},"sameAs":["https:\/\/www.diagnostik-des-geistes.de\/blog"],"url":"https:\/\/www.diagnostik-des-geistes.de\/blog\/author\/diagnostyka-umyslu\/"}]}},"amp_enabled":true,"_links":{"self":[{"href":"https:\/\/www.diagnostik-des-geistes.de\/blog\/wp-json\/wp\/v2\/posts\/1650"}],"collection":[{"href":"https:\/\/www.diagnostik-des-geistes.de\/blog\/wp-json\/wp\/v2\/posts"}],"about":[{"href":"https:\/\/www.diagnostik-des-geistes.de\/blog\/wp-json\/wp\/v2\/types\/post"}],"author":[{"embeddable":true,"href":"https:\/\/www.diagnostik-des-geistes.de\/blog\/wp-json\/wp\/v2\/users\/1"}],"replies":[{"embeddable":true,"href":"https:\/\/www.diagnostik-des-geistes.de\/blog\/wp-json\/wp\/v2\/comments?post=1650"}],"version-history":[{"count":3,"href":"https:\/\/www.diagnostik-des-geistes.de\/blog\/wp-json\/wp\/v2\/posts\/1650\/revisions"}],"predecessor-version":[{"id":1721,"href":"https:\/\/www.diagnostik-des-geistes.de\/blog\/wp-json\/wp\/v2\/posts\/1650\/revisions\/1721"}],"wp:featuredmedia":[{"embeddable":true,"href":"https:\/\/www.diagnostik-des-geistes.de\/blog\/wp-json\/wp\/v2\/media\/1719"}],"wp:attachment":[{"href":"https:\/\/www.diagnostik-des-geistes.de\/blog\/wp-json\/wp\/v2\/media?parent=1650"}],"wp:term":[{"taxonomy":"category","embeddable":true,"href":"https:\/\/www.diagnostik-des-geistes.de\/blog\/wp-json\/wp\/v2\/categories?post=1650"},{"taxonomy":"post_tag","embeddable":true,"href":"https:\/\/www.diagnostik-des-geistes.de\/blog\/wp-json\/wp\/v2\/tags?post=1650"}],"curies":[{"name":"wp","href":"https:\/\/api.w.org\/{rel}","templated":true}]}}