{"id":1641,"date":"2022-11-01T12:36:31","date_gmt":"2022-11-01T11:36:31","guid":{"rendered":"https:\/\/www.diagnostik-des-geistes.de\/blog\/bez-kategorii\/adhd-in-infants\/"},"modified":"2022-11-01T12:50:05","modified_gmt":"2022-11-01T11:50:05","slug":"adhs-bei-kleinkindern","status":"publish","type":"post","link":"https:\/\/www.diagnostik-des-geistes.de\/blog\/adhs-adhd\/adhs-bei-kleinkindern\/","title":{"rendered":"ADHS bei Kleinkindern"},"content":{"rendered":"<p>Die <strong>Aufmerksamkeitsdefizit-\/Hyperaktivit\u00e4tsst\u00f6rung <\/strong><em>(ADHS<\/em>) wird in der Regel in den ersten Schuljahren eines Kindes diagnostiziert, wenn es nicht in der Lage ist, die Schulaufgaben zu bew\u00e4ltigen und 45 Minuten lang still in der Klasse zu sitzen. Die Symptome von ADHS k\u00f6nnen jedoch bereits bei Kleinkindern auftreten. Was k\u00f6nnten Anzeichen f\u00fcr eine hyperkinetische St\u00f6rung bei Kleinkindern kurz nach der Geburt sein? Was sind die Symptome von ADHS bei Kleinkindern?<\/p>\n<h4>Diagnose von ADHS<\/h4>\n<p>Heutzutage wird das Akronym ADHS \u00fcberstrapaziert. Wenn ein Kind unbeherrschbar, zu lebhaft und ungest\u00fcm ist, Verhaltensauff\u00e4lligkeiten und Lernschwierigkeiten zeigt, ist es leicht, es als &#8220;<a href=\"https:\/\/www.diagnostik-des-geistes.de\/adhs-test\">Kind mit ADHS<\/a>&#8221; abzustempeln. Allerdings m\u00fcssen nicht alle &#8220;R\u00fcpel&#8221; in der popul\u00e4ren Wahrnehmung an einer hyperkinetischen St\u00f6rung leiden. Die Aufmerksamkeitsdefizit-Hyperaktivit\u00e4tsst\u00f6rung ist nach der ICD-10-Klassifikation eine Verhaltens- und emotionale St\u00f6rung, die in der Regel im Kindes- und Jugendalter beginnt. Die Symptome von ADHS sind im Allgemeinen in drei Funktionsbereichen des Kindes zu finden &#8211; dem emotionalen Bereich, dem kognitiven Bereich und dem motorischen Bereich.<\/p>\n<ul>\n<li>emotionaler Bereich<\/li>\n<\/ul>\n<p>\u00fcberm\u00e4\u00dfige emotionale Reaktivit\u00e4t; unangemessene emotionale Reaktionen auf Reize; \u00dcberempfindlichkeit; emotionale Instabilit\u00e4t &#8211; vom Lachen bis zum Weinen; Reizbarkeit, Gereiztheit; Wut, Aggression; Sch\u00fcchternheit; kurze Dauer der Gef\u00fchle; Mangel an Geduld; Impulsivit\u00e4t; geringes Selbstwertgef\u00fchl<\/p>\n<ul>\n<li>kognitiver Bereich<\/li>\n<\/ul>\n<p>kognitive St\u00f6rungen; Aufmerksamkeitsdefizit; schnelle Desorientierung; Ged\u00e4chtnisprobleme; Lernprobleme; Versagen bei der Erledigung von Hausaufgaben; chaotische Reaktionen; Sprachst\u00f6rungen; verz\u00f6gerte Sprachentwicklung (Versagen bei der Befolgung grammatikalischer und stilistischer Regeln, Verlust des Gedankengangs, Schwierigkeiten bei der Verwendung von Pr\u00e4positionen, Versagen bei der Befolgung von Gespr\u00e4chsregeln, Unterbrechung anderer); parietale Defizite &#8211; Dyslexie, Dysgraphie, Dyskalkulie; motorische Koordinationsst\u00f6rungen; St\u00f6rungen der r\u00e4umlichen Orientierung; zu schnelles und zu lautes Sprechen; Stottern; \u00fcberm\u00e4\u00dfige Wortwahl; mangelnde Ausdauer bei der Ausf\u00fchrung von Aufgaben; Wechsel von einer Aktivit\u00e4t (Spiel) zur n\u00e4chsten, ohne eine davon zu beenden; erh\u00f6hter Orientierungsreflex; Oberfl\u00e4chlichkeit des Denkens; schnelle Erm\u00fcdbarkeit; Schwierigkeiten bei der Planung von Aktivit\u00e4ten; Probleme bei der Kontaktaufnahme mit Gleichaltrigen; Schlafst\u00f6rungen.<\/p>\n<ul>\n<li>motorischer Bereich<\/li>\n<\/ul>\n<p>gesteigerte motorische Erregbarkeit; psychomotorische Hyperaktivit\u00e4t; exzessiver motorischer Ausdruck (das Kind springt, rennt, dreht sich); zielloses und desorganisiertes Verhalten; Unf\u00e4higkeit, still zu sitzen; motorische Unruhe im Bereich der Gro\u00df- und Kleinmotorik; viele Bewegungen im eigenen K\u00f6rper (mit den Beinen winken, auf den N\u00e4geln kauen, die Arme bewegen usw.); st\u00e4ndige Eile; Wunsch, in einer Gruppe zu dominieren. ADHS liegt vor, wenn ein Kind den oben genannten Katalog von Symptomen in allen oder fast allen Situationen und Umst\u00e4nden zeigt. Das hyperkinetische Syndrom tritt sehr fr\u00fch auf, normalerweise in den ersten f\u00fcnf Lebensjahren eines Kleinkindes. ADHS tritt bei Jungen h\u00e4ufiger auf als bei M\u00e4dchen.<\/p>\n<h4>Anzeichen von ADHS bei Kleinkindern<\/h4>\n<p>Obwohl die Diagnose von ADHS in der fr\u00fchen Kindheit nicht m\u00f6glich ist, gibt es einige Vorboten der hyperkinetischen St\u00f6rung bereits in der S\u00e4uglingszeit. Meistens sind die ersten Beobachter der st\u00f6renden Signale im Verhalten eines Kleinkindes seine Betreuer und Eltern. Was sind die wesentlichen Symptome von ADHS bei Kleinkindern, wie Hyperaktivit\u00e4t, gewaltt\u00e4tiges Verhalten oder Aufmerksamkeitsdefizite? Wie k\u00f6nnen sie erkannt werden? Kleinkinder sind in der Regel nicht in der Lage, aus ihren Fehlern zu lernen. Wenn ein Kind z.B. bei der Perfektionierung der F\u00e4higkeit, alleine zu laufen, gegen die Bettkante st\u00f6\u00dft, lernt es nicht, an diesem M\u00f6belst\u00fcck vorbeizugehen oder danach vorsichtiger zu treten. Das Baby ist st\u00e4ndig in Bewegung, sowohl im Bereich der Kleinmotorik (lebhafte Gestik und Mimik, schnelle Bewegungen, st\u00e4ndiges Winken mit Armen und Beinen, seltsame Tics) als auch im Bereich der Gro\u00dfmotorik (schnelles Krabbeln und Laufen). Eltern solcher Babys beklagen sich in der Regel dar\u00fcber, dass ihr Kind Schwierigkeiten beim Einschlafen hat und mehrmals in der Nacht mit Schreien, Weinen und Wimmern aufwacht, ohne dass dies auf Darmst\u00f6rungen oder Koliken zur\u00fcckzuf\u00fchren ist. Schlafst\u00f6rungen beziehen sich auf einen flachen, sehr unruhigen Schlaf. Eine beschleunigte oder verz\u00f6gerte Sprachentwicklung wird ebenfalls beobachtet. Kinder stottern in der Entwicklung und haben Schwierigkeiten, Laute zu artikulieren. Kleinkinder sind emotional aufgew\u00fchlt, leicht reizbar und ver\u00e4rgert. Es ist m\u00f6glich, eine Ziellosigkeit ihrer Bewegungen, eine Variabilit\u00e4t der Interessen und eine schnelle Langeweile bei Spielzeug zu beobachten. Kleinkinder mit ADHS-Symptomen k\u00f6nnen Probleme beim Essen zeigen. Das Kind hat keine Zeit zum Essen. Manchmal werden ein schwacher Saugreflex, Erbrechen, Durchfall, Kolikattacken durch gieriges Essen und zu schnelles Schlucken von Muttermilch mit Luft beobachtet. Manchmal kann sich ADHS bei S\u00e4uglingen mit den Symptomen des Asperger-Syndroms \u00fcberschneiden, da Kleinkinder aufgrund einer taktilen \u00dcberempfindlichkeit m\u00f6glicherweise nicht gestreichelt werden wollen. Bis heute gibt es keinen Konsens \u00fcber die Entstehung von hyperkinetischen Syndromen. Einige sehen die Ursachen der Krankheit in einer Mikrosch\u00e4digung des ZNS, z.B. durch perinatale Komplikationen. Andere machen biologische Faktoren und St\u00f6rungen in der Produktion der Neurotransmitter Noradrenalin und Dopamin f\u00fcr die St\u00f6rung verantwortlich. Wieder andere vermuten, dass das Auftreten von ADHS-Symptomen durch ein inkonsistentes erzieherisches Umfeld oder die Anwendung von k\u00f6rperlicher Z\u00fcchtigung beg\u00fcnstigt wird. Unabh\u00e4ngig von der \u00c4tiologie der Aufmerksamkeitsdefizit-Hyperaktivit\u00e4tsst\u00f6rung sollten alle Symptome, die auf ADHS hinweisen, nicht ignoriert werden. Wenn Ihr Kind eines der oben genannten Symptome schon in jungen Jahren zeigt, sollten Sie Ihre Bedenken mit einem Entwicklungspsychologen besprechen<\/p>\n<hr \/>\n<h4>Quelle<\/h4>\n<ul>\n<li><em>https:\/\/portal.abczdrowie.pl\/adhd-u-niemowlat<\/em><\/li>\n<\/ul>\n","protected":false},"excerpt":{"rendered":"<p>Die Aufmerksamkeitsdefizit-\/Hyperaktivit\u00e4tsst\u00f6rung (ADHS) wird in der Regel in den ersten Schuljahren eines Kindes diagnostiziert, wenn es nicht in der Lage ist, die Schulaufgaben zu bew\u00e4ltigen&#8230;<\/p>\n","protected":false},"author":1,"featured_media":1692,"comment_status":"closed","ping_status":"open","sticky":false,"template":"","format":"standard","meta":{"inline_featured_image":false},"categories":[37],"tags":[308,310,63,309],"yoast_head":"<!-- This site is optimized with the Yoast SEO plugin v18.1 - https:\/\/yoast.com\/wordpress\/plugins\/seo\/ -->\n<title>ADHS bei Kleinkindern - Diagnostik des Geistes<\/title>\n<meta name=\"robots\" content=\"index, follow, max-snippet:-1, max-image-preview:large, max-video-preview:-1\" \/>\n<link rel=\"canonical\" href=\"https:\/\/www.diagnostik-des-geistes.de\/blog\/adhs-adhd\/adhs-bei-kleinkindern\/\" \/>\n<meta property=\"og:locale\" content=\"de_DE\" \/>\n<meta property=\"og:type\" content=\"article\" \/>\n<meta property=\"og:title\" content=\"ADHS bei Kleinkindern - Diagnostik des Geistes\" \/>\n<meta property=\"og:description\" content=\"Die Aufmerksamkeitsdefizit-\/Hyperaktivit\u00e4tsst\u00f6rung (ADHS) wird in der Regel in den ersten Schuljahren eines Kindes diagnostiziert, wenn es nicht in der Lage ist, die Schulaufgaben zu bew\u00e4ltigen...\" \/>\n<meta property=\"og:url\" content=\"https:\/\/www.diagnostik-des-geistes.de\/blog\/adhs-adhd\/adhs-bei-kleinkindern\/\" \/>\n<meta property=\"og:site_name\" content=\"Diagnostik des Geistes\" \/>\n<meta property=\"article:published_time\" content=\"2022-11-01T11:36:31+00:00\" \/>\n<meta property=\"article:modified_time\" content=\"2022-11-01T11:50:05+00:00\" \/>\n<meta name=\"twitter:card\" content=\"summary_large_image\" \/>\n<meta name=\"twitter:image\" content=\"https:\/\/www.diagnostik-des-geistes.de\/blog\/wp-content\/uploads\/2022\/11\/3-5.webp\" \/>\n<meta name=\"twitter:label1\" content=\"Verfasst von\" \/>\n\t<meta name=\"twitter:data1\" content=\"Diagnostik Geistes\" \/>\n\t<meta name=\"twitter:label2\" content=\"Gesch\u00e4tzte Lesezeit\" \/>\n\t<meta name=\"twitter:data2\" content=\"5 Minuten\" \/>\n<script type=\"application\/ld+json\" class=\"yoast-schema-graph\">{\"@context\":\"https:\/\/schema.org\",\"@graph\":[{\"@type\":\"Organization\",\"@id\":\"https:\/\/www.diagnostik-des-geistes.de\/blog\/#organization\",\"name\":\"Diagnostik des Geistes\",\"url\":\"https:\/\/www.diagnostik-des-geistes.de\/blog\/\",\"sameAs\":[],\"logo\":{\"@type\":\"ImageObject\",\"@id\":\"https:\/\/www.diagnostik-des-geistes.de\/blog\/#logo\",\"inLanguage\":\"de-DE\",\"url\":\"https:\/\/www.diagnostik-des-geistes.de\/blog\/wp-content\/uploads\/2022\/02\/Diagnostik-des-Geistes.png\",\"contentUrl\":\"https:\/\/www.diagnostik-des-geistes.de\/blog\/wp-content\/uploads\/2022\/02\/Diagnostik-des-Geistes.png\",\"width\":282,\"height\":92,\"caption\":\"Diagnostik des Geistes\"},\"image\":{\"@id\":\"https:\/\/www.diagnostik-des-geistes.de\/blog\/#logo\"}},{\"@type\":\"WebSite\",\"@id\":\"https:\/\/www.diagnostik-des-geistes.de\/blog\/#website\",\"url\":\"https:\/\/www.diagnostik-des-geistes.de\/blog\/\",\"name\":\"Diagnostik des Geistes\",\"description\":\"Blog \u00fcber psychische St\u00f6rungen\",\"publisher\":{\"@id\":\"https:\/\/www.diagnostik-des-geistes.de\/blog\/#organization\"},\"potentialAction\":[{\"@type\":\"SearchAction\",\"target\":{\"@type\":\"EntryPoint\",\"urlTemplate\":\"https:\/\/www.diagnostik-des-geistes.de\/blog\/?s={search_term_string}\"},\"query-input\":\"required name=search_term_string\"}],\"inLanguage\":\"de-DE\"},{\"@type\":\"ImageObject\",\"@id\":\"https:\/\/www.diagnostik-des-geistes.de\/blog\/adhs-adhd\/adhs-bei-kleinkindern\/#primaryimage\",\"inLanguage\":\"de-DE\",\"url\":\"https:\/\/www.diagnostik-des-geistes.de\/blog\/wp-content\/uploads\/2022\/11\/3-5.webp\",\"contentUrl\":\"https:\/\/www.diagnostik-des-geistes.de\/blog\/wp-content\/uploads\/2022\/11\/3-5.webp\",\"width\":668,\"height\":446},{\"@type\":\"WebPage\",\"@id\":\"https:\/\/www.diagnostik-des-geistes.de\/blog\/adhs-adhd\/adhs-bei-kleinkindern\/#webpage\",\"url\":\"https:\/\/www.diagnostik-des-geistes.de\/blog\/adhs-adhd\/adhs-bei-kleinkindern\/\",\"name\":\"ADHS bei Kleinkindern - Diagnostik des Geistes\",\"isPartOf\":{\"@id\":\"https:\/\/www.diagnostik-des-geistes.de\/blog\/#website\"},\"primaryImageOfPage\":{\"@id\":\"https:\/\/www.diagnostik-des-geistes.de\/blog\/adhs-adhd\/adhs-bei-kleinkindern\/#primaryimage\"},\"datePublished\":\"2022-11-01T11:36:31+00:00\",\"dateModified\":\"2022-11-01T11:50:05+00:00\",\"breadcrumb\":{\"@id\":\"https:\/\/www.diagnostik-des-geistes.de\/blog\/adhs-adhd\/adhs-bei-kleinkindern\/#breadcrumb\"},\"inLanguage\":\"de-DE\",\"potentialAction\":[{\"@type\":\"ReadAction\",\"target\":[\"https:\/\/www.diagnostik-des-geistes.de\/blog\/adhs-adhd\/adhs-bei-kleinkindern\/\"]}]},{\"@type\":\"BreadcrumbList\",\"@id\":\"https:\/\/www.diagnostik-des-geistes.de\/blog\/adhs-adhd\/adhs-bei-kleinkindern\/#breadcrumb\",\"itemListElement\":[{\"@type\":\"ListItem\",\"position\":1,\"name\":\"Homepage\",\"item\":\"https:\/\/www.diagnostik-des-geistes.de\/blog\/\"},{\"@type\":\"ListItem\",\"position\":2,\"name\":\"ADHS \/ ADHD\",\"item\":\"https:\/\/www.diagnostik-des-geistes.de\/blog\/adhs-adhd\/\"},{\"@type\":\"ListItem\",\"position\":3,\"name\":\"ADHS bei Kleinkindern\"}]},{\"@type\":\"Article\",\"@id\":\"https:\/\/www.diagnostik-des-geistes.de\/blog\/adhs-adhd\/adhs-bei-kleinkindern\/#article\",\"isPartOf\":{\"@id\":\"https:\/\/www.diagnostik-des-geistes.de\/blog\/adhs-adhd\/adhs-bei-kleinkindern\/#webpage\"},\"author\":{\"@id\":\"https:\/\/www.diagnostik-des-geistes.de\/blog\/#\/schema\/person\/8eb1bcaf59fea75c780c11946f4e3490\"},\"headline\":\"ADHS bei Kleinkindern\",\"datePublished\":\"2022-11-01T11:36:31+00:00\",\"dateModified\":\"2022-11-01T11:50:05+00:00\",\"mainEntityOfPage\":{\"@id\":\"https:\/\/www.diagnostik-des-geistes.de\/blog\/adhs-adhd\/adhs-bei-kleinkindern\/#webpage\"},\"wordCount\":893,\"publisher\":{\"@id\":\"https:\/\/www.diagnostik-des-geistes.de\/blog\/#organization\"},\"image\":{\"@id\":\"https:\/\/www.diagnostik-des-geistes.de\/blog\/adhs-adhd\/adhs-bei-kleinkindern\/#primaryimage\"},\"thumbnailUrl\":\"https:\/\/www.diagnostik-des-geistes.de\/blog\/wp-content\/uploads\/2022\/11\/3-5.webp\",\"keywords\":[\"adhd bei Kindern\",\"Anzeichen von ADHS bei Kleinkindern\",\"Diagnose von ADHS\",\"N\u00e4chtliches Weinen des Kindes\"],\"articleSection\":[\"ADHS \/ ADHD\"],\"inLanguage\":\"de-DE\"},{\"@type\":\"Person\",\"@id\":\"https:\/\/www.diagnostik-des-geistes.de\/blog\/#\/schema\/person\/8eb1bcaf59fea75c780c11946f4e3490\",\"name\":\"Diagnostik Geistes\",\"image\":{\"@type\":\"ImageObject\",\"@id\":\"https:\/\/www.diagnostik-des-geistes.de\/blog\/#personlogo\",\"inLanguage\":\"de-DE\",\"url\":\"https:\/\/secure.gravatar.com\/avatar\/6743211f010801ea26aa9423a2daab37?s=96&d=mm&r=g\",\"contentUrl\":\"https:\/\/secure.gravatar.com\/avatar\/6743211f010801ea26aa9423a2daab37?s=96&d=mm&r=g\",\"caption\":\"Diagnostik Geistes\"},\"sameAs\":[\"https:\/\/www.diagnostik-des-geistes.de\/blog\"],\"url\":\"https:\/\/www.diagnostik-des-geistes.de\/blog\/author\/diagnostyka-umyslu\/\"}]}<\/script>\n<!-- \/ Yoast SEO plugin. -->","yoast_head_json":{"title":"ADHS bei Kleinkindern - Diagnostik des Geistes","robots":{"index":"index","follow":"follow","max-snippet":"max-snippet:-1","max-image-preview":"max-image-preview:large","max-video-preview":"max-video-preview:-1"},"canonical":"https:\/\/www.diagnostik-des-geistes.de\/blog\/adhs-adhd\/adhs-bei-kleinkindern\/","og_locale":"de_DE","og_type":"article","og_title":"ADHS bei Kleinkindern - Diagnostik des Geistes","og_description":"Die Aufmerksamkeitsdefizit-\/Hyperaktivit\u00e4tsst\u00f6rung (ADHS) wird in der Regel in den ersten Schuljahren eines Kindes diagnostiziert, wenn es nicht in der Lage ist, die Schulaufgaben zu bew\u00e4ltigen...","og_url":"https:\/\/www.diagnostik-des-geistes.de\/blog\/adhs-adhd\/adhs-bei-kleinkindern\/","og_site_name":"Diagnostik des Geistes","article_published_time":"2022-11-01T11:36:31+00:00","article_modified_time":"2022-11-01T11:50:05+00:00","twitter_card":"summary_large_image","twitter_image":"https:\/\/www.diagnostik-des-geistes.de\/blog\/wp-content\/uploads\/2022\/11\/3-5.webp","twitter_misc":{"Verfasst von":"Diagnostik Geistes","Gesch\u00e4tzte Lesezeit":"5 Minuten"},"schema":{"@context":"https:\/\/schema.org","@graph":[{"@type":"Organization","@id":"https:\/\/www.diagnostik-des-geistes.de\/blog\/#organization","name":"Diagnostik des Geistes","url":"https:\/\/www.diagnostik-des-geistes.de\/blog\/","sameAs":[],"logo":{"@type":"ImageObject","@id":"https:\/\/www.diagnostik-des-geistes.de\/blog\/#logo","inLanguage":"de-DE","url":"https:\/\/www.diagnostik-des-geistes.de\/blog\/wp-content\/uploads\/2022\/02\/Diagnostik-des-Geistes.png","contentUrl":"https:\/\/www.diagnostik-des-geistes.de\/blog\/wp-content\/uploads\/2022\/02\/Diagnostik-des-Geistes.png","width":282,"height":92,"caption":"Diagnostik des Geistes"},"image":{"@id":"https:\/\/www.diagnostik-des-geistes.de\/blog\/#logo"}},{"@type":"WebSite","@id":"https:\/\/www.diagnostik-des-geistes.de\/blog\/#website","url":"https:\/\/www.diagnostik-des-geistes.de\/blog\/","name":"Diagnostik des Geistes","description":"Blog \u00fcber psychische St\u00f6rungen","publisher":{"@id":"https:\/\/www.diagnostik-des-geistes.de\/blog\/#organization"},"potentialAction":[{"@type":"SearchAction","target":{"@type":"EntryPoint","urlTemplate":"https:\/\/www.diagnostik-des-geistes.de\/blog\/?s={search_term_string}"},"query-input":"required name=search_term_string"}],"inLanguage":"de-DE"},{"@type":"ImageObject","@id":"https:\/\/www.diagnostik-des-geistes.de\/blog\/adhs-adhd\/adhs-bei-kleinkindern\/#primaryimage","inLanguage":"de-DE","url":"https:\/\/www.diagnostik-des-geistes.de\/blog\/wp-content\/uploads\/2022\/11\/3-5.webp","contentUrl":"https:\/\/www.diagnostik-des-geistes.de\/blog\/wp-content\/uploads\/2022\/11\/3-5.webp","width":668,"height":446},{"@type":"WebPage","@id":"https:\/\/www.diagnostik-des-geistes.de\/blog\/adhs-adhd\/adhs-bei-kleinkindern\/#webpage","url":"https:\/\/www.diagnostik-des-geistes.de\/blog\/adhs-adhd\/adhs-bei-kleinkindern\/","name":"ADHS bei Kleinkindern - Diagnostik des Geistes","isPartOf":{"@id":"https:\/\/www.diagnostik-des-geistes.de\/blog\/#website"},"primaryImageOfPage":{"@id":"https:\/\/www.diagnostik-des-geistes.de\/blog\/adhs-adhd\/adhs-bei-kleinkindern\/#primaryimage"},"datePublished":"2022-11-01T11:36:31+00:00","dateModified":"2022-11-01T11:50:05+00:00","breadcrumb":{"@id":"https:\/\/www.diagnostik-des-geistes.de\/blog\/adhs-adhd\/adhs-bei-kleinkindern\/#breadcrumb"},"inLanguage":"de-DE","potentialAction":[{"@type":"ReadAction","target":["https:\/\/www.diagnostik-des-geistes.de\/blog\/adhs-adhd\/adhs-bei-kleinkindern\/"]}]},{"@type":"BreadcrumbList","@id":"https:\/\/www.diagnostik-des-geistes.de\/blog\/adhs-adhd\/adhs-bei-kleinkindern\/#breadcrumb","itemListElement":[{"@type":"ListItem","position":1,"name":"Homepage","item":"https:\/\/www.diagnostik-des-geistes.de\/blog\/"},{"@type":"ListItem","position":2,"name":"ADHS \/ ADHD","item":"https:\/\/www.diagnostik-des-geistes.de\/blog\/adhs-adhd\/"},{"@type":"ListItem","position":3,"name":"ADHS bei Kleinkindern"}]},{"@type":"Article","@id":"https:\/\/www.diagnostik-des-geistes.de\/blog\/adhs-adhd\/adhs-bei-kleinkindern\/#article","isPartOf":{"@id":"https:\/\/www.diagnostik-des-geistes.de\/blog\/adhs-adhd\/adhs-bei-kleinkindern\/#webpage"},"author":{"@id":"https:\/\/www.diagnostik-des-geistes.de\/blog\/#\/schema\/person\/8eb1bcaf59fea75c780c11946f4e3490"},"headline":"ADHS bei Kleinkindern","datePublished":"2022-11-01T11:36:31+00:00","dateModified":"2022-11-01T11:50:05+00:00","mainEntityOfPage":{"@id":"https:\/\/www.diagnostik-des-geistes.de\/blog\/adhs-adhd\/adhs-bei-kleinkindern\/#webpage"},"wordCount":893,"publisher":{"@id":"https:\/\/www.diagnostik-des-geistes.de\/blog\/#organization"},"image":{"@id":"https:\/\/www.diagnostik-des-geistes.de\/blog\/adhs-adhd\/adhs-bei-kleinkindern\/#primaryimage"},"thumbnailUrl":"https:\/\/www.diagnostik-des-geistes.de\/blog\/wp-content\/uploads\/2022\/11\/3-5.webp","keywords":["adhd bei Kindern","Anzeichen von ADHS bei Kleinkindern","Diagnose von ADHS","N\u00e4chtliches Weinen des Kindes"],"articleSection":["ADHS \/ ADHD"],"inLanguage":"de-DE"},{"@type":"Person","@id":"https:\/\/www.diagnostik-des-geistes.de\/blog\/#\/schema\/person\/8eb1bcaf59fea75c780c11946f4e3490","name":"Diagnostik Geistes","image":{"@type":"ImageObject","@id":"https:\/\/www.diagnostik-des-geistes.de\/blog\/#personlogo","inLanguage":"de-DE","url":"https:\/\/secure.gravatar.com\/avatar\/6743211f010801ea26aa9423a2daab37?s=96&d=mm&r=g","contentUrl":"https:\/\/secure.gravatar.com\/avatar\/6743211f010801ea26aa9423a2daab37?s=96&d=mm&r=g","caption":"Diagnostik Geistes"},"sameAs":["https:\/\/www.diagnostik-des-geistes.de\/blog"],"url":"https:\/\/www.diagnostik-des-geistes.de\/blog\/author\/diagnostyka-umyslu\/"}]}},"amp_enabled":true,"_links":{"self":[{"href":"https:\/\/www.diagnostik-des-geistes.de\/blog\/wp-json\/wp\/v2\/posts\/1641"}],"collection":[{"href":"https:\/\/www.diagnostik-des-geistes.de\/blog\/wp-json\/wp\/v2\/posts"}],"about":[{"href":"https:\/\/www.diagnostik-des-geistes.de\/blog\/wp-json\/wp\/v2\/types\/post"}],"author":[{"embeddable":true,"href":"https:\/\/www.diagnostik-des-geistes.de\/blog\/wp-json\/wp\/v2\/users\/1"}],"replies":[{"embeddable":true,"href":"https:\/\/www.diagnostik-des-geistes.de\/blog\/wp-json\/wp\/v2\/comments?post=1641"}],"version-history":[{"count":3,"href":"https:\/\/www.diagnostik-des-geistes.de\/blog\/wp-json\/wp\/v2\/posts\/1641\/revisions"}],"predecessor-version":[{"id":1693,"href":"https:\/\/www.diagnostik-des-geistes.de\/blog\/wp-json\/wp\/v2\/posts\/1641\/revisions\/1693"}],"wp:featuredmedia":[{"embeddable":true,"href":"https:\/\/www.diagnostik-des-geistes.de\/blog\/wp-json\/wp\/v2\/media\/1692"}],"wp:attachment":[{"href":"https:\/\/www.diagnostik-des-geistes.de\/blog\/wp-json\/wp\/v2\/media?parent=1641"}],"wp:term":[{"taxonomy":"category","embeddable":true,"href":"https:\/\/www.diagnostik-des-geistes.de\/blog\/wp-json\/wp\/v2\/categories?post=1641"},{"taxonomy":"post_tag","embeddable":true,"href":"https:\/\/www.diagnostik-des-geistes.de\/blog\/wp-json\/wp\/v2\/tags?post=1641"}],"curies":[{"name":"wp","href":"https:\/\/api.w.org\/{rel}","templated":true}]}}