{"id":1625,"date":"2022-08-18T16:57:47","date_gmt":"2022-08-18T14:57:47","guid":{"rendered":"https:\/\/www.diagnostik-des-geistes.de\/blog\/?p=1625"},"modified":"2022-08-18T16:57:47","modified_gmt":"2022-08-18T14:57:47","slug":"autismus-spektrum-stoerung-was-ist-das-symptome-und-ursachen-der-stoerung","status":"publish","type":"post","link":"https:\/\/www.diagnostik-des-geistes.de\/blog\/autismus-spektrum-storung\/autismus-spektrum-stoerung-was-ist-das-symptome-und-ursachen-der-stoerung\/","title":{"rendered":"Autismus-Spektrum-St\u00f6rung &#8211; Was ist das? Symptome und Ursachen der St\u00f6rung"},"content":{"rendered":"<p><strong>Autismus<\/strong> ist die umgangssprachliche Bezeichnung f\u00fcr eine Reihe von m\u00f6glichen St\u00f6rungen, die zum Autismus-Spektrum geh\u00f6ren. Die einzelnen St\u00f6rungen, die das Autismus-Spektrum ausmachen, unterscheiden sich sowohl in den Symptomen, die sie hervorrufen, als auch in ihrer Schwere oder ihrem zeitlichen Verlauf. Leider sind die Ursachen f\u00fcr viele F\u00e4lle, die zum Autismus-Spektrum geh\u00f6ren, nach wie vor ungekl\u00e4rt.<\/p>\n<h4>Autismus-Spektrum<\/h4>\n<p>Die ersten Erw\u00e4hnungen von <a href=\"https:\/\/www.diagnostik-des-geistes.de\/test-fur-autismus-spektrum-storungen\">Autismus<\/a> in der medizinischen Fachliteratur erfolgten recht sp\u00e4t. In den 1940er Jahren beschrieben zwei \u00c4rzte unabh\u00e4ngig voneinander \u00e4hnliche Krankheitsf\u00e4lle. Leo Kanner verfasste daraufhin die erste systematische Beschreibung der Krankheit, die er als fr\u00fchkindlichen Autismus bezeichnete. Hans Asperger forschte an betroffenen Kindern und benannte sie nach seinem Namen Asperger-Syndrom.<\/p>\n<p>In der Psychiatrie gibt es verschiedene Klassifizierungen von Krankheiten, von denen die Klassifizierung der Weltgesundheitsorganisation (ICD 10) am h\u00e4ufigsten verwendet wird. Nach dieser Klassifikation geh\u00f6rt Autismus zur Gruppe der ganzheitlichen Entwicklungsst\u00f6rungen. Diese Gruppe umfasst die folgenden Krankheitsbilder:<\/p>\n<ul>\n<li>fr\u00fchkindlicher Autismus (diagnostiziert vor dem 3. Lebensjahr),<\/li>\n<li>atypischer Autismus (diagnostiziert nach dem 3. Lebensjahr),<\/li>\n<li>Rett-Syndrom,<\/li>\n<li>das Asperger-Syndrom,<\/li>\n<li>verschiedene desintegrative St\u00f6rungen,<\/li>\n<li>hyperkinetische St\u00f6rung (gekennzeichnet durch \u00fcberm\u00e4\u00dfige Mobilit\u00e4t),<\/li>\n<li>andere ganzheitliche Entwicklungsst\u00f6rungen,<\/li>\n<li>nicht n\u00e4her bezeichnete Entwicklungsst\u00f6rungen.<\/li>\n<\/ul>\n<h4>Symptome<\/h4>\n<p>Das Autismus-Spektrum umfasst F\u00e4lle mit einer gro\u00dfen Vielfalt an Symptomen und Schweregraden. Die Vielfalt der Autismusf\u00e4lle f\u00fchrt auch dazu, dass die verschiedenen medizinischen Gemeinschaften auf der ganzen Welt unterschiedliche Diagnosekriterien verwenden. In den USA zum Beispiel wird statistisch gesehen bei einem von 68 Menschen eine Autismus-Spektrum-St\u00f6rung diagnostiziert. In Europa werden Autismus-Spektrum-St\u00f6rungen &#8211; aufgrund der Verwendung anderer Kriterien &#8211; seltener diagnostiziert, n\u00e4mlich bei einem von 150 Menschen. Aus diesem Grund gibt es keine medizinischen Studien, die das Spektrum der St\u00f6rungen, die zum Autismus-Spektrum geh\u00f6ren, endg\u00fcltig definieren, geschweige denn die gesamte \u00c4tiologie. Was man jedoch mit Sicherheit sagen kann, ist, dass Autismus-Spektrum-St\u00f6rungen bei Jungen fast viermal so h\u00e4ufig auftreten wie bei M\u00e4dchen.<\/p>\n<p>Die Symptome betreffen meist drei Hauptaspekte des Verhaltens: die Kommunikationsf\u00e4higkeiten, den Verlauf der Interaktion mit anderen Menschen und spezifische Verhaltensweisen. Die Symptome einer autistischen Person k\u00f6nnen jeden dieser Aspekte in unterschiedlichem Ausma\u00df betreffen. Infolgedessen zeigen verschiedene Autisten unterschiedliche Symptome.<\/p>\n<h4>In Bezug auf die Kommunikation fallen die folgenden spezifischen Symptome auf:<\/h4>\n<ul>\n<li>eine Tendenz, dieselben W\u00f6rter und S\u00e4tze zu wiederholen,<\/li>\n<li>Echolalie, d. h. das Wiederholen von W\u00f6rtern und S\u00e4tzen, die von anderen geh\u00f6rt wurden,<\/li>\n<li>Probleme, die eigenen Bed\u00fcrfnisse sprachlich auszudr\u00fccken,<\/li>\n<li>Probleme mit der grammatikalisch korrekten Formulierung von Sprache, z. B. \u00fcber das eigene Verhalten in der dritten Person zu sprechen,<\/li>\n<li>andere, individuell auftretende Sprachauff\u00e4lligkeiten,<\/li>\n<li>das Vermeiden von Blickkontakt,<\/li>\n<li>verzerrte K\u00f6rpersprache oder eine f\u00fcr andere schwer verst\u00e4ndliche Mimik.<\/li>\n<\/ul>\n<h4>In Bezug auf die soziale Interaktion umfassen die Symptome auf dem Autismus-Spektrum<\/h4>\n<ul>\n<li>Probleme bei der Kontaktaufnahme mit anderen Menschen,<\/li>\n<li>Abneigung gegen k\u00f6rperliche N\u00e4he und Ber\u00fchrung,<\/li>\n<li>Probleme mit der Verbalisierung ihrer Gef\u00fchle,<\/li>\n<li>Probleme beim Spielen, insbesondere bei Rollenspielen (z. B. Haus spielen, Einkaufen), oder eine Tendenz, mit sich selbst zu spielen,<\/li>\n<li>Gleichg\u00fcltigkeit gegen\u00fcber anderen Menschen.<\/li>\n<\/ul>\n<h4>Die Liste der spezifischen Symptome umfasst:<\/h4>\n<ul>\n<li>starres, sich wiederholendes und routinem\u00e4\u00dfiges Verhalten,<\/li>\n<li>Wutanf\u00e4lle, Wut, Aggression oder Angstzust\u00e4nde,<\/li>\n<li>Interesse an ungew\u00f6hnlichen Gegenst\u00e4nden &#8211; Waschmaschine, Kn\u00f6pfe, Schalter,<\/li>\n<li>auff\u00e4lliges Anordnen von Gegenst\u00e4nden in der gleichen Position und Anordnung,<\/li>\n<li>sich wiederholende Ausf\u00fchrung der gleichen Bewegungen.<\/li>\n<\/ul>\n<p>St\u00f6rungen, die zum Autismus-Spektrum geh\u00f6ren, k\u00f6nnen in einigen F\u00e4llen bereits im sp\u00e4ten S\u00e4uglingsalter (etwa im Alter von 11-12 Monaten) diagnostiziert werden. Oft muss jedoch bis zum Alter von mehreren Jahren gewartet werden, bis eine vollst\u00e4ndige Diagnose gestellt werden kann. Eines der ersten Symptome ist die gest\u00f6rte Reaktion des Kindes auf die Person der Mutter &#8211; kein L\u00e4cheln, kein Augenkontakt, keine Reaktion auf ihre Stimme.<\/p>\n<h4>Ursachen von Autismus-Spektrum-St\u00f6rungen<\/h4>\n<p>Zu den m\u00f6glichen Ursachen f\u00fcr Autismus-Spektrum-St\u00f6rungen geh\u00f6ren:<\/p>\n<ul>\n<li>genetische Belastung (dies ist eine unbewiesene Theorie, die sich aber u. a. auf die beobachtete deutliche Tendenz zum Auftreten von Autismus bei eineiigen Zwillingen sowie auf das gemeinsame Auftreten von,<\/li>\n<li>Autismus mit anderen genetisch bedingten St\u00f6rungen, wie dem Rett-Syndrom),<\/li>\n<li>das Auftreten von Erkrankungen neurologischer Natur (bei einigen Personen, bei denen Autismus diagnostiziert wurde, werden Ver\u00e4nderungen der Gehirnstruktur beobachtet),<\/li>\n<li>Schwangerschafts- oder Geburtskomplikationen (Schwangerschaftsdiabetes, Schilddr\u00fcsenprobleme),<\/li>\n<li>Einnahme bestimmter Substanzen durch die Mutter (insbesondere verd\u00e4chtige Medikamente: Antiepileptika, Analgetika und andere),<\/li>\n<li>elterliche Vernachl\u00e4ssigung w\u00e4hrend der fr\u00fchen Kindheit.<\/li>\n<\/ul>\n<hr \/>\n<p>Quelle:<\/p>\n<ul>\n<li><em>https:\/\/www.medonet.pl\/choroby-od-a-do-z\/choroby-i-zaburzenia-psychiczne,spektrum-autyzmu,artykul,1733835.html<\/em><\/li>\n<\/ul>\n","protected":false},"excerpt":{"rendered":"<p>Autismus ist die umgangssprachliche Bezeichnung f\u00fcr eine Reihe von m\u00f6glichen St\u00f6rungen, die zum Autismus-Spektrum geh\u00f6ren. Die einzelnen St\u00f6rungen, die das Autismus-Spektrum ausmachen, unterscheiden sich sowohl&#8230;<\/p>\n","protected":false},"author":1,"featured_media":1626,"comment_status":"closed","ping_status":"open","sticky":false,"template":"","format":"standard","meta":{"inline_featured_image":false},"categories":[44],"tags":[],"yoast_head":"<!-- This site is optimized with the Yoast SEO plugin v18.1 - https:\/\/yoast.com\/wordpress\/plugins\/seo\/ -->\n<title>Autismus-Spektrum-St\u00f6rung - Was ist das? Symptome und Ursachen der St\u00f6rung - Diagnostik des Geistes<\/title>\n<meta name=\"robots\" content=\"index, follow, max-snippet:-1, max-image-preview:large, max-video-preview:-1\" \/>\n<link rel=\"canonical\" href=\"https:\/\/www.diagnostik-des-geistes.de\/blog\/autismus-spektrum-storung\/autismus-spektrum-stoerung-was-ist-das-symptome-und-ursachen-der-stoerung\/\" \/>\n<meta property=\"og:locale\" content=\"de_DE\" \/>\n<meta property=\"og:type\" content=\"article\" \/>\n<meta property=\"og:title\" content=\"Autismus-Spektrum-St\u00f6rung - Was ist das? Symptome und Ursachen der St\u00f6rung - Diagnostik des Geistes\" \/>\n<meta property=\"og:description\" content=\"Autismus ist die umgangssprachliche Bezeichnung f\u00fcr eine Reihe von m\u00f6glichen St\u00f6rungen, die zum Autismus-Spektrum geh\u00f6ren. Die einzelnen St\u00f6rungen, die das Autismus-Spektrum ausmachen, unterscheiden sich sowohl...\" \/>\n<meta property=\"og:url\" content=\"https:\/\/www.diagnostik-des-geistes.de\/blog\/autismus-spektrum-storung\/autismus-spektrum-stoerung-was-ist-das-symptome-und-ursachen-der-stoerung\/\" \/>\n<meta property=\"og:site_name\" content=\"Diagnostik des Geistes\" \/>\n<meta property=\"article:published_time\" content=\"2022-08-18T14:57:47+00:00\" \/>\n<meta name=\"twitter:card\" content=\"summary_large_image\" \/>\n<meta name=\"twitter:image\" content=\"https:\/\/www.diagnostik-des-geistes.de\/blog\/wp-content\/uploads\/2022\/08\/21.webp\" \/>\n<meta name=\"twitter:label1\" content=\"Verfasst von\" \/>\n\t<meta name=\"twitter:data1\" content=\"Diagnostik Geistes\" \/>\n\t<meta name=\"twitter:label2\" content=\"Gesch\u00e4tzte Lesezeit\" \/>\n\t<meta name=\"twitter:data2\" content=\"4 Minuten\" \/>\n<script type=\"application\/ld+json\" class=\"yoast-schema-graph\">{\"@context\":\"https:\/\/schema.org\",\"@graph\":[{\"@type\":\"Organization\",\"@id\":\"https:\/\/www.diagnostik-des-geistes.de\/blog\/#organization\",\"name\":\"Diagnostik des Geistes\",\"url\":\"https:\/\/www.diagnostik-des-geistes.de\/blog\/\",\"sameAs\":[],\"logo\":{\"@type\":\"ImageObject\",\"@id\":\"https:\/\/www.diagnostik-des-geistes.de\/blog\/#logo\",\"inLanguage\":\"de-DE\",\"url\":\"https:\/\/www.diagnostik-des-geistes.de\/blog\/wp-content\/uploads\/2022\/02\/Diagnostik-des-Geistes.png\",\"contentUrl\":\"https:\/\/www.diagnostik-des-geistes.de\/blog\/wp-content\/uploads\/2022\/02\/Diagnostik-des-Geistes.png\",\"width\":282,\"height\":92,\"caption\":\"Diagnostik des Geistes\"},\"image\":{\"@id\":\"https:\/\/www.diagnostik-des-geistes.de\/blog\/#logo\"}},{\"@type\":\"WebSite\",\"@id\":\"https:\/\/www.diagnostik-des-geistes.de\/blog\/#website\",\"url\":\"https:\/\/www.diagnostik-des-geistes.de\/blog\/\",\"name\":\"Diagnostik des Geistes\",\"description\":\"Blog \u00fcber psychische St\u00f6rungen\",\"publisher\":{\"@id\":\"https:\/\/www.diagnostik-des-geistes.de\/blog\/#organization\"},\"potentialAction\":[{\"@type\":\"SearchAction\",\"target\":{\"@type\":\"EntryPoint\",\"urlTemplate\":\"https:\/\/www.diagnostik-des-geistes.de\/blog\/?s={search_term_string}\"},\"query-input\":\"required name=search_term_string\"}],\"inLanguage\":\"de-DE\"},{\"@type\":\"ImageObject\",\"@id\":\"https:\/\/www.diagnostik-des-geistes.de\/blog\/autismus-spektrum-storung\/autismus-spektrum-stoerung-was-ist-das-symptome-und-ursachen-der-stoerung\/#primaryimage\",\"inLanguage\":\"de-DE\",\"url\":\"https:\/\/www.diagnostik-des-geistes.de\/blog\/wp-content\/uploads\/2022\/08\/21.webp\",\"contentUrl\":\"https:\/\/www.diagnostik-des-geistes.de\/blog\/wp-content\/uploads\/2022\/08\/21.webp\",\"width\":765,\"height\":400},{\"@type\":\"WebPage\",\"@id\":\"https:\/\/www.diagnostik-des-geistes.de\/blog\/autismus-spektrum-storung\/autismus-spektrum-stoerung-was-ist-das-symptome-und-ursachen-der-stoerung\/#webpage\",\"url\":\"https:\/\/www.diagnostik-des-geistes.de\/blog\/autismus-spektrum-storung\/autismus-spektrum-stoerung-was-ist-das-symptome-und-ursachen-der-stoerung\/\",\"name\":\"Autismus-Spektrum-St\u00f6rung - Was ist das? Symptome und Ursachen der St\u00f6rung - Diagnostik des Geistes\",\"isPartOf\":{\"@id\":\"https:\/\/www.diagnostik-des-geistes.de\/blog\/#website\"},\"primaryImageOfPage\":{\"@id\":\"https:\/\/www.diagnostik-des-geistes.de\/blog\/autismus-spektrum-storung\/autismus-spektrum-stoerung-was-ist-das-symptome-und-ursachen-der-stoerung\/#primaryimage\"},\"datePublished\":\"2022-08-18T14:57:47+00:00\",\"dateModified\":\"2022-08-18T14:57:47+00:00\",\"breadcrumb\":{\"@id\":\"https:\/\/www.diagnostik-des-geistes.de\/blog\/autismus-spektrum-storung\/autismus-spektrum-stoerung-was-ist-das-symptome-und-ursachen-der-stoerung\/#breadcrumb\"},\"inLanguage\":\"de-DE\",\"potentialAction\":[{\"@type\":\"ReadAction\",\"target\":[\"https:\/\/www.diagnostik-des-geistes.de\/blog\/autismus-spektrum-storung\/autismus-spektrum-stoerung-was-ist-das-symptome-und-ursachen-der-stoerung\/\"]}]},{\"@type\":\"BreadcrumbList\",\"@id\":\"https:\/\/www.diagnostik-des-geistes.de\/blog\/autismus-spektrum-storung\/autismus-spektrum-stoerung-was-ist-das-symptome-und-ursachen-der-stoerung\/#breadcrumb\",\"itemListElement\":[{\"@type\":\"ListItem\",\"position\":1,\"name\":\"Homepage\",\"item\":\"https:\/\/www.diagnostik-des-geistes.de\/blog\/\"},{\"@type\":\"ListItem\",\"position\":2,\"name\":\"Autismus\",\"item\":\"https:\/\/www.diagnostik-des-geistes.de\/blog\/autismus-spektrum-storung\/\"},{\"@type\":\"ListItem\",\"position\":3,\"name\":\"All\"}]},{\"@type\":\"Article\",\"@id\":\"https:\/\/www.diagnostik-des-geistes.de\/blog\/autismus-spektrum-storung\/autismus-spektrum-stoerung-was-ist-das-symptome-und-ursachen-der-stoerung\/#article\",\"isPartOf\":{\"@id\":\"https:\/\/www.diagnostik-des-geistes.de\/blog\/autismus-spektrum-storung\/autismus-spektrum-stoerung-was-ist-das-symptome-und-ursachen-der-stoerung\/#webpage\"},\"author\":{\"@id\":\"https:\/\/www.diagnostik-des-geistes.de\/blog\/#\/schema\/person\/8eb1bcaf59fea75c780c11946f4e3490\"},\"headline\":\"Autismus-Spektrum-St\u00f6rung &#8211; Was ist das? Symptome und Ursachen der St\u00f6rung\",\"datePublished\":\"2022-08-18T14:57:47+00:00\",\"dateModified\":\"2022-08-18T14:57:47+00:00\",\"mainEntityOfPage\":{\"@id\":\"https:\/\/www.diagnostik-des-geistes.de\/blog\/autismus-spektrum-storung\/autismus-spektrum-stoerung-was-ist-das-symptome-und-ursachen-der-stoerung\/#webpage\"},\"wordCount\":759,\"publisher\":{\"@id\":\"https:\/\/www.diagnostik-des-geistes.de\/blog\/#organization\"},\"image\":{\"@id\":\"https:\/\/www.diagnostik-des-geistes.de\/blog\/autismus-spektrum-storung\/autismus-spektrum-stoerung-was-ist-das-symptome-und-ursachen-der-stoerung\/#primaryimage\"},\"thumbnailUrl\":\"https:\/\/www.diagnostik-des-geistes.de\/blog\/wp-content\/uploads\/2022\/08\/21.webp\",\"articleSection\":[\"Autismus-Spektrum-St\u00f6rung\"],\"inLanguage\":\"de-DE\"},{\"@type\":\"Person\",\"@id\":\"https:\/\/www.diagnostik-des-geistes.de\/blog\/#\/schema\/person\/8eb1bcaf59fea75c780c11946f4e3490\",\"name\":\"Diagnostik Geistes\",\"image\":{\"@type\":\"ImageObject\",\"@id\":\"https:\/\/www.diagnostik-des-geistes.de\/blog\/#personlogo\",\"inLanguage\":\"de-DE\",\"url\":\"https:\/\/secure.gravatar.com\/avatar\/6743211f010801ea26aa9423a2daab37?s=96&d=mm&r=g\",\"contentUrl\":\"https:\/\/secure.gravatar.com\/avatar\/6743211f010801ea26aa9423a2daab37?s=96&d=mm&r=g\",\"caption\":\"Diagnostik Geistes\"},\"sameAs\":[\"https:\/\/www.diagnostik-des-geistes.de\/blog\"],\"url\":\"https:\/\/www.diagnostik-des-geistes.de\/blog\/author\/diagnostyka-umyslu\/\"}]}<\/script>\n<!-- \/ Yoast SEO plugin. -->","yoast_head_json":{"title":"Autismus-Spektrum-St\u00f6rung - Was ist das? Symptome und Ursachen der St\u00f6rung - Diagnostik des Geistes","robots":{"index":"index","follow":"follow","max-snippet":"max-snippet:-1","max-image-preview":"max-image-preview:large","max-video-preview":"max-video-preview:-1"},"canonical":"https:\/\/www.diagnostik-des-geistes.de\/blog\/autismus-spektrum-storung\/autismus-spektrum-stoerung-was-ist-das-symptome-und-ursachen-der-stoerung\/","og_locale":"de_DE","og_type":"article","og_title":"Autismus-Spektrum-St\u00f6rung - Was ist das? Symptome und Ursachen der St\u00f6rung - Diagnostik des Geistes","og_description":"Autismus ist die umgangssprachliche Bezeichnung f\u00fcr eine Reihe von m\u00f6glichen St\u00f6rungen, die zum Autismus-Spektrum geh\u00f6ren. Die einzelnen St\u00f6rungen, die das Autismus-Spektrum ausmachen, unterscheiden sich sowohl...","og_url":"https:\/\/www.diagnostik-des-geistes.de\/blog\/autismus-spektrum-storung\/autismus-spektrum-stoerung-was-ist-das-symptome-und-ursachen-der-stoerung\/","og_site_name":"Diagnostik des Geistes","article_published_time":"2022-08-18T14:57:47+00:00","twitter_card":"summary_large_image","twitter_image":"https:\/\/www.diagnostik-des-geistes.de\/blog\/wp-content\/uploads\/2022\/08\/21.webp","twitter_misc":{"Verfasst von":"Diagnostik Geistes","Gesch\u00e4tzte Lesezeit":"4 Minuten"},"schema":{"@context":"https:\/\/schema.org","@graph":[{"@type":"Organization","@id":"https:\/\/www.diagnostik-des-geistes.de\/blog\/#organization","name":"Diagnostik des Geistes","url":"https:\/\/www.diagnostik-des-geistes.de\/blog\/","sameAs":[],"logo":{"@type":"ImageObject","@id":"https:\/\/www.diagnostik-des-geistes.de\/blog\/#logo","inLanguage":"de-DE","url":"https:\/\/www.diagnostik-des-geistes.de\/blog\/wp-content\/uploads\/2022\/02\/Diagnostik-des-Geistes.png","contentUrl":"https:\/\/www.diagnostik-des-geistes.de\/blog\/wp-content\/uploads\/2022\/02\/Diagnostik-des-Geistes.png","width":282,"height":92,"caption":"Diagnostik des Geistes"},"image":{"@id":"https:\/\/www.diagnostik-des-geistes.de\/blog\/#logo"}},{"@type":"WebSite","@id":"https:\/\/www.diagnostik-des-geistes.de\/blog\/#website","url":"https:\/\/www.diagnostik-des-geistes.de\/blog\/","name":"Diagnostik des Geistes","description":"Blog \u00fcber psychische St\u00f6rungen","publisher":{"@id":"https:\/\/www.diagnostik-des-geistes.de\/blog\/#organization"},"potentialAction":[{"@type":"SearchAction","target":{"@type":"EntryPoint","urlTemplate":"https:\/\/www.diagnostik-des-geistes.de\/blog\/?s={search_term_string}"},"query-input":"required name=search_term_string"}],"inLanguage":"de-DE"},{"@type":"ImageObject","@id":"https:\/\/www.diagnostik-des-geistes.de\/blog\/autismus-spektrum-storung\/autismus-spektrum-stoerung-was-ist-das-symptome-und-ursachen-der-stoerung\/#primaryimage","inLanguage":"de-DE","url":"https:\/\/www.diagnostik-des-geistes.de\/blog\/wp-content\/uploads\/2022\/08\/21.webp","contentUrl":"https:\/\/www.diagnostik-des-geistes.de\/blog\/wp-content\/uploads\/2022\/08\/21.webp","width":765,"height":400},{"@type":"WebPage","@id":"https:\/\/www.diagnostik-des-geistes.de\/blog\/autismus-spektrum-storung\/autismus-spektrum-stoerung-was-ist-das-symptome-und-ursachen-der-stoerung\/#webpage","url":"https:\/\/www.diagnostik-des-geistes.de\/blog\/autismus-spektrum-storung\/autismus-spektrum-stoerung-was-ist-das-symptome-und-ursachen-der-stoerung\/","name":"Autismus-Spektrum-St\u00f6rung - Was ist das? Symptome und Ursachen der St\u00f6rung - Diagnostik des Geistes","isPartOf":{"@id":"https:\/\/www.diagnostik-des-geistes.de\/blog\/#website"},"primaryImageOfPage":{"@id":"https:\/\/www.diagnostik-des-geistes.de\/blog\/autismus-spektrum-storung\/autismus-spektrum-stoerung-was-ist-das-symptome-und-ursachen-der-stoerung\/#primaryimage"},"datePublished":"2022-08-18T14:57:47+00:00","dateModified":"2022-08-18T14:57:47+00:00","breadcrumb":{"@id":"https:\/\/www.diagnostik-des-geistes.de\/blog\/autismus-spektrum-storung\/autismus-spektrum-stoerung-was-ist-das-symptome-und-ursachen-der-stoerung\/#breadcrumb"},"inLanguage":"de-DE","potentialAction":[{"@type":"ReadAction","target":["https:\/\/www.diagnostik-des-geistes.de\/blog\/autismus-spektrum-storung\/autismus-spektrum-stoerung-was-ist-das-symptome-und-ursachen-der-stoerung\/"]}]},{"@type":"BreadcrumbList","@id":"https:\/\/www.diagnostik-des-geistes.de\/blog\/autismus-spektrum-storung\/autismus-spektrum-stoerung-was-ist-das-symptome-und-ursachen-der-stoerung\/#breadcrumb","itemListElement":[{"@type":"ListItem","position":1,"name":"Homepage","item":"https:\/\/www.diagnostik-des-geistes.de\/blog\/"},{"@type":"ListItem","position":2,"name":"Autismus","item":"https:\/\/www.diagnostik-des-geistes.de\/blog\/autismus-spektrum-storung\/"},{"@type":"ListItem","position":3,"name":"All"}]},{"@type":"Article","@id":"https:\/\/www.diagnostik-des-geistes.de\/blog\/autismus-spektrum-storung\/autismus-spektrum-stoerung-was-ist-das-symptome-und-ursachen-der-stoerung\/#article","isPartOf":{"@id":"https:\/\/www.diagnostik-des-geistes.de\/blog\/autismus-spektrum-storung\/autismus-spektrum-stoerung-was-ist-das-symptome-und-ursachen-der-stoerung\/#webpage"},"author":{"@id":"https:\/\/www.diagnostik-des-geistes.de\/blog\/#\/schema\/person\/8eb1bcaf59fea75c780c11946f4e3490"},"headline":"Autismus-Spektrum-St\u00f6rung &#8211; Was ist das? Symptome und Ursachen der St\u00f6rung","datePublished":"2022-08-18T14:57:47+00:00","dateModified":"2022-08-18T14:57:47+00:00","mainEntityOfPage":{"@id":"https:\/\/www.diagnostik-des-geistes.de\/blog\/autismus-spektrum-storung\/autismus-spektrum-stoerung-was-ist-das-symptome-und-ursachen-der-stoerung\/#webpage"},"wordCount":759,"publisher":{"@id":"https:\/\/www.diagnostik-des-geistes.de\/blog\/#organization"},"image":{"@id":"https:\/\/www.diagnostik-des-geistes.de\/blog\/autismus-spektrum-storung\/autismus-spektrum-stoerung-was-ist-das-symptome-und-ursachen-der-stoerung\/#primaryimage"},"thumbnailUrl":"https:\/\/www.diagnostik-des-geistes.de\/blog\/wp-content\/uploads\/2022\/08\/21.webp","articleSection":["Autismus-Spektrum-St\u00f6rung"],"inLanguage":"de-DE"},{"@type":"Person","@id":"https:\/\/www.diagnostik-des-geistes.de\/blog\/#\/schema\/person\/8eb1bcaf59fea75c780c11946f4e3490","name":"Diagnostik Geistes","image":{"@type":"ImageObject","@id":"https:\/\/www.diagnostik-des-geistes.de\/blog\/#personlogo","inLanguage":"de-DE","url":"https:\/\/secure.gravatar.com\/avatar\/6743211f010801ea26aa9423a2daab37?s=96&d=mm&r=g","contentUrl":"https:\/\/secure.gravatar.com\/avatar\/6743211f010801ea26aa9423a2daab37?s=96&d=mm&r=g","caption":"Diagnostik Geistes"},"sameAs":["https:\/\/www.diagnostik-des-geistes.de\/blog"],"url":"https:\/\/www.diagnostik-des-geistes.de\/blog\/author\/diagnostyka-umyslu\/"}]}},"amp_enabled":true,"_links":{"self":[{"href":"https:\/\/www.diagnostik-des-geistes.de\/blog\/wp-json\/wp\/v2\/posts\/1625"}],"collection":[{"href":"https:\/\/www.diagnostik-des-geistes.de\/blog\/wp-json\/wp\/v2\/posts"}],"about":[{"href":"https:\/\/www.diagnostik-des-geistes.de\/blog\/wp-json\/wp\/v2\/types\/post"}],"author":[{"embeddable":true,"href":"https:\/\/www.diagnostik-des-geistes.de\/blog\/wp-json\/wp\/v2\/users\/1"}],"replies":[{"embeddable":true,"href":"https:\/\/www.diagnostik-des-geistes.de\/blog\/wp-json\/wp\/v2\/comments?post=1625"}],"version-history":[{"count":1,"href":"https:\/\/www.diagnostik-des-geistes.de\/blog\/wp-json\/wp\/v2\/posts\/1625\/revisions"}],"predecessor-version":[{"id":1627,"href":"https:\/\/www.diagnostik-des-geistes.de\/blog\/wp-json\/wp\/v2\/posts\/1625\/revisions\/1627"}],"wp:featuredmedia":[{"embeddable":true,"href":"https:\/\/www.diagnostik-des-geistes.de\/blog\/wp-json\/wp\/v2\/media\/1626"}],"wp:attachment":[{"href":"https:\/\/www.diagnostik-des-geistes.de\/blog\/wp-json\/wp\/v2\/media?parent=1625"}],"wp:term":[{"taxonomy":"category","embeddable":true,"href":"https:\/\/www.diagnostik-des-geistes.de\/blog\/wp-json\/wp\/v2\/categories?post=1625"},{"taxonomy":"post_tag","embeddable":true,"href":"https:\/\/www.diagnostik-des-geistes.de\/blog\/wp-json\/wp\/v2\/tags?post=1625"}],"curies":[{"name":"wp","href":"https:\/\/api.w.org\/{rel}","templated":true}]}}