{"id":1610,"date":"2022-08-18T16:36:57","date_gmt":"2022-08-18T14:36:57","guid":{"rendered":"https:\/\/www.diagnostik-des-geistes.de\/blog\/?p=1610"},"modified":"2022-08-18T16:36:57","modified_gmt":"2022-08-18T14:36:57","slug":"jungen-leiden-aufgrund-von-oestrogen-haeufiger-an-autismus","status":"publish","type":"post","link":"https:\/\/www.diagnostik-des-geistes.de\/blog\/autismus-spektrum-storung\/jungen-leiden-aufgrund-von-oestrogen-haeufiger-an-autismus\/","title":{"rendered":"Jungen leiden aufgrund von \u00d6strogen h\u00e4ufiger an Autismus"},"content":{"rendered":"<blockquote><p>Niedrige \u00d6strogenspiegel k\u00f6nnten f\u00fcr ein erh\u00f6htes Risiko der Entwicklung von <a href=\"https:\/\/www.diagnostik-des-geistes.de\/test-fur-autismus-spektrum-storungen\">Autismus-Spektrum-St\u00f6rungen<\/a> bei Jungen verantwortlich sein, berichtet Molecular Autism.<\/p><\/blockquote>\n<p>Forscher der University of Georgia Regents (USA) haben gezeigt, dass autistische Personen durch eine verminderte Expression des \u00d6strogenrezeptors beta und einen verminderten Aromatase-Spiegel gekennzeichnet sind. Dies f\u00fchrt zu einem erh\u00f6hten Testosteronspiegel im K\u00f6rper und k\u00f6nnte erkl\u00e4ren, warum Jungen f\u00fcnfmal h\u00e4ufiger Autismus-Spektrum-St\u00f6rungen entwickeln als M\u00e4dchen.<\/p>\n<p>Eine fr\u00fchere Studie an der Universit\u00e4t Cambridge (W. UK) hatte bereits gezeigt, dass ein hoher Testosteronspiegel (m\u00e4nnliches Geschlechtshormon) in der Geb\u00e4rmutter einer schwangeren Mutter mit dem abnormen sozialen Verhalten ihres Sohnes im Alter von vier Jahren korreliert.<\/p>\n<p>Nun haben die Forscher beschlossen zu untersuchen, ob \u00d6strogen &#8211; das weibliche Geschlechtshormon &#8211; ebenfalls an der Entwicklung von Autismus beteiligt ist.<\/p>\n<p>&#8220;Die Testosteron-Hypothese ist bereits im Umlauf, aber niemand hat untersucht, ob sie etwas mit dem Vorhandensein des weiblichen Hormons im Gehirn zu tun hat&#8221;, sagt Dr. Anilkumar Pillai, Mitautor der Studie.<\/p>\n<p>Zu diesem Zweck untersuchten die Forscher die Struktur des Hirngewebes des pr\u00e4frontalen Kortex bei 13 Personen, bei denen Autismus diagnostiziert wurde, und 13 gesunden Personen.<\/p>\n<p>Sie fanden heraus, dass bei den Autisten die Expression des \u00d6strogenrezeptors beta, der eine wichtige Rolle beim Schutz des Gehirns und bei Prozessen im Zusammenhang mit Bewegung, Verhalten, Ged\u00e4chtnis und Lernen spielt, um 35 Prozent reduziert war.<\/p>\n<p>Die Gehirne der Autisten wiesen auch eine 38-prozentige Verringerung der Aromatase auf, des Hormons, das die Umwandlung von Testosteron in \u00d6stradiol (ein Hormon aus der Gruppe der \u00d6strogene) erm\u00f6glicht.<\/p>\n<p>Die Forscher bereiten bereits Experimente vor, um die Expression des \u00d6strogenrezeptors beta bei M\u00e4usen zu manipulieren. Sie wollen mehr dar\u00fcber erfahren, wie dieser Mechanismus funktioniert, und pr\u00fcfen, ob er zur Behandlung von Autismus eingesetzt werden kann.<\/p>\n<hr \/>\n<p>Quelle:<\/p>\n<ul>\n<li><em>https:\/\/www.medonet.pl\/psyche\/zaburzenia-psychiczne,chlopcy-czesciej-cierpia-na-autyzm-z-powodu-estrogenu,artykul,1705289.html<\/em><\/li>\n<\/ul>\n","protected":false},"excerpt":{"rendered":"<p>Niedrige \u00d6strogenspiegel k\u00f6nnten f\u00fcr ein erh\u00f6htes Risiko der Entwicklung von Autismus-Spektrum-St\u00f6rungen bei Jungen verantwortlich sein, berichtet Molecular Autism. Forscher der University of Georgia Regents (USA)&#8230;<\/p>\n","protected":false},"author":1,"featured_media":1611,"comment_status":"closed","ping_status":"open","sticky":false,"template":"","format":"standard","meta":{"inline_featured_image":false},"categories":[44],"tags":[],"yoast_head":"<!-- This site is optimized with the Yoast SEO plugin v18.1 - https:\/\/yoast.com\/wordpress\/plugins\/seo\/ -->\n<title>Jungen leiden aufgrund von \u00d6strogen h\u00e4ufiger an Autismus - Diagnostik des Geistes<\/title>\n<meta name=\"robots\" content=\"index, follow, max-snippet:-1, max-image-preview:large, max-video-preview:-1\" \/>\n<link rel=\"canonical\" href=\"https:\/\/www.diagnostik-des-geistes.de\/blog\/autismus-spektrum-storung\/jungen-leiden-aufgrund-von-oestrogen-haeufiger-an-autismus\/\" \/>\n<meta property=\"og:locale\" content=\"de_DE\" \/>\n<meta property=\"og:type\" content=\"article\" \/>\n<meta property=\"og:title\" content=\"Jungen leiden aufgrund von \u00d6strogen h\u00e4ufiger an Autismus - Diagnostik des Geistes\" \/>\n<meta property=\"og:description\" content=\"Niedrige \u00d6strogenspiegel k\u00f6nnten f\u00fcr ein erh\u00f6htes Risiko der Entwicklung von Autismus-Spektrum-St\u00f6rungen bei Jungen verantwortlich sein, berichtet Molecular Autism. Forscher der University of Georgia Regents (USA)...\" \/>\n<meta property=\"og:url\" content=\"https:\/\/www.diagnostik-des-geistes.de\/blog\/autismus-spektrum-storung\/jungen-leiden-aufgrund-von-oestrogen-haeufiger-an-autismus\/\" \/>\n<meta property=\"og:site_name\" content=\"Diagnostik des Geistes\" \/>\n<meta property=\"article:published_time\" content=\"2022-08-18T14:36:57+00:00\" \/>\n<meta name=\"twitter:card\" content=\"summary_large_image\" \/>\n<meta name=\"twitter:image\" content=\"https:\/\/www.diagnostik-des-geistes.de\/blog\/wp-content\/uploads\/2022\/08\/16.webp\" \/>\n<meta name=\"twitter:label1\" content=\"Verfasst von\" \/>\n\t<meta name=\"twitter:data1\" content=\"Diagnostik Geistes\" \/>\n\t<meta name=\"twitter:label2\" content=\"Gesch\u00e4tzte Lesezeit\" \/>\n\t<meta name=\"twitter:data2\" content=\"2 Minuten\" \/>\n<script type=\"application\/ld+json\" class=\"yoast-schema-graph\">{\"@context\":\"https:\/\/schema.org\",\"@graph\":[{\"@type\":\"Organization\",\"@id\":\"https:\/\/www.diagnostik-des-geistes.de\/blog\/#organization\",\"name\":\"Diagnostik des Geistes\",\"url\":\"https:\/\/www.diagnostik-des-geistes.de\/blog\/\",\"sameAs\":[],\"logo\":{\"@type\":\"ImageObject\",\"@id\":\"https:\/\/www.diagnostik-des-geistes.de\/blog\/#logo\",\"inLanguage\":\"de-DE\",\"url\":\"https:\/\/www.diagnostik-des-geistes.de\/blog\/wp-content\/uploads\/2022\/02\/Diagnostik-des-Geistes.png\",\"contentUrl\":\"https:\/\/www.diagnostik-des-geistes.de\/blog\/wp-content\/uploads\/2022\/02\/Diagnostik-des-Geistes.png\",\"width\":282,\"height\":92,\"caption\":\"Diagnostik des Geistes\"},\"image\":{\"@id\":\"https:\/\/www.diagnostik-des-geistes.de\/blog\/#logo\"}},{\"@type\":\"WebSite\",\"@id\":\"https:\/\/www.diagnostik-des-geistes.de\/blog\/#website\",\"url\":\"https:\/\/www.diagnostik-des-geistes.de\/blog\/\",\"name\":\"Diagnostik des Geistes\",\"description\":\"Blog \u00fcber psychische St\u00f6rungen\",\"publisher\":{\"@id\":\"https:\/\/www.diagnostik-des-geistes.de\/blog\/#organization\"},\"potentialAction\":[{\"@type\":\"SearchAction\",\"target\":{\"@type\":\"EntryPoint\",\"urlTemplate\":\"https:\/\/www.diagnostik-des-geistes.de\/blog\/?s={search_term_string}\"},\"query-input\":\"required name=search_term_string\"}],\"inLanguage\":\"de-DE\"},{\"@type\":\"ImageObject\",\"@id\":\"https:\/\/www.diagnostik-des-geistes.de\/blog\/autismus-spektrum-storung\/jungen-leiden-aufgrund-von-oestrogen-haeufiger-an-autismus\/#primaryimage\",\"inLanguage\":\"de-DE\",\"url\":\"https:\/\/www.diagnostik-des-geistes.de\/blog\/wp-content\/uploads\/2022\/08\/16.webp\",\"contentUrl\":\"https:\/\/www.diagnostik-des-geistes.de\/blog\/wp-content\/uploads\/2022\/08\/16.webp\",\"width\":766,\"height\":398},{\"@type\":\"WebPage\",\"@id\":\"https:\/\/www.diagnostik-des-geistes.de\/blog\/autismus-spektrum-storung\/jungen-leiden-aufgrund-von-oestrogen-haeufiger-an-autismus\/#webpage\",\"url\":\"https:\/\/www.diagnostik-des-geistes.de\/blog\/autismus-spektrum-storung\/jungen-leiden-aufgrund-von-oestrogen-haeufiger-an-autismus\/\",\"name\":\"Jungen leiden aufgrund von \u00d6strogen h\u00e4ufiger an Autismus - Diagnostik des Geistes\",\"isPartOf\":{\"@id\":\"https:\/\/www.diagnostik-des-geistes.de\/blog\/#website\"},\"primaryImageOfPage\":{\"@id\":\"https:\/\/www.diagnostik-des-geistes.de\/blog\/autismus-spektrum-storung\/jungen-leiden-aufgrund-von-oestrogen-haeufiger-an-autismus\/#primaryimage\"},\"datePublished\":\"2022-08-18T14:36:57+00:00\",\"dateModified\":\"2022-08-18T14:36:57+00:00\",\"breadcrumb\":{\"@id\":\"https:\/\/www.diagnostik-des-geistes.de\/blog\/autismus-spektrum-storung\/jungen-leiden-aufgrund-von-oestrogen-haeufiger-an-autismus\/#breadcrumb\"},\"inLanguage\":\"de-DE\",\"potentialAction\":[{\"@type\":\"ReadAction\",\"target\":[\"https:\/\/www.diagnostik-des-geistes.de\/blog\/autismus-spektrum-storung\/jungen-leiden-aufgrund-von-oestrogen-haeufiger-an-autismus\/\"]}]},{\"@type\":\"BreadcrumbList\",\"@id\":\"https:\/\/www.diagnostik-des-geistes.de\/blog\/autismus-spektrum-storung\/jungen-leiden-aufgrund-von-oestrogen-haeufiger-an-autismus\/#breadcrumb\",\"itemListElement\":[{\"@type\":\"ListItem\",\"position\":1,\"name\":\"Homepage\",\"item\":\"https:\/\/www.diagnostik-des-geistes.de\/blog\/\"},{\"@type\":\"ListItem\",\"position\":2,\"name\":\"Autismus\",\"item\":\"https:\/\/www.diagnostik-des-geistes.de\/blog\/autismus-spektrum-storung\/\"},{\"@type\":\"ListItem\",\"position\":3,\"name\":\"Jungen\"}]},{\"@type\":\"Article\",\"@id\":\"https:\/\/www.diagnostik-des-geistes.de\/blog\/autismus-spektrum-storung\/jungen-leiden-aufgrund-von-oestrogen-haeufiger-an-autismus\/#article\",\"isPartOf\":{\"@id\":\"https:\/\/www.diagnostik-des-geistes.de\/blog\/autismus-spektrum-storung\/jungen-leiden-aufgrund-von-oestrogen-haeufiger-an-autismus\/#webpage\"},\"author\":{\"@id\":\"https:\/\/www.diagnostik-des-geistes.de\/blog\/#\/schema\/person\/8eb1bcaf59fea75c780c11946f4e3490\"},\"headline\":\"Jungen leiden aufgrund von \u00d6strogen h\u00e4ufiger an Autismus\",\"datePublished\":\"2022-08-18T14:36:57+00:00\",\"dateModified\":\"2022-08-18T14:36:57+00:00\",\"mainEntityOfPage\":{\"@id\":\"https:\/\/www.diagnostik-des-geistes.de\/blog\/autismus-spektrum-storung\/jungen-leiden-aufgrund-von-oestrogen-haeufiger-an-autismus\/#webpage\"},\"wordCount\":318,\"publisher\":{\"@id\":\"https:\/\/www.diagnostik-des-geistes.de\/blog\/#organization\"},\"image\":{\"@id\":\"https:\/\/www.diagnostik-des-geistes.de\/blog\/autismus-spektrum-storung\/jungen-leiden-aufgrund-von-oestrogen-haeufiger-an-autismus\/#primaryimage\"},\"thumbnailUrl\":\"https:\/\/www.diagnostik-des-geistes.de\/blog\/wp-content\/uploads\/2022\/08\/16.webp\",\"articleSection\":[\"Autismus-Spektrum-St\u00f6rung\"],\"inLanguage\":\"de-DE\"},{\"@type\":\"Person\",\"@id\":\"https:\/\/www.diagnostik-des-geistes.de\/blog\/#\/schema\/person\/8eb1bcaf59fea75c780c11946f4e3490\",\"name\":\"Diagnostik Geistes\",\"image\":{\"@type\":\"ImageObject\",\"@id\":\"https:\/\/www.diagnostik-des-geistes.de\/blog\/#personlogo\",\"inLanguage\":\"de-DE\",\"url\":\"https:\/\/secure.gravatar.com\/avatar\/6743211f010801ea26aa9423a2daab37?s=96&d=mm&r=g\",\"contentUrl\":\"https:\/\/secure.gravatar.com\/avatar\/6743211f010801ea26aa9423a2daab37?s=96&d=mm&r=g\",\"caption\":\"Diagnostik Geistes\"},\"sameAs\":[\"https:\/\/www.diagnostik-des-geistes.de\/blog\"],\"url\":\"https:\/\/www.diagnostik-des-geistes.de\/blog\/author\/diagnostyka-umyslu\/\"}]}<\/script>\n<!-- \/ Yoast SEO plugin. -->","yoast_head_json":{"title":"Jungen leiden aufgrund von \u00d6strogen h\u00e4ufiger an Autismus - Diagnostik des Geistes","robots":{"index":"index","follow":"follow","max-snippet":"max-snippet:-1","max-image-preview":"max-image-preview:large","max-video-preview":"max-video-preview:-1"},"canonical":"https:\/\/www.diagnostik-des-geistes.de\/blog\/autismus-spektrum-storung\/jungen-leiden-aufgrund-von-oestrogen-haeufiger-an-autismus\/","og_locale":"de_DE","og_type":"article","og_title":"Jungen leiden aufgrund von \u00d6strogen h\u00e4ufiger an Autismus - Diagnostik des Geistes","og_description":"Niedrige \u00d6strogenspiegel k\u00f6nnten f\u00fcr ein erh\u00f6htes Risiko der Entwicklung von Autismus-Spektrum-St\u00f6rungen bei Jungen verantwortlich sein, berichtet Molecular Autism. Forscher der University of Georgia Regents (USA)...","og_url":"https:\/\/www.diagnostik-des-geistes.de\/blog\/autismus-spektrum-storung\/jungen-leiden-aufgrund-von-oestrogen-haeufiger-an-autismus\/","og_site_name":"Diagnostik des Geistes","article_published_time":"2022-08-18T14:36:57+00:00","twitter_card":"summary_large_image","twitter_image":"https:\/\/www.diagnostik-des-geistes.de\/blog\/wp-content\/uploads\/2022\/08\/16.webp","twitter_misc":{"Verfasst von":"Diagnostik Geistes","Gesch\u00e4tzte Lesezeit":"2 Minuten"},"schema":{"@context":"https:\/\/schema.org","@graph":[{"@type":"Organization","@id":"https:\/\/www.diagnostik-des-geistes.de\/blog\/#organization","name":"Diagnostik des Geistes","url":"https:\/\/www.diagnostik-des-geistes.de\/blog\/","sameAs":[],"logo":{"@type":"ImageObject","@id":"https:\/\/www.diagnostik-des-geistes.de\/blog\/#logo","inLanguage":"de-DE","url":"https:\/\/www.diagnostik-des-geistes.de\/blog\/wp-content\/uploads\/2022\/02\/Diagnostik-des-Geistes.png","contentUrl":"https:\/\/www.diagnostik-des-geistes.de\/blog\/wp-content\/uploads\/2022\/02\/Diagnostik-des-Geistes.png","width":282,"height":92,"caption":"Diagnostik des Geistes"},"image":{"@id":"https:\/\/www.diagnostik-des-geistes.de\/blog\/#logo"}},{"@type":"WebSite","@id":"https:\/\/www.diagnostik-des-geistes.de\/blog\/#website","url":"https:\/\/www.diagnostik-des-geistes.de\/blog\/","name":"Diagnostik des Geistes","description":"Blog \u00fcber psychische St\u00f6rungen","publisher":{"@id":"https:\/\/www.diagnostik-des-geistes.de\/blog\/#organization"},"potentialAction":[{"@type":"SearchAction","target":{"@type":"EntryPoint","urlTemplate":"https:\/\/www.diagnostik-des-geistes.de\/blog\/?s={search_term_string}"},"query-input":"required name=search_term_string"}],"inLanguage":"de-DE"},{"@type":"ImageObject","@id":"https:\/\/www.diagnostik-des-geistes.de\/blog\/autismus-spektrum-storung\/jungen-leiden-aufgrund-von-oestrogen-haeufiger-an-autismus\/#primaryimage","inLanguage":"de-DE","url":"https:\/\/www.diagnostik-des-geistes.de\/blog\/wp-content\/uploads\/2022\/08\/16.webp","contentUrl":"https:\/\/www.diagnostik-des-geistes.de\/blog\/wp-content\/uploads\/2022\/08\/16.webp","width":766,"height":398},{"@type":"WebPage","@id":"https:\/\/www.diagnostik-des-geistes.de\/blog\/autismus-spektrum-storung\/jungen-leiden-aufgrund-von-oestrogen-haeufiger-an-autismus\/#webpage","url":"https:\/\/www.diagnostik-des-geistes.de\/blog\/autismus-spektrum-storung\/jungen-leiden-aufgrund-von-oestrogen-haeufiger-an-autismus\/","name":"Jungen leiden aufgrund von \u00d6strogen h\u00e4ufiger an Autismus - Diagnostik des Geistes","isPartOf":{"@id":"https:\/\/www.diagnostik-des-geistes.de\/blog\/#website"},"primaryImageOfPage":{"@id":"https:\/\/www.diagnostik-des-geistes.de\/blog\/autismus-spektrum-storung\/jungen-leiden-aufgrund-von-oestrogen-haeufiger-an-autismus\/#primaryimage"},"datePublished":"2022-08-18T14:36:57+00:00","dateModified":"2022-08-18T14:36:57+00:00","breadcrumb":{"@id":"https:\/\/www.diagnostik-des-geistes.de\/blog\/autismus-spektrum-storung\/jungen-leiden-aufgrund-von-oestrogen-haeufiger-an-autismus\/#breadcrumb"},"inLanguage":"de-DE","potentialAction":[{"@type":"ReadAction","target":["https:\/\/www.diagnostik-des-geistes.de\/blog\/autismus-spektrum-storung\/jungen-leiden-aufgrund-von-oestrogen-haeufiger-an-autismus\/"]}]},{"@type":"BreadcrumbList","@id":"https:\/\/www.diagnostik-des-geistes.de\/blog\/autismus-spektrum-storung\/jungen-leiden-aufgrund-von-oestrogen-haeufiger-an-autismus\/#breadcrumb","itemListElement":[{"@type":"ListItem","position":1,"name":"Homepage","item":"https:\/\/www.diagnostik-des-geistes.de\/blog\/"},{"@type":"ListItem","position":2,"name":"Autismus","item":"https:\/\/www.diagnostik-des-geistes.de\/blog\/autismus-spektrum-storung\/"},{"@type":"ListItem","position":3,"name":"Jungen"}]},{"@type":"Article","@id":"https:\/\/www.diagnostik-des-geistes.de\/blog\/autismus-spektrum-storung\/jungen-leiden-aufgrund-von-oestrogen-haeufiger-an-autismus\/#article","isPartOf":{"@id":"https:\/\/www.diagnostik-des-geistes.de\/blog\/autismus-spektrum-storung\/jungen-leiden-aufgrund-von-oestrogen-haeufiger-an-autismus\/#webpage"},"author":{"@id":"https:\/\/www.diagnostik-des-geistes.de\/blog\/#\/schema\/person\/8eb1bcaf59fea75c780c11946f4e3490"},"headline":"Jungen leiden aufgrund von \u00d6strogen h\u00e4ufiger an Autismus","datePublished":"2022-08-18T14:36:57+00:00","dateModified":"2022-08-18T14:36:57+00:00","mainEntityOfPage":{"@id":"https:\/\/www.diagnostik-des-geistes.de\/blog\/autismus-spektrum-storung\/jungen-leiden-aufgrund-von-oestrogen-haeufiger-an-autismus\/#webpage"},"wordCount":318,"publisher":{"@id":"https:\/\/www.diagnostik-des-geistes.de\/blog\/#organization"},"image":{"@id":"https:\/\/www.diagnostik-des-geistes.de\/blog\/autismus-spektrum-storung\/jungen-leiden-aufgrund-von-oestrogen-haeufiger-an-autismus\/#primaryimage"},"thumbnailUrl":"https:\/\/www.diagnostik-des-geistes.de\/blog\/wp-content\/uploads\/2022\/08\/16.webp","articleSection":["Autismus-Spektrum-St\u00f6rung"],"inLanguage":"de-DE"},{"@type":"Person","@id":"https:\/\/www.diagnostik-des-geistes.de\/blog\/#\/schema\/person\/8eb1bcaf59fea75c780c11946f4e3490","name":"Diagnostik Geistes","image":{"@type":"ImageObject","@id":"https:\/\/www.diagnostik-des-geistes.de\/blog\/#personlogo","inLanguage":"de-DE","url":"https:\/\/secure.gravatar.com\/avatar\/6743211f010801ea26aa9423a2daab37?s=96&d=mm&r=g","contentUrl":"https:\/\/secure.gravatar.com\/avatar\/6743211f010801ea26aa9423a2daab37?s=96&d=mm&r=g","caption":"Diagnostik Geistes"},"sameAs":["https:\/\/www.diagnostik-des-geistes.de\/blog"],"url":"https:\/\/www.diagnostik-des-geistes.de\/blog\/author\/diagnostyka-umyslu\/"}]}},"amp_enabled":true,"_links":{"self":[{"href":"https:\/\/www.diagnostik-des-geistes.de\/blog\/wp-json\/wp\/v2\/posts\/1610"}],"collection":[{"href":"https:\/\/www.diagnostik-des-geistes.de\/blog\/wp-json\/wp\/v2\/posts"}],"about":[{"href":"https:\/\/www.diagnostik-des-geistes.de\/blog\/wp-json\/wp\/v2\/types\/post"}],"author":[{"embeddable":true,"href":"https:\/\/www.diagnostik-des-geistes.de\/blog\/wp-json\/wp\/v2\/users\/1"}],"replies":[{"embeddable":true,"href":"https:\/\/www.diagnostik-des-geistes.de\/blog\/wp-json\/wp\/v2\/comments?post=1610"}],"version-history":[{"count":1,"href":"https:\/\/www.diagnostik-des-geistes.de\/blog\/wp-json\/wp\/v2\/posts\/1610\/revisions"}],"predecessor-version":[{"id":1612,"href":"https:\/\/www.diagnostik-des-geistes.de\/blog\/wp-json\/wp\/v2\/posts\/1610\/revisions\/1612"}],"wp:featuredmedia":[{"embeddable":true,"href":"https:\/\/www.diagnostik-des-geistes.de\/blog\/wp-json\/wp\/v2\/media\/1611"}],"wp:attachment":[{"href":"https:\/\/www.diagnostik-des-geistes.de\/blog\/wp-json\/wp\/v2\/media?parent=1610"}],"wp:term":[{"taxonomy":"category","embeddable":true,"href":"https:\/\/www.diagnostik-des-geistes.de\/blog\/wp-json\/wp\/v2\/categories?post=1610"},{"taxonomy":"post_tag","embeddable":true,"href":"https:\/\/www.diagnostik-des-geistes.de\/blog\/wp-json\/wp\/v2\/tags?post=1610"}],"curies":[{"name":"wp","href":"https:\/\/api.w.org\/{rel}","templated":true}]}}