{"id":1601,"date":"2022-08-18T15:33:55","date_gmt":"2022-08-18T13:33:55","guid":{"rendered":"https:\/\/www.diagnostik-des-geistes.de\/blog\/?p=1601"},"modified":"2022-08-18T15:33:55","modified_gmt":"2022-08-18T13:33:55","slug":"atypischer-autismus-was-ist-das-fuer-eine-krankheit","status":"publish","type":"post","link":"https:\/\/www.diagnostik-des-geistes.de\/blog\/autismus-spektrum-storung\/atypischer-autismus-was-ist-das-fuer-eine-krankheit\/","title":{"rendered":"Atypischer Autismus &#8211; was ist das f\u00fcr eine Krankheit?"},"content":{"rendered":"<blockquote><p><strong>Atypischer Autismus<\/strong> ist eine Form des <a href=\"https:\/\/www.diagnostik-des-geistes.de\/test-fur-autismus-spektrum-storungen\">Autismus<\/a>, die etwas sp\u00e4ter als die statistische <strong>Autismus-Diagnose bei Kindern<\/strong> gestellt wird. Autismus beinhaltet eine gest\u00f6rte Wahrnehmung von Sinneseindr\u00fccken und Schwierigkeiten bei der Kommunikation, dem Ausdruck der eigenen Gef\u00fchle und dem Erkennen der Gef\u00fchle und Absichten anderer. Die ersten Symptome des atypischen Autismus treten in der Regel erst im Alter von drei Jahren auf. Sie bleiben in der Regel in mehr oder weniger starkem Ma\u00dfe bis zum Lebensende bestehen.<\/p><\/blockquote>\n<h4>Symptome des atypischen Autismus<\/h4>\n<p>Autismus ist eine Funktionsst\u00f6rung des zentralen Nervensystems &#8211; dazu geh\u00f6ren sowohl der fr\u00fchkindliche Autismus als auch der atypische Autismus.<\/p>\n<p>Die Symptome des atypischen Autismus sind im Wesentlichen identisch mit denen des fr\u00fchkindlichen Autismus. Kinder mit atypischem Autismus fangen sp\u00e4ter als ihre Altersgenossen an zu sprechen, interessieren sich mehr f\u00fcr Gegenst\u00e4nde als f\u00fcr Menschen, einschlie\u00dflich ihrer unmittelbaren Bezugspersonen, folgen einem sich bewegenden Gegenstand nicht mit den Augen und vermeiden es, Menschen anzuschauen; besonders ungern schauen sie Menschen an. Kinder mit atypischem Autismus zeigen auch ein mangelndes Schmerzempfinden. Sie m\u00f6gen keine Ver\u00e4nderungen &#8211; sowohl in Bezug auf die Anordnung der Objekte in ihrer unmittelbaren Umgebung als auch auf ihren Tagesablauf. Sie neigen dazu, die gleichen Worte oder das gleiche Spiel immer wieder zu wiederholen. Sie kuscheln nicht gerne, tolerieren Ber\u00fchrungen durch andere Menschen oft \u00fcberhaupt nicht, sind nicht an der Interaktion mit anderen Kindern interessiert, haben pl\u00f6tzliche Wutanf\u00e4lle und sogar Aggressionen. Sie zeigen auch selbstaggressives Verhalten.<\/p>\n<p>Atypischer Autismus wird in der Regel nach dem dritten Lebensjahr des Kindes diagnostiziert, also sp\u00e4ter als der Standard-Autismus. Dies liegt oft daran, dass der atypische Autismus von anderen St\u00f6rungen begleitet wird, auf die sich die Aufmerksamkeit von Eltern und \u00c4rzten konzentriert. Autistisches Verhalten wird auf die St\u00f6rung zur\u00fcckgef\u00fchrt, und es dauert in der Regel einige Zeit, bis ein Arzt bei dem Kind atypischen Autismus diagnostiziert. Es kann jedoch auch vorkommen, dass sich ein Kind bis zum Alter von drei Jahren normal entwickelt, danach \u00e4ndert sich das Verhalten und die Symptome des Autismus treten auf. Besonders besorgniserregend ist der allm\u00e4hliche oder pl\u00f6tzliche Verlust der F\u00e4higkeit des Kindes, zu kommunizieren und soziale Beziehungen aufzubauen, insbesondere die Abneigung gegen das Spielen mit Gleichaltrigen.<\/p>\n<h4>Ursachen f\u00fcr atypischen Autismus<\/h4>\n<p>Die Ursachen des atypischen Autismus sind noch nicht vollst\u00e4ndig gekl\u00e4rt und von Wissenschaftlern untersucht worden. Zu den Risikofaktoren f\u00fcr diesen Zustand geh\u00f6ren Fr\u00fchgeburtlichkeit, geringes Geburtsgewicht, h\u00f6heres Alter der Eltern, Einnahme bestimmter Medikamente und Umweltverschmutzung.<\/p>\n<p>Die h\u00e4ufigsten genetischen Faktoren, die als Ursache f\u00fcr atypischen Autismus gelten, sind eine Mutation, die als fragiles X-Chromosom-Syndrom bezeichnet wird, tuber\u00f6se Sklerose, Mutation des ADA2-Gens und Mutationen bestimmter Gene in der Region von Chromosom 2 und 7.<\/p>\n<p>Zu den Risikofaktoren geh\u00f6ren auch Toxoplasmose in der Schwangerschaft, zerebrale Kinderl\u00e4hmung und perinatale Traumata. J\u00fcngsten wissenschaftlichen Studien zufolge gibt es keinen Zusammenhang mit Autismus durch Impfungen.<\/p>\n<h4>Welche Behandlung wird bei atypischem Autismus eingesetzt?<\/h4>\n<p>Atypischer Autismus ist eine unheilbare Krankheit. Die Symptome k\u00f6nnen zwar gelindert werden, aber sie werden einen Patienten, bei dem atypischer Autismus diagnostiziert wird, im Grunde sein ganzes Leben lang begleiten.<\/p>\n<p>Wenn bei einem Kind atypischer Autismus diagnostiziert wird, ist es sehr wichtig, so fr\u00fch wie m\u00f6glich eine Therapie einzuleiten. Eine umfassende, auf den Einzelfall zugeschnittene Psychotherapie ist optimal. Bei jedem diagnostizierten Autismus, einschlie\u00dflich des atypischen Autismus, ist es wichtig, dass das Kind zumindest ein minimales Interesse an seiner Umgebung sowie sprachliche und soziale Kompetenzen entwickelt, wozu auch der Aufbau von Beziehungen zu Gleichaltrigen und zu Betreuungspersonen geh\u00f6rt.<\/p>\n<p>Bei Kindern mit atypischem Autismus variiert der Schweregrad der spezifischen Symptome. Einige Kinder entwickeln \u00fcberhaupt keine F\u00e4higkeit zu sprechen, andere kommunizieren nur die dringendsten Bed\u00fcrfnisse, und es kann sein, dass sie ihre eigene Art der Kommunikation haben, zum Beispiel durch Gesten. Sie haben Schwierigkeiten, ihre Gef\u00fchle auszudr\u00fccken und auf \u00e4u\u00dfere Reize zu reagieren. Ziel der Psychotherapie ist es, das Kind f\u00fcr Beziehungen mit der Au\u00dfenwelt zu \u00f6ffnen und zu lernen, Gef\u00fchle auszudr\u00fccken und Interaktionen mit der Umwelt aufzubauen. Dem Kind wird auch beigebracht, die Gef\u00fchle anderer Menschen zu erkennen.<\/p>\n<hr \/>\n<p>Quelle:<\/p>\n<ul>\n<li><em>https:\/\/www.medonet.pl\/choroby-od-a-do-z,autyzm-atypowy&#8212;objawy&#8211;przyczyny&#8211;leczenie,artykul,1730072.html<\/em><\/li>\n<\/ul>\n","protected":false},"excerpt":{"rendered":"<p>Atypischer Autismus ist eine Form des Autismus, die etwas sp\u00e4ter als die statistische Autismus-Diagnose bei Kindern gestellt wird. Autismus beinhaltet eine gest\u00f6rte Wahrnehmung von Sinneseindr\u00fccken&#8230;<\/p>\n","protected":false},"author":1,"featured_media":1602,"comment_status":"closed","ping_status":"open","sticky":false,"template":"","format":"standard","meta":{"inline_featured_image":false},"categories":[44],"tags":[],"yoast_head":"<!-- This site is optimized with the Yoast SEO plugin v18.1 - https:\/\/yoast.com\/wordpress\/plugins\/seo\/ -->\n<title>Atypischer Autismus - was ist das f\u00fcr eine Krankheit? - Diagnostik des Geistes<\/title>\n<meta name=\"robots\" content=\"index, follow, max-snippet:-1, max-image-preview:large, max-video-preview:-1\" \/>\n<link rel=\"canonical\" href=\"https:\/\/www.diagnostik-des-geistes.de\/blog\/autismus-spektrum-storung\/atypischer-autismus-was-ist-das-fuer-eine-krankheit\/\" \/>\n<meta property=\"og:locale\" content=\"de_DE\" \/>\n<meta property=\"og:type\" content=\"article\" \/>\n<meta property=\"og:title\" content=\"Atypischer Autismus - was ist das f\u00fcr eine Krankheit? - Diagnostik des Geistes\" \/>\n<meta property=\"og:description\" content=\"Atypischer Autismus ist eine Form des Autismus, die etwas sp\u00e4ter als die statistische Autismus-Diagnose bei Kindern gestellt wird. Autismus beinhaltet eine gest\u00f6rte Wahrnehmung von Sinneseindr\u00fccken...\" \/>\n<meta property=\"og:url\" content=\"https:\/\/www.diagnostik-des-geistes.de\/blog\/autismus-spektrum-storung\/atypischer-autismus-was-ist-das-fuer-eine-krankheit\/\" \/>\n<meta property=\"og:site_name\" content=\"Diagnostik des Geistes\" \/>\n<meta property=\"article:published_time\" content=\"2022-08-18T13:33:55+00:00\" \/>\n<meta name=\"twitter:card\" content=\"summary_large_image\" \/>\n<meta name=\"twitter:image\" content=\"https:\/\/www.diagnostik-des-geistes.de\/blog\/wp-content\/uploads\/2022\/08\/13-1.webp\" \/>\n<meta name=\"twitter:label1\" content=\"Verfasst von\" \/>\n\t<meta name=\"twitter:data1\" content=\"Diagnostik Geistes\" \/>\n\t<meta name=\"twitter:label2\" content=\"Gesch\u00e4tzte Lesezeit\" \/>\n\t<meta name=\"twitter:data2\" content=\"4 Minuten\" \/>\n<script type=\"application\/ld+json\" class=\"yoast-schema-graph\">{\"@context\":\"https:\/\/schema.org\",\"@graph\":[{\"@type\":\"Organization\",\"@id\":\"https:\/\/www.diagnostik-des-geistes.de\/blog\/#organization\",\"name\":\"Diagnostik des Geistes\",\"url\":\"https:\/\/www.diagnostik-des-geistes.de\/blog\/\",\"sameAs\":[],\"logo\":{\"@type\":\"ImageObject\",\"@id\":\"https:\/\/www.diagnostik-des-geistes.de\/blog\/#logo\",\"inLanguage\":\"de-DE\",\"url\":\"https:\/\/www.diagnostik-des-geistes.de\/blog\/wp-content\/uploads\/2022\/02\/Diagnostik-des-Geistes.png\",\"contentUrl\":\"https:\/\/www.diagnostik-des-geistes.de\/blog\/wp-content\/uploads\/2022\/02\/Diagnostik-des-Geistes.png\",\"width\":282,\"height\":92,\"caption\":\"Diagnostik des Geistes\"},\"image\":{\"@id\":\"https:\/\/www.diagnostik-des-geistes.de\/blog\/#logo\"}},{\"@type\":\"WebSite\",\"@id\":\"https:\/\/www.diagnostik-des-geistes.de\/blog\/#website\",\"url\":\"https:\/\/www.diagnostik-des-geistes.de\/blog\/\",\"name\":\"Diagnostik des Geistes\",\"description\":\"Blog \u00fcber psychische St\u00f6rungen\",\"publisher\":{\"@id\":\"https:\/\/www.diagnostik-des-geistes.de\/blog\/#organization\"},\"potentialAction\":[{\"@type\":\"SearchAction\",\"target\":{\"@type\":\"EntryPoint\",\"urlTemplate\":\"https:\/\/www.diagnostik-des-geistes.de\/blog\/?s={search_term_string}\"},\"query-input\":\"required name=search_term_string\"}],\"inLanguage\":\"de-DE\"},{\"@type\":\"ImageObject\",\"@id\":\"https:\/\/www.diagnostik-des-geistes.de\/blog\/autismus-spektrum-storung\/atypischer-autismus-was-ist-das-fuer-eine-krankheit\/#primaryimage\",\"inLanguage\":\"de-DE\",\"url\":\"https:\/\/www.diagnostik-des-geistes.de\/blog\/wp-content\/uploads\/2022\/08\/13-1.webp\",\"contentUrl\":\"https:\/\/www.diagnostik-des-geistes.de\/blog\/wp-content\/uploads\/2022\/08\/13-1.webp\",\"width\":766,\"height\":397},{\"@type\":\"WebPage\",\"@id\":\"https:\/\/www.diagnostik-des-geistes.de\/blog\/autismus-spektrum-storung\/atypischer-autismus-was-ist-das-fuer-eine-krankheit\/#webpage\",\"url\":\"https:\/\/www.diagnostik-des-geistes.de\/blog\/autismus-spektrum-storung\/atypischer-autismus-was-ist-das-fuer-eine-krankheit\/\",\"name\":\"Atypischer Autismus - was ist das f\u00fcr eine Krankheit? - Diagnostik des Geistes\",\"isPartOf\":{\"@id\":\"https:\/\/www.diagnostik-des-geistes.de\/blog\/#website\"},\"primaryImageOfPage\":{\"@id\":\"https:\/\/www.diagnostik-des-geistes.de\/blog\/autismus-spektrum-storung\/atypischer-autismus-was-ist-das-fuer-eine-krankheit\/#primaryimage\"},\"datePublished\":\"2022-08-18T13:33:55+00:00\",\"dateModified\":\"2022-08-18T13:33:55+00:00\",\"breadcrumb\":{\"@id\":\"https:\/\/www.diagnostik-des-geistes.de\/blog\/autismus-spektrum-storung\/atypischer-autismus-was-ist-das-fuer-eine-krankheit\/#breadcrumb\"},\"inLanguage\":\"de-DE\",\"potentialAction\":[{\"@type\":\"ReadAction\",\"target\":[\"https:\/\/www.diagnostik-des-geistes.de\/blog\/autismus-spektrum-storung\/atypischer-autismus-was-ist-das-fuer-eine-krankheit\/\"]}]},{\"@type\":\"BreadcrumbList\",\"@id\":\"https:\/\/www.diagnostik-des-geistes.de\/blog\/autismus-spektrum-storung\/atypischer-autismus-was-ist-das-fuer-eine-krankheit\/#breadcrumb\",\"itemListElement\":[{\"@type\":\"ListItem\",\"position\":1,\"name\":\"Homepage\",\"item\":\"https:\/\/www.diagnostik-des-geistes.de\/blog\/\"},{\"@type\":\"ListItem\",\"position\":2,\"name\":\"Autismus\",\"item\":\"https:\/\/www.diagnostik-des-geistes.de\/blog\/autismus-spektrum-storung\/\"},{\"@type\":\"ListItem\",\"position\":3,\"name\":\"Atypisch\"}]},{\"@type\":\"Article\",\"@id\":\"https:\/\/www.diagnostik-des-geistes.de\/blog\/autismus-spektrum-storung\/atypischer-autismus-was-ist-das-fuer-eine-krankheit\/#article\",\"isPartOf\":{\"@id\":\"https:\/\/www.diagnostik-des-geistes.de\/blog\/autismus-spektrum-storung\/atypischer-autismus-was-ist-das-fuer-eine-krankheit\/#webpage\"},\"author\":{\"@id\":\"https:\/\/www.diagnostik-des-geistes.de\/blog\/#\/schema\/person\/8eb1bcaf59fea75c780c11946f4e3490\"},\"headline\":\"Atypischer Autismus &#8211; was ist das f\u00fcr eine Krankheit?\",\"datePublished\":\"2022-08-18T13:33:55+00:00\",\"dateModified\":\"2022-08-18T13:33:55+00:00\",\"mainEntityOfPage\":{\"@id\":\"https:\/\/www.diagnostik-des-geistes.de\/blog\/autismus-spektrum-storung\/atypischer-autismus-was-ist-das-fuer-eine-krankheit\/#webpage\"},\"wordCount\":721,\"publisher\":{\"@id\":\"https:\/\/www.diagnostik-des-geistes.de\/blog\/#organization\"},\"image\":{\"@id\":\"https:\/\/www.diagnostik-des-geistes.de\/blog\/autismus-spektrum-storung\/atypischer-autismus-was-ist-das-fuer-eine-krankheit\/#primaryimage\"},\"thumbnailUrl\":\"https:\/\/www.diagnostik-des-geistes.de\/blog\/wp-content\/uploads\/2022\/08\/13-1.webp\",\"articleSection\":[\"Autismus-Spektrum-St\u00f6rung\"],\"inLanguage\":\"de-DE\"},{\"@type\":\"Person\",\"@id\":\"https:\/\/www.diagnostik-des-geistes.de\/blog\/#\/schema\/person\/8eb1bcaf59fea75c780c11946f4e3490\",\"name\":\"Diagnostik Geistes\",\"image\":{\"@type\":\"ImageObject\",\"@id\":\"https:\/\/www.diagnostik-des-geistes.de\/blog\/#personlogo\",\"inLanguage\":\"de-DE\",\"url\":\"https:\/\/secure.gravatar.com\/avatar\/6743211f010801ea26aa9423a2daab37?s=96&d=mm&r=g\",\"contentUrl\":\"https:\/\/secure.gravatar.com\/avatar\/6743211f010801ea26aa9423a2daab37?s=96&d=mm&r=g\",\"caption\":\"Diagnostik Geistes\"},\"sameAs\":[\"https:\/\/www.diagnostik-des-geistes.de\/blog\"],\"url\":\"https:\/\/www.diagnostik-des-geistes.de\/blog\/author\/diagnostyka-umyslu\/\"}]}<\/script>\n<!-- \/ Yoast SEO plugin. -->","yoast_head_json":{"title":"Atypischer Autismus - was ist das f\u00fcr eine Krankheit? - Diagnostik des Geistes","robots":{"index":"index","follow":"follow","max-snippet":"max-snippet:-1","max-image-preview":"max-image-preview:large","max-video-preview":"max-video-preview:-1"},"canonical":"https:\/\/www.diagnostik-des-geistes.de\/blog\/autismus-spektrum-storung\/atypischer-autismus-was-ist-das-fuer-eine-krankheit\/","og_locale":"de_DE","og_type":"article","og_title":"Atypischer Autismus - was ist das f\u00fcr eine Krankheit? - Diagnostik des Geistes","og_description":"Atypischer Autismus ist eine Form des Autismus, die etwas sp\u00e4ter als die statistische Autismus-Diagnose bei Kindern gestellt wird. Autismus beinhaltet eine gest\u00f6rte Wahrnehmung von Sinneseindr\u00fccken...","og_url":"https:\/\/www.diagnostik-des-geistes.de\/blog\/autismus-spektrum-storung\/atypischer-autismus-was-ist-das-fuer-eine-krankheit\/","og_site_name":"Diagnostik des Geistes","article_published_time":"2022-08-18T13:33:55+00:00","twitter_card":"summary_large_image","twitter_image":"https:\/\/www.diagnostik-des-geistes.de\/blog\/wp-content\/uploads\/2022\/08\/13-1.webp","twitter_misc":{"Verfasst von":"Diagnostik Geistes","Gesch\u00e4tzte Lesezeit":"4 Minuten"},"schema":{"@context":"https:\/\/schema.org","@graph":[{"@type":"Organization","@id":"https:\/\/www.diagnostik-des-geistes.de\/blog\/#organization","name":"Diagnostik des Geistes","url":"https:\/\/www.diagnostik-des-geistes.de\/blog\/","sameAs":[],"logo":{"@type":"ImageObject","@id":"https:\/\/www.diagnostik-des-geistes.de\/blog\/#logo","inLanguage":"de-DE","url":"https:\/\/www.diagnostik-des-geistes.de\/blog\/wp-content\/uploads\/2022\/02\/Diagnostik-des-Geistes.png","contentUrl":"https:\/\/www.diagnostik-des-geistes.de\/blog\/wp-content\/uploads\/2022\/02\/Diagnostik-des-Geistes.png","width":282,"height":92,"caption":"Diagnostik des Geistes"},"image":{"@id":"https:\/\/www.diagnostik-des-geistes.de\/blog\/#logo"}},{"@type":"WebSite","@id":"https:\/\/www.diagnostik-des-geistes.de\/blog\/#website","url":"https:\/\/www.diagnostik-des-geistes.de\/blog\/","name":"Diagnostik des Geistes","description":"Blog \u00fcber psychische St\u00f6rungen","publisher":{"@id":"https:\/\/www.diagnostik-des-geistes.de\/blog\/#organization"},"potentialAction":[{"@type":"SearchAction","target":{"@type":"EntryPoint","urlTemplate":"https:\/\/www.diagnostik-des-geistes.de\/blog\/?s={search_term_string}"},"query-input":"required name=search_term_string"}],"inLanguage":"de-DE"},{"@type":"ImageObject","@id":"https:\/\/www.diagnostik-des-geistes.de\/blog\/autismus-spektrum-storung\/atypischer-autismus-was-ist-das-fuer-eine-krankheit\/#primaryimage","inLanguage":"de-DE","url":"https:\/\/www.diagnostik-des-geistes.de\/blog\/wp-content\/uploads\/2022\/08\/13-1.webp","contentUrl":"https:\/\/www.diagnostik-des-geistes.de\/blog\/wp-content\/uploads\/2022\/08\/13-1.webp","width":766,"height":397},{"@type":"WebPage","@id":"https:\/\/www.diagnostik-des-geistes.de\/blog\/autismus-spektrum-storung\/atypischer-autismus-was-ist-das-fuer-eine-krankheit\/#webpage","url":"https:\/\/www.diagnostik-des-geistes.de\/blog\/autismus-spektrum-storung\/atypischer-autismus-was-ist-das-fuer-eine-krankheit\/","name":"Atypischer Autismus - was ist das f\u00fcr eine Krankheit? - Diagnostik des Geistes","isPartOf":{"@id":"https:\/\/www.diagnostik-des-geistes.de\/blog\/#website"},"primaryImageOfPage":{"@id":"https:\/\/www.diagnostik-des-geistes.de\/blog\/autismus-spektrum-storung\/atypischer-autismus-was-ist-das-fuer-eine-krankheit\/#primaryimage"},"datePublished":"2022-08-18T13:33:55+00:00","dateModified":"2022-08-18T13:33:55+00:00","breadcrumb":{"@id":"https:\/\/www.diagnostik-des-geistes.de\/blog\/autismus-spektrum-storung\/atypischer-autismus-was-ist-das-fuer-eine-krankheit\/#breadcrumb"},"inLanguage":"de-DE","potentialAction":[{"@type":"ReadAction","target":["https:\/\/www.diagnostik-des-geistes.de\/blog\/autismus-spektrum-storung\/atypischer-autismus-was-ist-das-fuer-eine-krankheit\/"]}]},{"@type":"BreadcrumbList","@id":"https:\/\/www.diagnostik-des-geistes.de\/blog\/autismus-spektrum-storung\/atypischer-autismus-was-ist-das-fuer-eine-krankheit\/#breadcrumb","itemListElement":[{"@type":"ListItem","position":1,"name":"Homepage","item":"https:\/\/www.diagnostik-des-geistes.de\/blog\/"},{"@type":"ListItem","position":2,"name":"Autismus","item":"https:\/\/www.diagnostik-des-geistes.de\/blog\/autismus-spektrum-storung\/"},{"@type":"ListItem","position":3,"name":"Atypisch"}]},{"@type":"Article","@id":"https:\/\/www.diagnostik-des-geistes.de\/blog\/autismus-spektrum-storung\/atypischer-autismus-was-ist-das-fuer-eine-krankheit\/#article","isPartOf":{"@id":"https:\/\/www.diagnostik-des-geistes.de\/blog\/autismus-spektrum-storung\/atypischer-autismus-was-ist-das-fuer-eine-krankheit\/#webpage"},"author":{"@id":"https:\/\/www.diagnostik-des-geistes.de\/blog\/#\/schema\/person\/8eb1bcaf59fea75c780c11946f4e3490"},"headline":"Atypischer Autismus &#8211; was ist das f\u00fcr eine Krankheit?","datePublished":"2022-08-18T13:33:55+00:00","dateModified":"2022-08-18T13:33:55+00:00","mainEntityOfPage":{"@id":"https:\/\/www.diagnostik-des-geistes.de\/blog\/autismus-spektrum-storung\/atypischer-autismus-was-ist-das-fuer-eine-krankheit\/#webpage"},"wordCount":721,"publisher":{"@id":"https:\/\/www.diagnostik-des-geistes.de\/blog\/#organization"},"image":{"@id":"https:\/\/www.diagnostik-des-geistes.de\/blog\/autismus-spektrum-storung\/atypischer-autismus-was-ist-das-fuer-eine-krankheit\/#primaryimage"},"thumbnailUrl":"https:\/\/www.diagnostik-des-geistes.de\/blog\/wp-content\/uploads\/2022\/08\/13-1.webp","articleSection":["Autismus-Spektrum-St\u00f6rung"],"inLanguage":"de-DE"},{"@type":"Person","@id":"https:\/\/www.diagnostik-des-geistes.de\/blog\/#\/schema\/person\/8eb1bcaf59fea75c780c11946f4e3490","name":"Diagnostik Geistes","image":{"@type":"ImageObject","@id":"https:\/\/www.diagnostik-des-geistes.de\/blog\/#personlogo","inLanguage":"de-DE","url":"https:\/\/secure.gravatar.com\/avatar\/6743211f010801ea26aa9423a2daab37?s=96&d=mm&r=g","contentUrl":"https:\/\/secure.gravatar.com\/avatar\/6743211f010801ea26aa9423a2daab37?s=96&d=mm&r=g","caption":"Diagnostik Geistes"},"sameAs":["https:\/\/www.diagnostik-des-geistes.de\/blog"],"url":"https:\/\/www.diagnostik-des-geistes.de\/blog\/author\/diagnostyka-umyslu\/"}]}},"amp_enabled":true,"_links":{"self":[{"href":"https:\/\/www.diagnostik-des-geistes.de\/blog\/wp-json\/wp\/v2\/posts\/1601"}],"collection":[{"href":"https:\/\/www.diagnostik-des-geistes.de\/blog\/wp-json\/wp\/v2\/posts"}],"about":[{"href":"https:\/\/www.diagnostik-des-geistes.de\/blog\/wp-json\/wp\/v2\/types\/post"}],"author":[{"embeddable":true,"href":"https:\/\/www.diagnostik-des-geistes.de\/blog\/wp-json\/wp\/v2\/users\/1"}],"replies":[{"embeddable":true,"href":"https:\/\/www.diagnostik-des-geistes.de\/blog\/wp-json\/wp\/v2\/comments?post=1601"}],"version-history":[{"count":1,"href":"https:\/\/www.diagnostik-des-geistes.de\/blog\/wp-json\/wp\/v2\/posts\/1601\/revisions"}],"predecessor-version":[{"id":1603,"href":"https:\/\/www.diagnostik-des-geistes.de\/blog\/wp-json\/wp\/v2\/posts\/1601\/revisions\/1603"}],"wp:featuredmedia":[{"embeddable":true,"href":"https:\/\/www.diagnostik-des-geistes.de\/blog\/wp-json\/wp\/v2\/media\/1602"}],"wp:attachment":[{"href":"https:\/\/www.diagnostik-des-geistes.de\/blog\/wp-json\/wp\/v2\/media?parent=1601"}],"wp:term":[{"taxonomy":"category","embeddable":true,"href":"https:\/\/www.diagnostik-des-geistes.de\/blog\/wp-json\/wp\/v2\/categories?post=1601"},{"taxonomy":"post_tag","embeddable":true,"href":"https:\/\/www.diagnostik-des-geistes.de\/blog\/wp-json\/wp\/v2\/tags?post=1601"}],"curies":[{"name":"wp","href":"https:\/\/api.w.org\/{rel}","templated":true}]}}