{"id":1598,"date":"2022-08-18T15:27:15","date_gmt":"2022-08-18T13:27:15","guid":{"rendered":"https:\/\/www.diagnostik-des-geistes.de\/blog\/?p=1598"},"modified":"2022-08-18T15:27:15","modified_gmt":"2022-08-18T13:27:15","slug":"autismus-spektrum-stoerung-merkmale-ursachen-und-symptome","status":"publish","type":"post","link":"https:\/\/www.diagnostik-des-geistes.de\/blog\/autismus-spektrum-storung\/autismus-spektrum-stoerung-merkmale-ursachen-und-symptome\/","title":{"rendered":"Autismus-Spektrum-St\u00f6rung &#8211; Merkmale, Ursachen und Symptome"},"content":{"rendered":"<blockquote><p>Autismus-Spektrum-St\u00f6rung ist ein weit gefasster Begriff, der eine Vielzahl von autistischen St\u00f6rungen umfasst. Autistische St\u00f6rungen werden in der Regel in der Kindheit erkannt und diagnostiziert, da die Symptome der St\u00f6rung selbst relativ fr\u00fch auftreten. <a href=\"https:\/\/www.diagnostik-des-geistes.de\/test-fur-autismus-spektrum-storungen\">Autismus-Spektrum-St\u00f6rungen<\/a> beeintr\u00e4chtigen die Lebensqualit\u00e4t eines Kindes und sein Funktionieren in der Gesellschaft erheblich.<\/p><\/blockquote>\n<h4>Was ist eine Autismus-Spektrum-St\u00f6rung?<\/h4>\n<p>Eine Autismus-Spektrum-St\u00f6rung ist eine St\u00f6rung mit unterschiedlichen Mechanismen oder Ursachen, die zu Entwicklungsschwierigkeiten f\u00fchren. Menschen, die mit dem Autismus-Spektrum zu k\u00e4mpfen haben, haben Probleme mit der Kommunikation, der sozialen Interaktion oder einer begrenzten Anzahl von Interessen. Zu den Autismus-Spektrum-St\u00f6rungen geh\u00f6ren:<\/p>\n<ul>\n<li>Infantiler Autismus &#8211; das Kind sch\u00e4tzt die Informationen, die es erh\u00e4lt, falsch ein. Es hat Probleme, das Verhalten anderer zu verstehen und mit ihnen zu kommunizieren. Selbst die kleinsten Ver\u00e4nderungen in der Umgebung des Kindes k\u00f6nnen Angst und Panik ausl\u00f6sen;<\/li>\n<li>Atypischer Autismus &#8211; die Symptome treten nach dem Alter von 3 Jahren auf. Auch in diesem Fall gibt es keine charakteristischen Symptome oder Faktoren, die die Grundlage f\u00fcr eine Diagnose bilden. F\u00e4lschlicherweise wird angenommen, dass atypischer Autismus eine St\u00f6rung mit leichterem Verlauf und weniger hartn\u00e4ckigen Symptomen ist als infantiler Autismus;<\/li>\n<li>Asperger-Syndrom &#8211; ist durch \u00e4hnliche Symptome wie Autismus gekennzeichnet, aber es gibt keine Verz\u00f6gerung der Sprache oder der intellektuellen F\u00e4higkeiten im Verlauf dieser St\u00f6rung;<\/li>\n<li>Rett-Syndrom &#8211; zeichnet sich durch eine tiefgreifende motorische Beeintr\u00e4chtigung sowie eine eingeschr\u00e4nkte F\u00e4higkeit zur Kommunikation mit der Umwelt aus;<\/li>\n<li>Beeintr\u00e4chtigung der nonverbalen Lernf\u00e4higkeiten;<\/li>\n<li>Ganzheitliche Entwicklungsst\u00f6rung.<\/li>\n<\/ul>\n<h4>Was sind die Ursachen f\u00fcr Autismus-Spektrum-St\u00f6rungen?<\/h4>\n<p>Aller Wahrscheinlichkeit nach wird davon ausgegangen, dass die Autismus-Spektrum-St\u00f6rung durch neurologische Defekte mit im Einzelnen unbekannter \u00c4tiologie verursacht wird. Zu den am h\u00e4ufigsten genannten Ursachen geh\u00f6ren folgende:<\/p>\n<ul>\n<li>Genetische Bedingungen &#8211; die Neigung, eine autistische St\u00f6rung zu entwickeln, wird vererbt. Wissenschaftler haben 20-30 Gene entdeckt, die f\u00fcr das Auftreten von Autismus verantwortlich sind;<\/li>\n<li>Das Alter des Vaters \u00fcber 40 Jahre;<\/li>\n<li>Stoffwechselst\u00f6rungen wie Glukose- oder Kaseinintoleranz;<\/li>\n<li>St\u00f6rungen der Mikroflora des Darms;<\/li>\n<li>Perinatales Trauma;<\/li>\n<li>Schwere Infektionen, die im S\u00e4uglingsalter mit Antibiotika behandelt wurden;<\/li>\n<li>Zerebrale L\u00e4hmung;<\/li>\n<li>Sch\u00e4digung des zentralen Nervensystems;<\/li>\n<li>Angeborene Toxoplasmose.<\/li>\n<\/ul>\n<h4>Autismus-Spektrum-St\u00f6rung &#8211; Symptome<\/h4>\n<p>Die Liste der Autismus-Symptome ist sehr lang, und um sie zu ordnen, werden sie in Kategorien unterteilt. Die Symptome des Autismus betreffen also den kommunikativen, den sozialen und den Verhaltensbereich. Kinder mit autistischen Symptomen im kommunikativen Bereich vermeiden den Blickkontakt, und ihre Mimik stimmt nicht mit den gesprochenen Worten \u00fcberein. Menschen mit Autismus haben Probleme, nonverbale Kommunikation richtig zu interpretieren. Sie verstehen oft Witze nicht, wiederholen dieselben S\u00e4tze mehrmals und wiederholen, anstatt auf eine Frage zu antworten, den Inhalt der gestellten Frage. Im Zusammenhang mit der Autismus-Zone im sozialen Bereich wird darauf hingewiesen, dass die Kinder keinen besonderen Wunsch nach dem Aufbau sozialer Beziehungen \u00e4u\u00dfern. Sie haben Schwierigkeiten, die Gef\u00fchle anderer zu verstehen und k\u00f6nnen oft nicht h\u00f6ren, was zu ihnen gesagt wird. Kinder mit Autismus teilen ihre Sachen nicht gerne mit anderen, was oft in einer Schl\u00e4gerei auf einem gemeinsamen Spielplatz endet. Der Bereich der Verhaltenssymptome im Autismus-Spektrum umfasst dagegen sich wiederholende Erfahrungen. Menschen mit Autismus haben eine Abneigung gegen Ver\u00e4nderungen und k\u00f6nnen sich nur sehr schwer an diese anpassen. Sie h\u00e4ngen stark an verschiedenen, manchmal kleinen Dingen und interessieren sich f\u00fcr bestimmte Kenntnisse, wie z. B. das Lernen und Auswendiglernen von Stundenpl\u00e4nen.<\/p>\n<hr \/>\n<p>Quelle:<\/p>\n<ul>\n<li><em>https:\/\/www.medonet.pl\/zdrowie,spektrum-autyzmu&#8212;charakterystyka&#8211;przyczyny-i-objawy,artykul,1734307.html<\/em><\/li>\n<\/ul>\n","protected":false},"excerpt":{"rendered":"<p>Autismus-Spektrum-St\u00f6rung ist ein weit gefasster Begriff, der eine Vielzahl von autistischen St\u00f6rungen umfasst. Autistische St\u00f6rungen werden in der Regel in der Kindheit erkannt und diagnostiziert,&#8230;<\/p>\n","protected":false},"author":1,"featured_media":1599,"comment_status":"closed","ping_status":"open","sticky":false,"template":"","format":"standard","meta":{"inline_featured_image":false},"categories":[44],"tags":[],"yoast_head":"<!-- This site is optimized with the Yoast SEO plugin v18.1 - https:\/\/yoast.com\/wordpress\/plugins\/seo\/ -->\n<title>Autismus-Spektrum-St\u00f6rung - Merkmale, Ursachen und Symptome - Diagnostik des Geistes<\/title>\n<meta name=\"robots\" content=\"index, follow, max-snippet:-1, max-image-preview:large, max-video-preview:-1\" \/>\n<link rel=\"canonical\" href=\"https:\/\/www.diagnostik-des-geistes.de\/blog\/autismus-spektrum-storung\/autismus-spektrum-stoerung-merkmale-ursachen-und-symptome\/\" \/>\n<meta property=\"og:locale\" content=\"de_DE\" \/>\n<meta property=\"og:type\" content=\"article\" \/>\n<meta property=\"og:title\" content=\"Autismus-Spektrum-St\u00f6rung - Merkmale, Ursachen und Symptome - Diagnostik des Geistes\" \/>\n<meta property=\"og:description\" content=\"Autismus-Spektrum-St\u00f6rung ist ein weit gefasster Begriff, der eine Vielzahl von autistischen St\u00f6rungen umfasst. Autistische St\u00f6rungen werden in der Regel in der Kindheit erkannt und diagnostiziert,...\" \/>\n<meta property=\"og:url\" content=\"https:\/\/www.diagnostik-des-geistes.de\/blog\/autismus-spektrum-storung\/autismus-spektrum-stoerung-merkmale-ursachen-und-symptome\/\" \/>\n<meta property=\"og:site_name\" content=\"Diagnostik des Geistes\" \/>\n<meta property=\"article:published_time\" content=\"2022-08-18T13:27:15+00:00\" \/>\n<meta name=\"twitter:card\" content=\"summary_large_image\" \/>\n<meta name=\"twitter:image\" content=\"https:\/\/www.diagnostik-des-geistes.de\/blog\/wp-content\/uploads\/2022\/08\/12-1.webp\" \/>\n<meta name=\"twitter:label1\" content=\"Verfasst von\" \/>\n\t<meta name=\"twitter:data1\" content=\"Diagnostik Geistes\" \/>\n\t<meta name=\"twitter:label2\" content=\"Gesch\u00e4tzte Lesezeit\" \/>\n\t<meta name=\"twitter:data2\" content=\"3 Minuten\" \/>\n<script type=\"application\/ld+json\" class=\"yoast-schema-graph\">{\"@context\":\"https:\/\/schema.org\",\"@graph\":[{\"@type\":\"Organization\",\"@id\":\"https:\/\/www.diagnostik-des-geistes.de\/blog\/#organization\",\"name\":\"Diagnostik des Geistes\",\"url\":\"https:\/\/www.diagnostik-des-geistes.de\/blog\/\",\"sameAs\":[],\"logo\":{\"@type\":\"ImageObject\",\"@id\":\"https:\/\/www.diagnostik-des-geistes.de\/blog\/#logo\",\"inLanguage\":\"de-DE\",\"url\":\"https:\/\/www.diagnostik-des-geistes.de\/blog\/wp-content\/uploads\/2022\/02\/Diagnostik-des-Geistes.png\",\"contentUrl\":\"https:\/\/www.diagnostik-des-geistes.de\/blog\/wp-content\/uploads\/2022\/02\/Diagnostik-des-Geistes.png\",\"width\":282,\"height\":92,\"caption\":\"Diagnostik des Geistes\"},\"image\":{\"@id\":\"https:\/\/www.diagnostik-des-geistes.de\/blog\/#logo\"}},{\"@type\":\"WebSite\",\"@id\":\"https:\/\/www.diagnostik-des-geistes.de\/blog\/#website\",\"url\":\"https:\/\/www.diagnostik-des-geistes.de\/blog\/\",\"name\":\"Diagnostik des Geistes\",\"description\":\"Blog \u00fcber psychische St\u00f6rungen\",\"publisher\":{\"@id\":\"https:\/\/www.diagnostik-des-geistes.de\/blog\/#organization\"},\"potentialAction\":[{\"@type\":\"SearchAction\",\"target\":{\"@type\":\"EntryPoint\",\"urlTemplate\":\"https:\/\/www.diagnostik-des-geistes.de\/blog\/?s={search_term_string}\"},\"query-input\":\"required name=search_term_string\"}],\"inLanguage\":\"de-DE\"},{\"@type\":\"ImageObject\",\"@id\":\"https:\/\/www.diagnostik-des-geistes.de\/blog\/autismus-spektrum-storung\/autismus-spektrum-stoerung-merkmale-ursachen-und-symptome\/#primaryimage\",\"inLanguage\":\"de-DE\",\"url\":\"https:\/\/www.diagnostik-des-geistes.de\/blog\/wp-content\/uploads\/2022\/08\/12-1.webp\",\"contentUrl\":\"https:\/\/www.diagnostik-des-geistes.de\/blog\/wp-content\/uploads\/2022\/08\/12-1.webp\",\"width\":767,\"height\":398},{\"@type\":\"WebPage\",\"@id\":\"https:\/\/www.diagnostik-des-geistes.de\/blog\/autismus-spektrum-storung\/autismus-spektrum-stoerung-merkmale-ursachen-und-symptome\/#webpage\",\"url\":\"https:\/\/www.diagnostik-des-geistes.de\/blog\/autismus-spektrum-storung\/autismus-spektrum-stoerung-merkmale-ursachen-und-symptome\/\",\"name\":\"Autismus-Spektrum-St\u00f6rung - Merkmale, Ursachen und Symptome - Diagnostik des Geistes\",\"isPartOf\":{\"@id\":\"https:\/\/www.diagnostik-des-geistes.de\/blog\/#website\"},\"primaryImageOfPage\":{\"@id\":\"https:\/\/www.diagnostik-des-geistes.de\/blog\/autismus-spektrum-storung\/autismus-spektrum-stoerung-merkmale-ursachen-und-symptome\/#primaryimage\"},\"datePublished\":\"2022-08-18T13:27:15+00:00\",\"dateModified\":\"2022-08-18T13:27:15+00:00\",\"breadcrumb\":{\"@id\":\"https:\/\/www.diagnostik-des-geistes.de\/blog\/autismus-spektrum-storung\/autismus-spektrum-stoerung-merkmale-ursachen-und-symptome\/#breadcrumb\"},\"inLanguage\":\"de-DE\",\"potentialAction\":[{\"@type\":\"ReadAction\",\"target\":[\"https:\/\/www.diagnostik-des-geistes.de\/blog\/autismus-spektrum-storung\/autismus-spektrum-stoerung-merkmale-ursachen-und-symptome\/\"]}]},{\"@type\":\"BreadcrumbList\",\"@id\":\"https:\/\/www.diagnostik-des-geistes.de\/blog\/autismus-spektrum-storung\/autismus-spektrum-stoerung-merkmale-ursachen-und-symptome\/#breadcrumb\",\"itemListElement\":[{\"@type\":\"ListItem\",\"position\":1,\"name\":\"Homepage\",\"item\":\"https:\/\/www.diagnostik-des-geistes.de\/blog\/\"},{\"@type\":\"ListItem\",\"position\":2,\"name\":\"Autismus\",\"item\":\"https:\/\/www.diagnostik-des-geistes.de\/blog\/autismus-spektrum-storung\/\"},{\"@type\":\"ListItem\",\"position\":3,\"name\":\"Merkmale\"}]},{\"@type\":\"Article\",\"@id\":\"https:\/\/www.diagnostik-des-geistes.de\/blog\/autismus-spektrum-storung\/autismus-spektrum-stoerung-merkmale-ursachen-und-symptome\/#article\",\"isPartOf\":{\"@id\":\"https:\/\/www.diagnostik-des-geistes.de\/blog\/autismus-spektrum-storung\/autismus-spektrum-stoerung-merkmale-ursachen-und-symptome\/#webpage\"},\"author\":{\"@id\":\"https:\/\/www.diagnostik-des-geistes.de\/blog\/#\/schema\/person\/8eb1bcaf59fea75c780c11946f4e3490\"},\"headline\":\"Autismus-Spektrum-St\u00f6rung &#8211; Merkmale, Ursachen und Symptome\",\"datePublished\":\"2022-08-18T13:27:15+00:00\",\"dateModified\":\"2022-08-18T13:27:15+00:00\",\"mainEntityOfPage\":{\"@id\":\"https:\/\/www.diagnostik-des-geistes.de\/blog\/autismus-spektrum-storung\/autismus-spektrum-stoerung-merkmale-ursachen-und-symptome\/#webpage\"},\"wordCount\":592,\"publisher\":{\"@id\":\"https:\/\/www.diagnostik-des-geistes.de\/blog\/#organization\"},\"image\":{\"@id\":\"https:\/\/www.diagnostik-des-geistes.de\/blog\/autismus-spektrum-storung\/autismus-spektrum-stoerung-merkmale-ursachen-und-symptome\/#primaryimage\"},\"thumbnailUrl\":\"https:\/\/www.diagnostik-des-geistes.de\/blog\/wp-content\/uploads\/2022\/08\/12-1.webp\",\"articleSection\":[\"Autismus-Spektrum-St\u00f6rung\"],\"inLanguage\":\"de-DE\"},{\"@type\":\"Person\",\"@id\":\"https:\/\/www.diagnostik-des-geistes.de\/blog\/#\/schema\/person\/8eb1bcaf59fea75c780c11946f4e3490\",\"name\":\"Diagnostik Geistes\",\"image\":{\"@type\":\"ImageObject\",\"@id\":\"https:\/\/www.diagnostik-des-geistes.de\/blog\/#personlogo\",\"inLanguage\":\"de-DE\",\"url\":\"https:\/\/secure.gravatar.com\/avatar\/6743211f010801ea26aa9423a2daab37?s=96&d=mm&r=g\",\"contentUrl\":\"https:\/\/secure.gravatar.com\/avatar\/6743211f010801ea26aa9423a2daab37?s=96&d=mm&r=g\",\"caption\":\"Diagnostik Geistes\"},\"sameAs\":[\"https:\/\/www.diagnostik-des-geistes.de\/blog\"],\"url\":\"https:\/\/www.diagnostik-des-geistes.de\/blog\/author\/diagnostyka-umyslu\/\"}]}<\/script>\n<!-- \/ Yoast SEO plugin. -->","yoast_head_json":{"title":"Autismus-Spektrum-St\u00f6rung - Merkmale, Ursachen und Symptome - Diagnostik des Geistes","robots":{"index":"index","follow":"follow","max-snippet":"max-snippet:-1","max-image-preview":"max-image-preview:large","max-video-preview":"max-video-preview:-1"},"canonical":"https:\/\/www.diagnostik-des-geistes.de\/blog\/autismus-spektrum-storung\/autismus-spektrum-stoerung-merkmale-ursachen-und-symptome\/","og_locale":"de_DE","og_type":"article","og_title":"Autismus-Spektrum-St\u00f6rung - Merkmale, Ursachen und Symptome - Diagnostik des Geistes","og_description":"Autismus-Spektrum-St\u00f6rung ist ein weit gefasster Begriff, der eine Vielzahl von autistischen St\u00f6rungen umfasst. Autistische St\u00f6rungen werden in der Regel in der Kindheit erkannt und diagnostiziert,...","og_url":"https:\/\/www.diagnostik-des-geistes.de\/blog\/autismus-spektrum-storung\/autismus-spektrum-stoerung-merkmale-ursachen-und-symptome\/","og_site_name":"Diagnostik des Geistes","article_published_time":"2022-08-18T13:27:15+00:00","twitter_card":"summary_large_image","twitter_image":"https:\/\/www.diagnostik-des-geistes.de\/blog\/wp-content\/uploads\/2022\/08\/12-1.webp","twitter_misc":{"Verfasst von":"Diagnostik Geistes","Gesch\u00e4tzte Lesezeit":"3 Minuten"},"schema":{"@context":"https:\/\/schema.org","@graph":[{"@type":"Organization","@id":"https:\/\/www.diagnostik-des-geistes.de\/blog\/#organization","name":"Diagnostik des Geistes","url":"https:\/\/www.diagnostik-des-geistes.de\/blog\/","sameAs":[],"logo":{"@type":"ImageObject","@id":"https:\/\/www.diagnostik-des-geistes.de\/blog\/#logo","inLanguage":"de-DE","url":"https:\/\/www.diagnostik-des-geistes.de\/blog\/wp-content\/uploads\/2022\/02\/Diagnostik-des-Geistes.png","contentUrl":"https:\/\/www.diagnostik-des-geistes.de\/blog\/wp-content\/uploads\/2022\/02\/Diagnostik-des-Geistes.png","width":282,"height":92,"caption":"Diagnostik des Geistes"},"image":{"@id":"https:\/\/www.diagnostik-des-geistes.de\/blog\/#logo"}},{"@type":"WebSite","@id":"https:\/\/www.diagnostik-des-geistes.de\/blog\/#website","url":"https:\/\/www.diagnostik-des-geistes.de\/blog\/","name":"Diagnostik des Geistes","description":"Blog \u00fcber psychische St\u00f6rungen","publisher":{"@id":"https:\/\/www.diagnostik-des-geistes.de\/blog\/#organization"},"potentialAction":[{"@type":"SearchAction","target":{"@type":"EntryPoint","urlTemplate":"https:\/\/www.diagnostik-des-geistes.de\/blog\/?s={search_term_string}"},"query-input":"required name=search_term_string"}],"inLanguage":"de-DE"},{"@type":"ImageObject","@id":"https:\/\/www.diagnostik-des-geistes.de\/blog\/autismus-spektrum-storung\/autismus-spektrum-stoerung-merkmale-ursachen-und-symptome\/#primaryimage","inLanguage":"de-DE","url":"https:\/\/www.diagnostik-des-geistes.de\/blog\/wp-content\/uploads\/2022\/08\/12-1.webp","contentUrl":"https:\/\/www.diagnostik-des-geistes.de\/blog\/wp-content\/uploads\/2022\/08\/12-1.webp","width":767,"height":398},{"@type":"WebPage","@id":"https:\/\/www.diagnostik-des-geistes.de\/blog\/autismus-spektrum-storung\/autismus-spektrum-stoerung-merkmale-ursachen-und-symptome\/#webpage","url":"https:\/\/www.diagnostik-des-geistes.de\/blog\/autismus-spektrum-storung\/autismus-spektrum-stoerung-merkmale-ursachen-und-symptome\/","name":"Autismus-Spektrum-St\u00f6rung - Merkmale, Ursachen und Symptome - Diagnostik des Geistes","isPartOf":{"@id":"https:\/\/www.diagnostik-des-geistes.de\/blog\/#website"},"primaryImageOfPage":{"@id":"https:\/\/www.diagnostik-des-geistes.de\/blog\/autismus-spektrum-storung\/autismus-spektrum-stoerung-merkmale-ursachen-und-symptome\/#primaryimage"},"datePublished":"2022-08-18T13:27:15+00:00","dateModified":"2022-08-18T13:27:15+00:00","breadcrumb":{"@id":"https:\/\/www.diagnostik-des-geistes.de\/blog\/autismus-spektrum-storung\/autismus-spektrum-stoerung-merkmale-ursachen-und-symptome\/#breadcrumb"},"inLanguage":"de-DE","potentialAction":[{"@type":"ReadAction","target":["https:\/\/www.diagnostik-des-geistes.de\/blog\/autismus-spektrum-storung\/autismus-spektrum-stoerung-merkmale-ursachen-und-symptome\/"]}]},{"@type":"BreadcrumbList","@id":"https:\/\/www.diagnostik-des-geistes.de\/blog\/autismus-spektrum-storung\/autismus-spektrum-stoerung-merkmale-ursachen-und-symptome\/#breadcrumb","itemListElement":[{"@type":"ListItem","position":1,"name":"Homepage","item":"https:\/\/www.diagnostik-des-geistes.de\/blog\/"},{"@type":"ListItem","position":2,"name":"Autismus","item":"https:\/\/www.diagnostik-des-geistes.de\/blog\/autismus-spektrum-storung\/"},{"@type":"ListItem","position":3,"name":"Merkmale"}]},{"@type":"Article","@id":"https:\/\/www.diagnostik-des-geistes.de\/blog\/autismus-spektrum-storung\/autismus-spektrum-stoerung-merkmale-ursachen-und-symptome\/#article","isPartOf":{"@id":"https:\/\/www.diagnostik-des-geistes.de\/blog\/autismus-spektrum-storung\/autismus-spektrum-stoerung-merkmale-ursachen-und-symptome\/#webpage"},"author":{"@id":"https:\/\/www.diagnostik-des-geistes.de\/blog\/#\/schema\/person\/8eb1bcaf59fea75c780c11946f4e3490"},"headline":"Autismus-Spektrum-St\u00f6rung &#8211; Merkmale, Ursachen und Symptome","datePublished":"2022-08-18T13:27:15+00:00","dateModified":"2022-08-18T13:27:15+00:00","mainEntityOfPage":{"@id":"https:\/\/www.diagnostik-des-geistes.de\/blog\/autismus-spektrum-storung\/autismus-spektrum-stoerung-merkmale-ursachen-und-symptome\/#webpage"},"wordCount":592,"publisher":{"@id":"https:\/\/www.diagnostik-des-geistes.de\/blog\/#organization"},"image":{"@id":"https:\/\/www.diagnostik-des-geistes.de\/blog\/autismus-spektrum-storung\/autismus-spektrum-stoerung-merkmale-ursachen-und-symptome\/#primaryimage"},"thumbnailUrl":"https:\/\/www.diagnostik-des-geistes.de\/blog\/wp-content\/uploads\/2022\/08\/12-1.webp","articleSection":["Autismus-Spektrum-St\u00f6rung"],"inLanguage":"de-DE"},{"@type":"Person","@id":"https:\/\/www.diagnostik-des-geistes.de\/blog\/#\/schema\/person\/8eb1bcaf59fea75c780c11946f4e3490","name":"Diagnostik Geistes","image":{"@type":"ImageObject","@id":"https:\/\/www.diagnostik-des-geistes.de\/blog\/#personlogo","inLanguage":"de-DE","url":"https:\/\/secure.gravatar.com\/avatar\/6743211f010801ea26aa9423a2daab37?s=96&d=mm&r=g","contentUrl":"https:\/\/secure.gravatar.com\/avatar\/6743211f010801ea26aa9423a2daab37?s=96&d=mm&r=g","caption":"Diagnostik Geistes"},"sameAs":["https:\/\/www.diagnostik-des-geistes.de\/blog"],"url":"https:\/\/www.diagnostik-des-geistes.de\/blog\/author\/diagnostyka-umyslu\/"}]}},"amp_enabled":true,"_links":{"self":[{"href":"https:\/\/www.diagnostik-des-geistes.de\/blog\/wp-json\/wp\/v2\/posts\/1598"}],"collection":[{"href":"https:\/\/www.diagnostik-des-geistes.de\/blog\/wp-json\/wp\/v2\/posts"}],"about":[{"href":"https:\/\/www.diagnostik-des-geistes.de\/blog\/wp-json\/wp\/v2\/types\/post"}],"author":[{"embeddable":true,"href":"https:\/\/www.diagnostik-des-geistes.de\/blog\/wp-json\/wp\/v2\/users\/1"}],"replies":[{"embeddable":true,"href":"https:\/\/www.diagnostik-des-geistes.de\/blog\/wp-json\/wp\/v2\/comments?post=1598"}],"version-history":[{"count":1,"href":"https:\/\/www.diagnostik-des-geistes.de\/blog\/wp-json\/wp\/v2\/posts\/1598\/revisions"}],"predecessor-version":[{"id":1600,"href":"https:\/\/www.diagnostik-des-geistes.de\/blog\/wp-json\/wp\/v2\/posts\/1598\/revisions\/1600"}],"wp:featuredmedia":[{"embeddable":true,"href":"https:\/\/www.diagnostik-des-geistes.de\/blog\/wp-json\/wp\/v2\/media\/1599"}],"wp:attachment":[{"href":"https:\/\/www.diagnostik-des-geistes.de\/blog\/wp-json\/wp\/v2\/media?parent=1598"}],"wp:term":[{"taxonomy":"category","embeddable":true,"href":"https:\/\/www.diagnostik-des-geistes.de\/blog\/wp-json\/wp\/v2\/categories?post=1598"},{"taxonomy":"post_tag","embeddable":true,"href":"https:\/\/www.diagnostik-des-geistes.de\/blog\/wp-json\/wp\/v2\/tags?post=1598"}],"curies":[{"name":"wp","href":"https:\/\/api.w.org\/{rel}","templated":true}]}}