{"id":1592,"date":"2022-08-18T14:13:59","date_gmt":"2022-08-18T12:13:59","guid":{"rendered":"https:\/\/www.diagnostik-des-geistes.de\/blog\/?p=1592"},"modified":"2022-08-18T14:13:59","modified_gmt":"2022-08-18T12:13:59","slug":"merkmale-von-autismus-koennen-in-der-stimme-des-kindes-gehoert-werden","status":"publish","type":"post","link":"https:\/\/www.diagnostik-des-geistes.de\/blog\/autismus-spektrum-storung\/merkmale-von-autismus-koennen-in-der-stimme-des-kindes-gehoert-werden\/","title":{"rendered":"Merkmale von Autismus k\u00f6nnen in der Stimme des Kindes geh\u00f6rt werden"},"content":{"rendered":"<blockquote><p>Durch die Analyse der Stimme eines Kleinkindes kann <a href=\"https:\/\/www.diagnostik-des-geistes.de\/test-fur-autismus-spektrum-storungen\">Autismus<\/a> fr\u00fchzeitig diagnostiziert werden, berichtet die Zeitschrift Proceedings of the National Academy of Science.<\/p><\/blockquote>\n<p>Autismus ist eine der kompliziertesten und medizinisch ungekl\u00e4rten Entwicklungsst\u00f6rungen. Eine abnorme Hirnfunktion f\u00fchrt zu einem breiten Spektrum autistischer Symptome und Verhaltensweisen, wie z. B.: Fuchteln mit den H\u00e4nden, h\u00e4ufige Anf\u00e4lle von Hysterie oder Aggression, schrilles Schreien (ohne triftigen Grund), Drehen verschiedener Gegenst\u00e4nde, Echolalie (Wiederholung von bereits geh\u00f6rten, der Situation unangemessenen S\u00e4tzen).<\/p>\n<p>Oft reagieren autistische Kinder von Beginn ihres Lebens an nicht mit Lebhaftigkeit auf den Kontakt mit ihren Eltern, manchmal dulden sie keine Streicheleinheiten, obwohl dies nicht die Regel ist.<\/p>\n<p>Die St\u00f6rung tritt bei einem von 500 Menschen auf, bei Jungen viermal h\u00e4ufiger als bei M\u00e4dchen. Autismus beeintr\u00e4chtigt die Entwicklung des Gehirns in den Bereichen Denkverm\u00f6gen, soziale Kontakte und Kommunikation. Kinder und Erwachsene mit Autismus haben in der Regel Schwierigkeiten, in Gruppen zu kommunizieren und an gemeinsamen Aktivit\u00e4ten teilzunehmen. In einigen F\u00e4llen kann es zu Aggressionen und\/oder Selbstverletzungen kommen.<\/p>\n<p>US-Forscher analysierten fast 1 500 24-Stunden-Aufnahmen von Ger\u00e4uschen, die von 232 Kindern im Alter zwischen 10 Monaten und vier Jahren gemacht wurden, sorgf\u00e4ltig. Sie konzentrierten sich auf 12 spezifische Klangparameter, die mit der Sprachentwicklung zusammenh\u00e4ngen &#8211; der wichtigste davon war die Silbenbildung, d. h. die F\u00e4higkeit der Kinder, durch schnelle Bewegungen des Kiefers und der Zunge wohlgeformte Silben zu bilden. Bei autistischen Kindern wichen die Sprachparameter besonders von der altersgem\u00e4\u00dfen Norm ab.<\/p>\n<p>Die von der automatisierten Sprachanalysetechnik (LENA-System) erfassten Unterschiede erm\u00f6glichten die Diagnose von Autismus mit einer Genauigkeit von bis zu 86 Prozent. Da die Methode nicht auf der Analyse von W\u00f6rtern beruht, sondern auf der Art und Weise, wie Laute produziert werden, kann sie in jedem Land, unabh\u00e4ngig von der Sprache, eingesetzt werden. Laut Professor Steven Warren von der Universit\u00e4t von Kansas, der an der Studie beteiligt war, k\u00f6nnte die Einf\u00fchrung der Methode in gr\u00f6\u00dferem Umfang ein Screening und eine Fr\u00fcherkennung von Kindern mit Verdacht auf Autismus erm\u00f6glichen. Dadurch k\u00f6nnten sie fr\u00fcher und wirksamer behandelt werden.<\/p>\n<hr \/>\n<p>Quelle:<\/p>\n<ul>\n<li><em>https:\/\/www.medonet.pl\/zdrowie\/wiadomosci,cechy-autyzmu-slychac-w-glosie-dziecka,artykul,1620412.html<\/em><\/li>\n<\/ul>\n","protected":false},"excerpt":{"rendered":"<p>Durch die Analyse der Stimme eines Kleinkindes kann Autismus fr\u00fchzeitig diagnostiziert werden, berichtet die Zeitschrift Proceedings of the National Academy of Science. Autismus ist eine&#8230;<\/p>\n","protected":false},"author":1,"featured_media":1593,"comment_status":"closed","ping_status":"open","sticky":false,"template":"","format":"standard","meta":{"inline_featured_image":false},"categories":[44],"tags":[],"yoast_head":"<!-- This site is optimized with the Yoast SEO plugin v18.1 - https:\/\/yoast.com\/wordpress\/plugins\/seo\/ -->\n<title>Merkmale von Autismus k\u00f6nnen in der Stimme des Kindes geh\u00f6rt werden - Diagnostik des Geistes<\/title>\n<meta name=\"robots\" content=\"index, follow, max-snippet:-1, max-image-preview:large, max-video-preview:-1\" \/>\n<link rel=\"canonical\" href=\"https:\/\/www.diagnostik-des-geistes.de\/blog\/autismus-spektrum-storung\/merkmale-von-autismus-koennen-in-der-stimme-des-kindes-gehoert-werden\/\" \/>\n<meta property=\"og:locale\" content=\"de_DE\" \/>\n<meta property=\"og:type\" content=\"article\" \/>\n<meta property=\"og:title\" content=\"Merkmale von Autismus k\u00f6nnen in der Stimme des Kindes geh\u00f6rt werden - Diagnostik des Geistes\" \/>\n<meta property=\"og:description\" content=\"Durch die Analyse der Stimme eines Kleinkindes kann Autismus fr\u00fchzeitig diagnostiziert werden, berichtet die Zeitschrift Proceedings of the National Academy of Science. Autismus ist eine...\" \/>\n<meta property=\"og:url\" content=\"https:\/\/www.diagnostik-des-geistes.de\/blog\/autismus-spektrum-storung\/merkmale-von-autismus-koennen-in-der-stimme-des-kindes-gehoert-werden\/\" \/>\n<meta property=\"og:site_name\" content=\"Diagnostik des Geistes\" \/>\n<meta property=\"article:published_time\" content=\"2022-08-18T12:13:59+00:00\" \/>\n<meta name=\"twitter:card\" content=\"summary_large_image\" \/>\n<meta name=\"twitter:image\" content=\"https:\/\/www.diagnostik-des-geistes.de\/blog\/wp-content\/uploads\/2022\/08\/10-1.webp\" \/>\n<meta name=\"twitter:label1\" content=\"Verfasst von\" \/>\n\t<meta name=\"twitter:data1\" content=\"Diagnostik Geistes\" \/>\n\t<meta name=\"twitter:label2\" content=\"Gesch\u00e4tzte Lesezeit\" \/>\n\t<meta name=\"twitter:data2\" content=\"2 Minuten\" \/>\n<script type=\"application\/ld+json\" class=\"yoast-schema-graph\">{\"@context\":\"https:\/\/schema.org\",\"@graph\":[{\"@type\":\"Organization\",\"@id\":\"https:\/\/www.diagnostik-des-geistes.de\/blog\/#organization\",\"name\":\"Diagnostik des Geistes\",\"url\":\"https:\/\/www.diagnostik-des-geistes.de\/blog\/\",\"sameAs\":[],\"logo\":{\"@type\":\"ImageObject\",\"@id\":\"https:\/\/www.diagnostik-des-geistes.de\/blog\/#logo\",\"inLanguage\":\"de-DE\",\"url\":\"https:\/\/www.diagnostik-des-geistes.de\/blog\/wp-content\/uploads\/2022\/02\/Diagnostik-des-Geistes.png\",\"contentUrl\":\"https:\/\/www.diagnostik-des-geistes.de\/blog\/wp-content\/uploads\/2022\/02\/Diagnostik-des-Geistes.png\",\"width\":282,\"height\":92,\"caption\":\"Diagnostik des Geistes\"},\"image\":{\"@id\":\"https:\/\/www.diagnostik-des-geistes.de\/blog\/#logo\"}},{\"@type\":\"WebSite\",\"@id\":\"https:\/\/www.diagnostik-des-geistes.de\/blog\/#website\",\"url\":\"https:\/\/www.diagnostik-des-geistes.de\/blog\/\",\"name\":\"Diagnostik des Geistes\",\"description\":\"Blog \u00fcber psychische St\u00f6rungen\",\"publisher\":{\"@id\":\"https:\/\/www.diagnostik-des-geistes.de\/blog\/#organization\"},\"potentialAction\":[{\"@type\":\"SearchAction\",\"target\":{\"@type\":\"EntryPoint\",\"urlTemplate\":\"https:\/\/www.diagnostik-des-geistes.de\/blog\/?s={search_term_string}\"},\"query-input\":\"required name=search_term_string\"}],\"inLanguage\":\"de-DE\"},{\"@type\":\"ImageObject\",\"@id\":\"https:\/\/www.diagnostik-des-geistes.de\/blog\/autismus-spektrum-storung\/merkmale-von-autismus-koennen-in-der-stimme-des-kindes-gehoert-werden\/#primaryimage\",\"inLanguage\":\"de-DE\",\"url\":\"https:\/\/www.diagnostik-des-geistes.de\/blog\/wp-content\/uploads\/2022\/08\/10-1.webp\",\"contentUrl\":\"https:\/\/www.diagnostik-des-geistes.de\/blog\/wp-content\/uploads\/2022\/08\/10-1.webp\",\"width\":754,\"height\":396},{\"@type\":\"WebPage\",\"@id\":\"https:\/\/www.diagnostik-des-geistes.de\/blog\/autismus-spektrum-storung\/merkmale-von-autismus-koennen-in-der-stimme-des-kindes-gehoert-werden\/#webpage\",\"url\":\"https:\/\/www.diagnostik-des-geistes.de\/blog\/autismus-spektrum-storung\/merkmale-von-autismus-koennen-in-der-stimme-des-kindes-gehoert-werden\/\",\"name\":\"Merkmale von Autismus k\u00f6nnen in der Stimme des Kindes geh\u00f6rt werden - Diagnostik des Geistes\",\"isPartOf\":{\"@id\":\"https:\/\/www.diagnostik-des-geistes.de\/blog\/#website\"},\"primaryImageOfPage\":{\"@id\":\"https:\/\/www.diagnostik-des-geistes.de\/blog\/autismus-spektrum-storung\/merkmale-von-autismus-koennen-in-der-stimme-des-kindes-gehoert-werden\/#primaryimage\"},\"datePublished\":\"2022-08-18T12:13:59+00:00\",\"dateModified\":\"2022-08-18T12:13:59+00:00\",\"breadcrumb\":{\"@id\":\"https:\/\/www.diagnostik-des-geistes.de\/blog\/autismus-spektrum-storung\/merkmale-von-autismus-koennen-in-der-stimme-des-kindes-gehoert-werden\/#breadcrumb\"},\"inLanguage\":\"de-DE\",\"potentialAction\":[{\"@type\":\"ReadAction\",\"target\":[\"https:\/\/www.diagnostik-des-geistes.de\/blog\/autismus-spektrum-storung\/merkmale-von-autismus-koennen-in-der-stimme-des-kindes-gehoert-werden\/\"]}]},{\"@type\":\"BreadcrumbList\",\"@id\":\"https:\/\/www.diagnostik-des-geistes.de\/blog\/autismus-spektrum-storung\/merkmale-von-autismus-koennen-in-der-stimme-des-kindes-gehoert-werden\/#breadcrumb\",\"itemListElement\":[{\"@type\":\"ListItem\",\"position\":1,\"name\":\"Homepage\",\"item\":\"https:\/\/www.diagnostik-des-geistes.de\/blog\/\"},{\"@type\":\"ListItem\",\"position\":2,\"name\":\"Autismus\",\"item\":\"https:\/\/www.diagnostik-des-geistes.de\/blog\/autismus-spektrum-storung\/\"},{\"@type\":\"ListItem\",\"position\":3,\"name\":\"Stimme\"}]},{\"@type\":\"Article\",\"@id\":\"https:\/\/www.diagnostik-des-geistes.de\/blog\/autismus-spektrum-storung\/merkmale-von-autismus-koennen-in-der-stimme-des-kindes-gehoert-werden\/#article\",\"isPartOf\":{\"@id\":\"https:\/\/www.diagnostik-des-geistes.de\/blog\/autismus-spektrum-storung\/merkmale-von-autismus-koennen-in-der-stimme-des-kindes-gehoert-werden\/#webpage\"},\"author\":{\"@id\":\"https:\/\/www.diagnostik-des-geistes.de\/blog\/#\/schema\/person\/8eb1bcaf59fea75c780c11946f4e3490\"},\"headline\":\"Merkmale von Autismus k\u00f6nnen in der Stimme des Kindes geh\u00f6rt werden\",\"datePublished\":\"2022-08-18T12:13:59+00:00\",\"dateModified\":\"2022-08-18T12:13:59+00:00\",\"mainEntityOfPage\":{\"@id\":\"https:\/\/www.diagnostik-des-geistes.de\/blog\/autismus-spektrum-storung\/merkmale-von-autismus-koennen-in-der-stimme-des-kindes-gehoert-werden\/#webpage\"},\"wordCount\":378,\"publisher\":{\"@id\":\"https:\/\/www.diagnostik-des-geistes.de\/blog\/#organization\"},\"image\":{\"@id\":\"https:\/\/www.diagnostik-des-geistes.de\/blog\/autismus-spektrum-storung\/merkmale-von-autismus-koennen-in-der-stimme-des-kindes-gehoert-werden\/#primaryimage\"},\"thumbnailUrl\":\"https:\/\/www.diagnostik-des-geistes.de\/blog\/wp-content\/uploads\/2022\/08\/10-1.webp\",\"articleSection\":[\"Autismus-Spektrum-St\u00f6rung\"],\"inLanguage\":\"de-DE\"},{\"@type\":\"Person\",\"@id\":\"https:\/\/www.diagnostik-des-geistes.de\/blog\/#\/schema\/person\/8eb1bcaf59fea75c780c11946f4e3490\",\"name\":\"Diagnostik Geistes\",\"image\":{\"@type\":\"ImageObject\",\"@id\":\"https:\/\/www.diagnostik-des-geistes.de\/blog\/#personlogo\",\"inLanguage\":\"de-DE\",\"url\":\"https:\/\/secure.gravatar.com\/avatar\/6743211f010801ea26aa9423a2daab37?s=96&d=mm&r=g\",\"contentUrl\":\"https:\/\/secure.gravatar.com\/avatar\/6743211f010801ea26aa9423a2daab37?s=96&d=mm&r=g\",\"caption\":\"Diagnostik Geistes\"},\"sameAs\":[\"https:\/\/www.diagnostik-des-geistes.de\/blog\"],\"url\":\"https:\/\/www.diagnostik-des-geistes.de\/blog\/author\/diagnostyka-umyslu\/\"}]}<\/script>\n<!-- \/ Yoast SEO plugin. -->","yoast_head_json":{"title":"Merkmale von Autismus k\u00f6nnen in der Stimme des Kindes geh\u00f6rt werden - Diagnostik des Geistes","robots":{"index":"index","follow":"follow","max-snippet":"max-snippet:-1","max-image-preview":"max-image-preview:large","max-video-preview":"max-video-preview:-1"},"canonical":"https:\/\/www.diagnostik-des-geistes.de\/blog\/autismus-spektrum-storung\/merkmale-von-autismus-koennen-in-der-stimme-des-kindes-gehoert-werden\/","og_locale":"de_DE","og_type":"article","og_title":"Merkmale von Autismus k\u00f6nnen in der Stimme des Kindes geh\u00f6rt werden - Diagnostik des Geistes","og_description":"Durch die Analyse der Stimme eines Kleinkindes kann Autismus fr\u00fchzeitig diagnostiziert werden, berichtet die Zeitschrift Proceedings of the National Academy of Science. Autismus ist eine...","og_url":"https:\/\/www.diagnostik-des-geistes.de\/blog\/autismus-spektrum-storung\/merkmale-von-autismus-koennen-in-der-stimme-des-kindes-gehoert-werden\/","og_site_name":"Diagnostik des Geistes","article_published_time":"2022-08-18T12:13:59+00:00","twitter_card":"summary_large_image","twitter_image":"https:\/\/www.diagnostik-des-geistes.de\/blog\/wp-content\/uploads\/2022\/08\/10-1.webp","twitter_misc":{"Verfasst von":"Diagnostik Geistes","Gesch\u00e4tzte Lesezeit":"2 Minuten"},"schema":{"@context":"https:\/\/schema.org","@graph":[{"@type":"Organization","@id":"https:\/\/www.diagnostik-des-geistes.de\/blog\/#organization","name":"Diagnostik des Geistes","url":"https:\/\/www.diagnostik-des-geistes.de\/blog\/","sameAs":[],"logo":{"@type":"ImageObject","@id":"https:\/\/www.diagnostik-des-geistes.de\/blog\/#logo","inLanguage":"de-DE","url":"https:\/\/www.diagnostik-des-geistes.de\/blog\/wp-content\/uploads\/2022\/02\/Diagnostik-des-Geistes.png","contentUrl":"https:\/\/www.diagnostik-des-geistes.de\/blog\/wp-content\/uploads\/2022\/02\/Diagnostik-des-Geistes.png","width":282,"height":92,"caption":"Diagnostik des Geistes"},"image":{"@id":"https:\/\/www.diagnostik-des-geistes.de\/blog\/#logo"}},{"@type":"WebSite","@id":"https:\/\/www.diagnostik-des-geistes.de\/blog\/#website","url":"https:\/\/www.diagnostik-des-geistes.de\/blog\/","name":"Diagnostik des Geistes","description":"Blog \u00fcber psychische St\u00f6rungen","publisher":{"@id":"https:\/\/www.diagnostik-des-geistes.de\/blog\/#organization"},"potentialAction":[{"@type":"SearchAction","target":{"@type":"EntryPoint","urlTemplate":"https:\/\/www.diagnostik-des-geistes.de\/blog\/?s={search_term_string}"},"query-input":"required name=search_term_string"}],"inLanguage":"de-DE"},{"@type":"ImageObject","@id":"https:\/\/www.diagnostik-des-geistes.de\/blog\/autismus-spektrum-storung\/merkmale-von-autismus-koennen-in-der-stimme-des-kindes-gehoert-werden\/#primaryimage","inLanguage":"de-DE","url":"https:\/\/www.diagnostik-des-geistes.de\/blog\/wp-content\/uploads\/2022\/08\/10-1.webp","contentUrl":"https:\/\/www.diagnostik-des-geistes.de\/blog\/wp-content\/uploads\/2022\/08\/10-1.webp","width":754,"height":396},{"@type":"WebPage","@id":"https:\/\/www.diagnostik-des-geistes.de\/blog\/autismus-spektrum-storung\/merkmale-von-autismus-koennen-in-der-stimme-des-kindes-gehoert-werden\/#webpage","url":"https:\/\/www.diagnostik-des-geistes.de\/blog\/autismus-spektrum-storung\/merkmale-von-autismus-koennen-in-der-stimme-des-kindes-gehoert-werden\/","name":"Merkmale von Autismus k\u00f6nnen in der Stimme des Kindes geh\u00f6rt werden - Diagnostik des Geistes","isPartOf":{"@id":"https:\/\/www.diagnostik-des-geistes.de\/blog\/#website"},"primaryImageOfPage":{"@id":"https:\/\/www.diagnostik-des-geistes.de\/blog\/autismus-spektrum-storung\/merkmale-von-autismus-koennen-in-der-stimme-des-kindes-gehoert-werden\/#primaryimage"},"datePublished":"2022-08-18T12:13:59+00:00","dateModified":"2022-08-18T12:13:59+00:00","breadcrumb":{"@id":"https:\/\/www.diagnostik-des-geistes.de\/blog\/autismus-spektrum-storung\/merkmale-von-autismus-koennen-in-der-stimme-des-kindes-gehoert-werden\/#breadcrumb"},"inLanguage":"de-DE","potentialAction":[{"@type":"ReadAction","target":["https:\/\/www.diagnostik-des-geistes.de\/blog\/autismus-spektrum-storung\/merkmale-von-autismus-koennen-in-der-stimme-des-kindes-gehoert-werden\/"]}]},{"@type":"BreadcrumbList","@id":"https:\/\/www.diagnostik-des-geistes.de\/blog\/autismus-spektrum-storung\/merkmale-von-autismus-koennen-in-der-stimme-des-kindes-gehoert-werden\/#breadcrumb","itemListElement":[{"@type":"ListItem","position":1,"name":"Homepage","item":"https:\/\/www.diagnostik-des-geistes.de\/blog\/"},{"@type":"ListItem","position":2,"name":"Autismus","item":"https:\/\/www.diagnostik-des-geistes.de\/blog\/autismus-spektrum-storung\/"},{"@type":"ListItem","position":3,"name":"Stimme"}]},{"@type":"Article","@id":"https:\/\/www.diagnostik-des-geistes.de\/blog\/autismus-spektrum-storung\/merkmale-von-autismus-koennen-in-der-stimme-des-kindes-gehoert-werden\/#article","isPartOf":{"@id":"https:\/\/www.diagnostik-des-geistes.de\/blog\/autismus-spektrum-storung\/merkmale-von-autismus-koennen-in-der-stimme-des-kindes-gehoert-werden\/#webpage"},"author":{"@id":"https:\/\/www.diagnostik-des-geistes.de\/blog\/#\/schema\/person\/8eb1bcaf59fea75c780c11946f4e3490"},"headline":"Merkmale von Autismus k\u00f6nnen in der Stimme des Kindes geh\u00f6rt werden","datePublished":"2022-08-18T12:13:59+00:00","dateModified":"2022-08-18T12:13:59+00:00","mainEntityOfPage":{"@id":"https:\/\/www.diagnostik-des-geistes.de\/blog\/autismus-spektrum-storung\/merkmale-von-autismus-koennen-in-der-stimme-des-kindes-gehoert-werden\/#webpage"},"wordCount":378,"publisher":{"@id":"https:\/\/www.diagnostik-des-geistes.de\/blog\/#organization"},"image":{"@id":"https:\/\/www.diagnostik-des-geistes.de\/blog\/autismus-spektrum-storung\/merkmale-von-autismus-koennen-in-der-stimme-des-kindes-gehoert-werden\/#primaryimage"},"thumbnailUrl":"https:\/\/www.diagnostik-des-geistes.de\/blog\/wp-content\/uploads\/2022\/08\/10-1.webp","articleSection":["Autismus-Spektrum-St\u00f6rung"],"inLanguage":"de-DE"},{"@type":"Person","@id":"https:\/\/www.diagnostik-des-geistes.de\/blog\/#\/schema\/person\/8eb1bcaf59fea75c780c11946f4e3490","name":"Diagnostik Geistes","image":{"@type":"ImageObject","@id":"https:\/\/www.diagnostik-des-geistes.de\/blog\/#personlogo","inLanguage":"de-DE","url":"https:\/\/secure.gravatar.com\/avatar\/6743211f010801ea26aa9423a2daab37?s=96&d=mm&r=g","contentUrl":"https:\/\/secure.gravatar.com\/avatar\/6743211f010801ea26aa9423a2daab37?s=96&d=mm&r=g","caption":"Diagnostik Geistes"},"sameAs":["https:\/\/www.diagnostik-des-geistes.de\/blog"],"url":"https:\/\/www.diagnostik-des-geistes.de\/blog\/author\/diagnostyka-umyslu\/"}]}},"amp_enabled":true,"_links":{"self":[{"href":"https:\/\/www.diagnostik-des-geistes.de\/blog\/wp-json\/wp\/v2\/posts\/1592"}],"collection":[{"href":"https:\/\/www.diagnostik-des-geistes.de\/blog\/wp-json\/wp\/v2\/posts"}],"about":[{"href":"https:\/\/www.diagnostik-des-geistes.de\/blog\/wp-json\/wp\/v2\/types\/post"}],"author":[{"embeddable":true,"href":"https:\/\/www.diagnostik-des-geistes.de\/blog\/wp-json\/wp\/v2\/users\/1"}],"replies":[{"embeddable":true,"href":"https:\/\/www.diagnostik-des-geistes.de\/blog\/wp-json\/wp\/v2\/comments?post=1592"}],"version-history":[{"count":1,"href":"https:\/\/www.diagnostik-des-geistes.de\/blog\/wp-json\/wp\/v2\/posts\/1592\/revisions"}],"predecessor-version":[{"id":1594,"href":"https:\/\/www.diagnostik-des-geistes.de\/blog\/wp-json\/wp\/v2\/posts\/1592\/revisions\/1594"}],"wp:featuredmedia":[{"embeddable":true,"href":"https:\/\/www.diagnostik-des-geistes.de\/blog\/wp-json\/wp\/v2\/media\/1593"}],"wp:attachment":[{"href":"https:\/\/www.diagnostik-des-geistes.de\/blog\/wp-json\/wp\/v2\/media?parent=1592"}],"wp:term":[{"taxonomy":"category","embeddable":true,"href":"https:\/\/www.diagnostik-des-geistes.de\/blog\/wp-json\/wp\/v2\/categories?post=1592"},{"taxonomy":"post_tag","embeddable":true,"href":"https:\/\/www.diagnostik-des-geistes.de\/blog\/wp-json\/wp\/v2\/tags?post=1592"}],"curies":[{"name":"wp","href":"https:\/\/api.w.org\/{rel}","templated":true}]}}