{"id":1573,"date":"2022-08-17T20:06:15","date_gmt":"2022-08-17T18:06:15","guid":{"rendered":"https:\/\/www.diagnostik-des-geistes.de\/blog\/?p=1573"},"modified":"2022-08-17T20:06:15","modified_gmt":"2022-08-17T18:06:15","slug":"was-sind-die-ersten-symptome-von-autismus","status":"publish","type":"post","link":"https:\/\/www.diagnostik-des-geistes.de\/blog\/autismus-spektrum-storung\/was-sind-die-ersten-symptome-von-autismus\/","title":{"rendered":"Was sind die ersten Symptome von Autismus?"},"content":{"rendered":"<blockquote><p>Stimmt es, dass die ersten <a href=\"https:\/\/www.diagnostik-des-geistes.de\/test-fur-autismus-spektrum-storungen\">Symptome von Autismus<\/a> bei einem S\u00e4ugling im Alter von einigen Monaten auftreten k\u00f6nnen? Worin k\u00f6nnten diese Symptome bestehen?<\/p><\/blockquote>\n<p>Die ersten <strong>Symptome von Autismus<\/strong> treten in der Regel auf, bevor ein Kind drei Jahre alt ist. Untersuchungen und Berichte von Eltern zeigen jedoch, dass sie oft schon im ersten Lebensjahr ihres Kindes bestimmte Verhaltensweisen bemerken, die sie beunruhigen. Kinder, die sp\u00e4ter m\u00f6glicherweise Autismus entwickeln, haben Schwierigkeiten, Blickkontakt herzustellen, zeigen wenig Interesse an anderen Menschen, achten nicht auf die Gesichter anderer und teilen ihre Aufmerksamkeit nicht (wenn z. B. ein Erwachsener einen Gegenstand ansieht, m\u00f6chte ein gesundes Kind sehen, was der Erwachsene ansieht, und schaut sich den Gegenstand an und schaut dann wieder das Gesicht des Erwachsenen an). Sie sind blass im Gesicht. Ihr Gesicht und ihr K\u00f6rper sind nicht sehr ausdrucksstark. Sie haben Schwierigkeiten, Gesten zu benutzen. Sehr oft zeigen diese Kinder nicht auf etwas, wenn sie etwas Interessantes sehen, sie bringen ihren Eltern keine Dinge von Interesse, z. B. ein Buch, einen Kieselstein. Manchmal erwecken sie den Eindruck, dass sie nicht h\u00f6ren k\u00f6nnen. Sie reagieren nicht immer auf ihren eigenen Namen, sie scheinen nicht zu verstehen, was zu ihnen gesagt wird. Sie reagieren besser, wenn ein Befehl durch eine Geste unterst\u00fctzt wird, als wenn er nur gesprochen wird. Sie sind nicht in der Lage, so zu tun, als ob sie eine Puppe f\u00fcttern, kochen, mit Ziegelsteinen in einem Auto zu einer Baustelle fahren usw.<\/p>\n<p>Wenn Sie die normale Entwicklung Ihres Kindes \u00fcberwachen m\u00f6chten, k\u00f6nnen Sie diagnostische Tests durchf\u00fchren, darunter TSH, Gesamt-IgE und Glukose.<\/p>\n<p>Die Sprache entwickelt sich bei Kindern mit Autismus nicht richtig. Einige Kinder sprechen nicht und kompensieren ihre fehlende Sprache durch Mimik und Gestik. Bei anderen Kindern mit <strong>Autismus-Spektrum-St\u00f6rungen<\/strong> entwickelt sich die Sprache zun\u00e4chst richtig &#8211; die ersten W\u00f6rter erscheinen, manchmal sogar Aufgaben, und dann kommt es zu einem R\u00fcckschritt. Das Kind h\u00f6rt pl\u00f6tzlich oder allm\u00e4hlich auf zu sprechen und mit seiner Umwelt zu kommunizieren. Bei <strong>Kindern mit Asperger-Syndrom<\/strong> ist es schwierig, Anomalien in der Sprachentwicklung in den ersten Lebensjahren zu erkennen. Diese Kinder sprechen viel und haben einen gro\u00dfen Wortschatz. Wegen ihrer guten Sprachentwicklung werden sie manchmal als &#8220;kleine Professoren&#8221; bezeichnet. Erst im Alter von einigen Jahren f\u00e4llt auf, dass diese Kinder Schwierigkeiten mit Dialogen haben, sich f\u00fcr das interessieren, was sie selbst sagen, und nicht f\u00fcr das, was ihr Interaktionspartner zu sagen hat, usw.<\/p>\n<p>Bei manchen Kindern beobachten wir auch sogenannte motorische Manierismen &#8211; flatternde H\u00e4nde, Schaukeln, sich im Kreis drehen. Dar\u00fcber hinaus reihen <strong>Kinder mit Autismus<\/strong> oft Gegenst\u00e4nde auf, nicht nur ihr Spielzeug. Sie k\u00f6nnen lange auf die rotierende Trommel einer Waschmaschine starren oder die R\u00e4der von Autos drehen. Manchmal erwecken sie den Eindruck, dass sie nicht h\u00f6ren k\u00f6nnen, w\u00e4hrend sie bei bestimmten Ger\u00e4uschen schreien und sich die Ohren zuhalten. Manchmal m\u00f6gen sie viel Druck und quetschen sich zwischen Sofalehne und Wand, aber sie vermeiden auch Ber\u00fchrungen, besonders wenn es sich um sanfte Ber\u00fchrungen handelt.<\/p>\n<p>Dar\u00fcber hinaus berichten Eltern h\u00e4ufig \u00fcber Probleme ihrer Kinder mit dem Essen (eitle Esser, die nur wenige ausgew\u00e4hlte Lebensmittel essen), Koliken im S\u00e4uglingsalter, Bauchprobleme (Verstopfung oder Durchfall), Schlafprobleme (Einschlafprobleme, sehr kurzer, unruhiger Schlaf, n\u00e4chtliches Aufwachen durch Weinen, Schreien).<\/p>\n<hr \/>\n<p>Quelle:<\/p>\n<ul>\n<li><em>https:\/\/www.medonet.pl\/magazyny\/autyzm,jakie-sa-pierwsze-objawy-autyzmu-,porada,1658350.html<\/em><\/li>\n<\/ul>\n","protected":false},"excerpt":{"rendered":"<p>Stimmt es, dass die ersten Symptome von Autismus bei einem S\u00e4ugling im Alter von einigen Monaten auftreten k\u00f6nnen? Worin k\u00f6nnten diese Symptome bestehen? Die ersten&#8230;<\/p>\n","protected":false},"author":1,"featured_media":1574,"comment_status":"closed","ping_status":"open","sticky":false,"template":"","format":"standard","meta":{"inline_featured_image":false},"categories":[44],"tags":[],"yoast_head":"<!-- This site is optimized with the Yoast SEO plugin v18.1 - https:\/\/yoast.com\/wordpress\/plugins\/seo\/ -->\n<title>Was sind die ersten Symptome von Autismus? - Diagnostik des Geistes<\/title>\n<meta name=\"robots\" content=\"index, follow, max-snippet:-1, max-image-preview:large, max-video-preview:-1\" \/>\n<link rel=\"canonical\" href=\"https:\/\/www.diagnostik-des-geistes.de\/blog\/autismus-spektrum-storung\/was-sind-die-ersten-symptome-von-autismus\/\" \/>\n<meta property=\"og:locale\" content=\"de_DE\" \/>\n<meta property=\"og:type\" content=\"article\" \/>\n<meta property=\"og:title\" content=\"Was sind die ersten Symptome von Autismus? - Diagnostik des Geistes\" \/>\n<meta property=\"og:description\" content=\"Stimmt es, dass die ersten Symptome von Autismus bei einem S\u00e4ugling im Alter von einigen Monaten auftreten k\u00f6nnen? Worin k\u00f6nnten diese Symptome bestehen? Die ersten...\" \/>\n<meta property=\"og:url\" content=\"https:\/\/www.diagnostik-des-geistes.de\/blog\/autismus-spektrum-storung\/was-sind-die-ersten-symptome-von-autismus\/\" \/>\n<meta property=\"og:site_name\" content=\"Diagnostik des Geistes\" \/>\n<meta property=\"article:published_time\" content=\"2022-08-17T18:06:15+00:00\" \/>\n<meta name=\"twitter:card\" content=\"summary_large_image\" \/>\n<meta name=\"twitter:image\" content=\"https:\/\/www.diagnostik-des-geistes.de\/blog\/wp-content\/uploads\/2022\/08\/3-2.webp\" \/>\n<meta name=\"twitter:label1\" content=\"Verfasst von\" \/>\n\t<meta name=\"twitter:data1\" content=\"Diagnostik Geistes\" \/>\n\t<meta name=\"twitter:label2\" content=\"Gesch\u00e4tzte Lesezeit\" \/>\n\t<meta name=\"twitter:data2\" content=\"3 Minuten\" \/>\n<script type=\"application\/ld+json\" class=\"yoast-schema-graph\">{\"@context\":\"https:\/\/schema.org\",\"@graph\":[{\"@type\":\"Organization\",\"@id\":\"https:\/\/www.diagnostik-des-geistes.de\/blog\/#organization\",\"name\":\"Diagnostik des Geistes\",\"url\":\"https:\/\/www.diagnostik-des-geistes.de\/blog\/\",\"sameAs\":[],\"logo\":{\"@type\":\"ImageObject\",\"@id\":\"https:\/\/www.diagnostik-des-geistes.de\/blog\/#logo\",\"inLanguage\":\"de-DE\",\"url\":\"https:\/\/www.diagnostik-des-geistes.de\/blog\/wp-content\/uploads\/2022\/02\/Diagnostik-des-Geistes.png\",\"contentUrl\":\"https:\/\/www.diagnostik-des-geistes.de\/blog\/wp-content\/uploads\/2022\/02\/Diagnostik-des-Geistes.png\",\"width\":282,\"height\":92,\"caption\":\"Diagnostik des Geistes\"},\"image\":{\"@id\":\"https:\/\/www.diagnostik-des-geistes.de\/blog\/#logo\"}},{\"@type\":\"WebSite\",\"@id\":\"https:\/\/www.diagnostik-des-geistes.de\/blog\/#website\",\"url\":\"https:\/\/www.diagnostik-des-geistes.de\/blog\/\",\"name\":\"Diagnostik des Geistes\",\"description\":\"Blog \u00fcber psychische St\u00f6rungen\",\"publisher\":{\"@id\":\"https:\/\/www.diagnostik-des-geistes.de\/blog\/#organization\"},\"potentialAction\":[{\"@type\":\"SearchAction\",\"target\":{\"@type\":\"EntryPoint\",\"urlTemplate\":\"https:\/\/www.diagnostik-des-geistes.de\/blog\/?s={search_term_string}\"},\"query-input\":\"required name=search_term_string\"}],\"inLanguage\":\"de-DE\"},{\"@type\":\"ImageObject\",\"@id\":\"https:\/\/www.diagnostik-des-geistes.de\/blog\/autismus-spektrum-storung\/was-sind-die-ersten-symptome-von-autismus\/#primaryimage\",\"inLanguage\":\"de-DE\",\"url\":\"https:\/\/www.diagnostik-des-geistes.de\/blog\/wp-content\/uploads\/2022\/08\/3-2.webp\",\"contentUrl\":\"https:\/\/www.diagnostik-des-geistes.de\/blog\/wp-content\/uploads\/2022\/08\/3-2.webp\",\"width\":766,\"height\":400},{\"@type\":\"WebPage\",\"@id\":\"https:\/\/www.diagnostik-des-geistes.de\/blog\/autismus-spektrum-storung\/was-sind-die-ersten-symptome-von-autismus\/#webpage\",\"url\":\"https:\/\/www.diagnostik-des-geistes.de\/blog\/autismus-spektrum-storung\/was-sind-die-ersten-symptome-von-autismus\/\",\"name\":\"Was sind die ersten Symptome von Autismus? - Diagnostik des Geistes\",\"isPartOf\":{\"@id\":\"https:\/\/www.diagnostik-des-geistes.de\/blog\/#website\"},\"primaryImageOfPage\":{\"@id\":\"https:\/\/www.diagnostik-des-geistes.de\/blog\/autismus-spektrum-storung\/was-sind-die-ersten-symptome-von-autismus\/#primaryimage\"},\"datePublished\":\"2022-08-17T18:06:15+00:00\",\"dateModified\":\"2022-08-17T18:06:15+00:00\",\"breadcrumb\":{\"@id\":\"https:\/\/www.diagnostik-des-geistes.de\/blog\/autismus-spektrum-storung\/was-sind-die-ersten-symptome-von-autismus\/#breadcrumb\"},\"inLanguage\":\"de-DE\",\"potentialAction\":[{\"@type\":\"ReadAction\",\"target\":[\"https:\/\/www.diagnostik-des-geistes.de\/blog\/autismus-spektrum-storung\/was-sind-die-ersten-symptome-von-autismus\/\"]}]},{\"@type\":\"BreadcrumbList\",\"@id\":\"https:\/\/www.diagnostik-des-geistes.de\/blog\/autismus-spektrum-storung\/was-sind-die-ersten-symptome-von-autismus\/#breadcrumb\",\"itemListElement\":[{\"@type\":\"ListItem\",\"position\":1,\"name\":\"Homepage\",\"item\":\"https:\/\/www.diagnostik-des-geistes.de\/blog\/\"},{\"@type\":\"ListItem\",\"position\":2,\"name\":\"Autismus\",\"item\":\"https:\/\/www.diagnostik-des-geistes.de\/blog\/autismus-spektrum-storung\/\"},{\"@type\":\"ListItem\",\"position\":3,\"name\":\"Erste Anzeichen\"}]},{\"@type\":\"Article\",\"@id\":\"https:\/\/www.diagnostik-des-geistes.de\/blog\/autismus-spektrum-storung\/was-sind-die-ersten-symptome-von-autismus\/#article\",\"isPartOf\":{\"@id\":\"https:\/\/www.diagnostik-des-geistes.de\/blog\/autismus-spektrum-storung\/was-sind-die-ersten-symptome-von-autismus\/#webpage\"},\"author\":{\"@id\":\"https:\/\/www.diagnostik-des-geistes.de\/blog\/#\/schema\/person\/8eb1bcaf59fea75c780c11946f4e3490\"},\"headline\":\"Was sind die ersten Symptome von Autismus?\",\"datePublished\":\"2022-08-17T18:06:15+00:00\",\"dateModified\":\"2022-08-17T18:06:15+00:00\",\"mainEntityOfPage\":{\"@id\":\"https:\/\/www.diagnostik-des-geistes.de\/blog\/autismus-spektrum-storung\/was-sind-die-ersten-symptome-von-autismus\/#webpage\"},\"wordCount\":582,\"publisher\":{\"@id\":\"https:\/\/www.diagnostik-des-geistes.de\/blog\/#organization\"},\"image\":{\"@id\":\"https:\/\/www.diagnostik-des-geistes.de\/blog\/autismus-spektrum-storung\/was-sind-die-ersten-symptome-von-autismus\/#primaryimage\"},\"thumbnailUrl\":\"https:\/\/www.diagnostik-des-geistes.de\/blog\/wp-content\/uploads\/2022\/08\/3-2.webp\",\"articleSection\":[\"Autismus-Spektrum-St\u00f6rung\"],\"inLanguage\":\"de-DE\"},{\"@type\":\"Person\",\"@id\":\"https:\/\/www.diagnostik-des-geistes.de\/blog\/#\/schema\/person\/8eb1bcaf59fea75c780c11946f4e3490\",\"name\":\"Diagnostik Geistes\",\"image\":{\"@type\":\"ImageObject\",\"@id\":\"https:\/\/www.diagnostik-des-geistes.de\/blog\/#personlogo\",\"inLanguage\":\"de-DE\",\"url\":\"https:\/\/secure.gravatar.com\/avatar\/6743211f010801ea26aa9423a2daab37?s=96&d=mm&r=g\",\"contentUrl\":\"https:\/\/secure.gravatar.com\/avatar\/6743211f010801ea26aa9423a2daab37?s=96&d=mm&r=g\",\"caption\":\"Diagnostik Geistes\"},\"sameAs\":[\"https:\/\/www.diagnostik-des-geistes.de\/blog\"],\"url\":\"https:\/\/www.diagnostik-des-geistes.de\/blog\/author\/diagnostyka-umyslu\/\"}]}<\/script>\n<!-- \/ Yoast SEO plugin. -->","yoast_head_json":{"title":"Was sind die ersten Symptome von Autismus? - Diagnostik des Geistes","robots":{"index":"index","follow":"follow","max-snippet":"max-snippet:-1","max-image-preview":"max-image-preview:large","max-video-preview":"max-video-preview:-1"},"canonical":"https:\/\/www.diagnostik-des-geistes.de\/blog\/autismus-spektrum-storung\/was-sind-die-ersten-symptome-von-autismus\/","og_locale":"de_DE","og_type":"article","og_title":"Was sind die ersten Symptome von Autismus? - Diagnostik des Geistes","og_description":"Stimmt es, dass die ersten Symptome von Autismus bei einem S\u00e4ugling im Alter von einigen Monaten auftreten k\u00f6nnen? Worin k\u00f6nnten diese Symptome bestehen? Die ersten...","og_url":"https:\/\/www.diagnostik-des-geistes.de\/blog\/autismus-spektrum-storung\/was-sind-die-ersten-symptome-von-autismus\/","og_site_name":"Diagnostik des Geistes","article_published_time":"2022-08-17T18:06:15+00:00","twitter_card":"summary_large_image","twitter_image":"https:\/\/www.diagnostik-des-geistes.de\/blog\/wp-content\/uploads\/2022\/08\/3-2.webp","twitter_misc":{"Verfasst von":"Diagnostik Geistes","Gesch\u00e4tzte Lesezeit":"3 Minuten"},"schema":{"@context":"https:\/\/schema.org","@graph":[{"@type":"Organization","@id":"https:\/\/www.diagnostik-des-geistes.de\/blog\/#organization","name":"Diagnostik des Geistes","url":"https:\/\/www.diagnostik-des-geistes.de\/blog\/","sameAs":[],"logo":{"@type":"ImageObject","@id":"https:\/\/www.diagnostik-des-geistes.de\/blog\/#logo","inLanguage":"de-DE","url":"https:\/\/www.diagnostik-des-geistes.de\/blog\/wp-content\/uploads\/2022\/02\/Diagnostik-des-Geistes.png","contentUrl":"https:\/\/www.diagnostik-des-geistes.de\/blog\/wp-content\/uploads\/2022\/02\/Diagnostik-des-Geistes.png","width":282,"height":92,"caption":"Diagnostik des Geistes"},"image":{"@id":"https:\/\/www.diagnostik-des-geistes.de\/blog\/#logo"}},{"@type":"WebSite","@id":"https:\/\/www.diagnostik-des-geistes.de\/blog\/#website","url":"https:\/\/www.diagnostik-des-geistes.de\/blog\/","name":"Diagnostik des Geistes","description":"Blog \u00fcber psychische St\u00f6rungen","publisher":{"@id":"https:\/\/www.diagnostik-des-geistes.de\/blog\/#organization"},"potentialAction":[{"@type":"SearchAction","target":{"@type":"EntryPoint","urlTemplate":"https:\/\/www.diagnostik-des-geistes.de\/blog\/?s={search_term_string}"},"query-input":"required name=search_term_string"}],"inLanguage":"de-DE"},{"@type":"ImageObject","@id":"https:\/\/www.diagnostik-des-geistes.de\/blog\/autismus-spektrum-storung\/was-sind-die-ersten-symptome-von-autismus\/#primaryimage","inLanguage":"de-DE","url":"https:\/\/www.diagnostik-des-geistes.de\/blog\/wp-content\/uploads\/2022\/08\/3-2.webp","contentUrl":"https:\/\/www.diagnostik-des-geistes.de\/blog\/wp-content\/uploads\/2022\/08\/3-2.webp","width":766,"height":400},{"@type":"WebPage","@id":"https:\/\/www.diagnostik-des-geistes.de\/blog\/autismus-spektrum-storung\/was-sind-die-ersten-symptome-von-autismus\/#webpage","url":"https:\/\/www.diagnostik-des-geistes.de\/blog\/autismus-spektrum-storung\/was-sind-die-ersten-symptome-von-autismus\/","name":"Was sind die ersten Symptome von Autismus? - Diagnostik des Geistes","isPartOf":{"@id":"https:\/\/www.diagnostik-des-geistes.de\/blog\/#website"},"primaryImageOfPage":{"@id":"https:\/\/www.diagnostik-des-geistes.de\/blog\/autismus-spektrum-storung\/was-sind-die-ersten-symptome-von-autismus\/#primaryimage"},"datePublished":"2022-08-17T18:06:15+00:00","dateModified":"2022-08-17T18:06:15+00:00","breadcrumb":{"@id":"https:\/\/www.diagnostik-des-geistes.de\/blog\/autismus-spektrum-storung\/was-sind-die-ersten-symptome-von-autismus\/#breadcrumb"},"inLanguage":"de-DE","potentialAction":[{"@type":"ReadAction","target":["https:\/\/www.diagnostik-des-geistes.de\/blog\/autismus-spektrum-storung\/was-sind-die-ersten-symptome-von-autismus\/"]}]},{"@type":"BreadcrumbList","@id":"https:\/\/www.diagnostik-des-geistes.de\/blog\/autismus-spektrum-storung\/was-sind-die-ersten-symptome-von-autismus\/#breadcrumb","itemListElement":[{"@type":"ListItem","position":1,"name":"Homepage","item":"https:\/\/www.diagnostik-des-geistes.de\/blog\/"},{"@type":"ListItem","position":2,"name":"Autismus","item":"https:\/\/www.diagnostik-des-geistes.de\/blog\/autismus-spektrum-storung\/"},{"@type":"ListItem","position":3,"name":"Erste Anzeichen"}]},{"@type":"Article","@id":"https:\/\/www.diagnostik-des-geistes.de\/blog\/autismus-spektrum-storung\/was-sind-die-ersten-symptome-von-autismus\/#article","isPartOf":{"@id":"https:\/\/www.diagnostik-des-geistes.de\/blog\/autismus-spektrum-storung\/was-sind-die-ersten-symptome-von-autismus\/#webpage"},"author":{"@id":"https:\/\/www.diagnostik-des-geistes.de\/blog\/#\/schema\/person\/8eb1bcaf59fea75c780c11946f4e3490"},"headline":"Was sind die ersten Symptome von Autismus?","datePublished":"2022-08-17T18:06:15+00:00","dateModified":"2022-08-17T18:06:15+00:00","mainEntityOfPage":{"@id":"https:\/\/www.diagnostik-des-geistes.de\/blog\/autismus-spektrum-storung\/was-sind-die-ersten-symptome-von-autismus\/#webpage"},"wordCount":582,"publisher":{"@id":"https:\/\/www.diagnostik-des-geistes.de\/blog\/#organization"},"image":{"@id":"https:\/\/www.diagnostik-des-geistes.de\/blog\/autismus-spektrum-storung\/was-sind-die-ersten-symptome-von-autismus\/#primaryimage"},"thumbnailUrl":"https:\/\/www.diagnostik-des-geistes.de\/blog\/wp-content\/uploads\/2022\/08\/3-2.webp","articleSection":["Autismus-Spektrum-St\u00f6rung"],"inLanguage":"de-DE"},{"@type":"Person","@id":"https:\/\/www.diagnostik-des-geistes.de\/blog\/#\/schema\/person\/8eb1bcaf59fea75c780c11946f4e3490","name":"Diagnostik Geistes","image":{"@type":"ImageObject","@id":"https:\/\/www.diagnostik-des-geistes.de\/blog\/#personlogo","inLanguage":"de-DE","url":"https:\/\/secure.gravatar.com\/avatar\/6743211f010801ea26aa9423a2daab37?s=96&d=mm&r=g","contentUrl":"https:\/\/secure.gravatar.com\/avatar\/6743211f010801ea26aa9423a2daab37?s=96&d=mm&r=g","caption":"Diagnostik Geistes"},"sameAs":["https:\/\/www.diagnostik-des-geistes.de\/blog"],"url":"https:\/\/www.diagnostik-des-geistes.de\/blog\/author\/diagnostyka-umyslu\/"}]}},"amp_enabled":true,"_links":{"self":[{"href":"https:\/\/www.diagnostik-des-geistes.de\/blog\/wp-json\/wp\/v2\/posts\/1573"}],"collection":[{"href":"https:\/\/www.diagnostik-des-geistes.de\/blog\/wp-json\/wp\/v2\/posts"}],"about":[{"href":"https:\/\/www.diagnostik-des-geistes.de\/blog\/wp-json\/wp\/v2\/types\/post"}],"author":[{"embeddable":true,"href":"https:\/\/www.diagnostik-des-geistes.de\/blog\/wp-json\/wp\/v2\/users\/1"}],"replies":[{"embeddable":true,"href":"https:\/\/www.diagnostik-des-geistes.de\/blog\/wp-json\/wp\/v2\/comments?post=1573"}],"version-history":[{"count":1,"href":"https:\/\/www.diagnostik-des-geistes.de\/blog\/wp-json\/wp\/v2\/posts\/1573\/revisions"}],"predecessor-version":[{"id":1575,"href":"https:\/\/www.diagnostik-des-geistes.de\/blog\/wp-json\/wp\/v2\/posts\/1573\/revisions\/1575"}],"wp:featuredmedia":[{"embeddable":true,"href":"https:\/\/www.diagnostik-des-geistes.de\/blog\/wp-json\/wp\/v2\/media\/1574"}],"wp:attachment":[{"href":"https:\/\/www.diagnostik-des-geistes.de\/blog\/wp-json\/wp\/v2\/media?parent=1573"}],"wp:term":[{"taxonomy":"category","embeddable":true,"href":"https:\/\/www.diagnostik-des-geistes.de\/blog\/wp-json\/wp\/v2\/categories?post=1573"},{"taxonomy":"post_tag","embeddable":true,"href":"https:\/\/www.diagnostik-des-geistes.de\/blog\/wp-json\/wp\/v2\/tags?post=1573"}],"curies":[{"name":"wp","href":"https:\/\/api.w.org\/{rel}","templated":true}]}}