{"id":1566,"date":"2022-08-17T19:27:02","date_gmt":"2022-08-17T17:27:02","guid":{"rendered":"https:\/\/www.diagnostik-des-geistes.de\/blog\/?p=1566"},"modified":"2022-08-17T19:27:02","modified_gmt":"2022-08-17T17:27:02","slug":"autismus-symptome-therapie","status":"publish","type":"post","link":"https:\/\/www.diagnostik-des-geistes.de\/blog\/autismus-spektrum-storung\/autismus-symptome-therapie\/","title":{"rendered":"Autismus &#8211; Symptome, Therapie"},"content":{"rendered":"<blockquote><p>&#8211; Wenn mindestens ein Kind auf dem Spielplatz war, konnte Krzy\u015b nicht hineingehen. Er hat sich hingelegt und geschrien&#8221;, sagt die Mutter des 8-j\u00e4hrigen Krzy\u015b, der an Autismus leidet. Nach einigen Jahren entdeckte sie eine Methode, die es ihr erm\u00f6glichte, echten Kontakt mit ihrem Kind zu haben.<\/p>\n<p>&#8211; Wenn ein Mensch die Diagnose Autismus h\u00f6rt, beginnt er nerv\u00f6s nach Informationen zu suchen. Es stellt sich heraus, dass das Problem gr\u00f6\u00dfer ist als vermutet. Oft kann das Kind nicht in den Kindergarten gehen und ein Elternteil muss seine Arbeit aufgeben. Damals war mir das nicht bewusst, aber heute wei\u00df ich, dass ein solches Elternteil auch psychologische Unterst\u00fctzung braucht. Ich erinnere mich, dass das Einzige, was ich tun konnte, darin bestand, mit meinem Sohn still im Bett zu liegen&#8221;, erinnert sich Katarzyna \u015aledziewska, die Mutter von Krzysiek.<\/p><\/blockquote>\n<h4>Die ersten Symptome von Autismus<\/h4>\n<blockquote><p>&#8211; Autismus ist ein weites Feld, ein Spektrum von St\u00f6rungen, das von F\u00e4llen mit leichten bis hin zu schwersten Symptomen reicht. Die Krankheit wird bei geistig behinderten Kindern und bei Kindern mit hoch entwickelten akademischen F\u00e4higkeiten diagnostiziert, sagt Maria D\u0105browska-J\u0119dral, eine \u00c4rztin f\u00fcr Autismus.<\/p><\/blockquote>\n<p>Die ersten <a href=\"https:\/\/www.diagnostik-des-geistes.de\/test-fur-autismus-spektrum-storungen\">Symptome des Autismus<\/a> treten sehr fr\u00fch auf, oft schon bei S\u00e4uglingen im Alter von einigen Monaten, aber am deutlichsten werden sie vor dem dritten Lebensjahr. &#8211; Bis zum Alter von zwei Jahren sah ich nichts Verd\u00e4chtiges in der Entwicklung meines Kindes, einige F\u00e4higkeiten gaben mir R\u00e4tsel auf und vermittelten mir den allzu klugen Eindruck, dass es sich zu einem kleinen, etwas verschlossenen Genie entwickeln w\u00fcrde. Dann traten einige beunruhigende Verhaltensweisen auf, und er reagierte nicht einmal auf einfache Befehle oder auf seinen eigenen Namen. Als Krzy\u015b drei Jahre alt war, gingen wir zu einem Picknick in Pola Mokotowskie. Es wurden Luftballons verteilt, die die Kinder zum Spa\u00df zerschlugen und dabei einen f\u00fcrchterlichen L\u00e4rm machten. Krzy\u015b schien nichts zu h\u00f6ren. Er drehte nicht den Kopf, was wir normalerweise reflexartig tun. Dann wurde es schlimmer und schlimmer. In Gegenwart anderer Menschen, sogar seiner Geschwister, begann er hysterisch zu werden. Wir haben die Wohnung so umgestaltet, dass er sein eigenes Zimmer hat, in das seine Geschwister nicht hineingehen k\u00f6nnen &#8211; erinnert sich Krzysieks Mutter.<\/p>\n<h4>Autistisches Verhalten<\/h4>\n<p>Autismus f\u00fchrt zu einer Beeintr\u00e4chtigung der sozialen Beziehungen. Autistische Kinder nehmen zum Beispiel h\u00e4ufig keinen oder nur einen sehr kurzen Blickkontakt zu anderen Menschen auf. Das kranke Kleinkind zieht es vor, Zeit allein zu verbringen. &#8211; Manchmal hatte ich den Eindruck, dass er mich nicht sehen oder h\u00f6ren konnte. Ich l\u00e4chelte ihn an, sagte etwas und er reagierte \u00fcberhaupt nicht&#8221;, erinnert sich Catherine. &#8211; Ich konnte ihn waschen, anziehen und f\u00fcttern, aber ich konnte nicht mit ihm spielen. Er w\u00fcrde einen geworfenen Ball nicht fangen oder wegwerfen&#8221;, f\u00fcgt sie hinzu.<\/p>\n<p>Autistische Kinder haben auch Schwierigkeiten, sich an soziale Regeln zu halten, weil sie sie nicht verstehen. Viele von ihnen halten sich nicht an Anweisungen. Dar\u00fcber hinaus treten h\u00e4ufig Verhaltensst\u00f6rungen auf &#8211; wenn ein Kind in eine f\u00fcr es neue, unsichere Situation gebracht wird, kann es schematisch reagieren, z. B. weglaufen wollen, einen Wutanfall bekommen, bestimmte S\u00e4tze wiederholen, z. B. das ist bl\u00f6d, oder es kann anfangen, sich wiederholende Bewegungen auszuf\u00fchren, zu murmeln, mit sich selbst zu reden usw. Manche Kinder weigern sich, eine Herausforderung anzunehmen, indem sie sich z. B. hinlegen oder sich auf andere Weise wehren, auch indem sie die andere Person schlagen. Die Vielfalt der Verhaltensweisen ist ziemlich gro\u00df, sagt Dr. J\u0119dral. &#8211; Ich erinnere mich daran, dass Krzy\u015b nicht hineingehen konnte, wenn mindestens ein Kind auf dem Spielplatz war. Er hat sich dann hingelegt und geschrien&#8221;, erinnert sich Katarzyna. Sie erz\u00e4hlt, dass der Gang in ein Gesch\u00e4ft oder an einen anderen \u00f6ffentlichen Ort einen Anfall von Hysterie ausl\u00f6ste, mit dem niemand umgehen konnte. In einer solchen Situation f\u00fchlt sich der Elternteil hilflos und inkompetent. Infolgedessen h\u00f6rt er auf, Verwandte und Freunde zu besuchen, und konzentriert sich darauf, den Rest des Tages ohne Schl\u00e4gerei zu \u00fcberstehen. &#8211; Auf diese Weise werden dem Kind bestimmte Erfahrungen vorenthalten, die f\u00fcr seine Entwicklung wichtig sind. Das ist so, als w\u00fcrde man eine Stadt kennenlernen wollen, indem man jeden Tag dieselbe Stra\u00dfe entlanggeht&#8221;, erkl\u00e4rt Dr. J\u0119dral.<\/p>\n<p>Autistische Kinder zeichnen sich auch h\u00e4ufig durch einen Mangel an Spontaneit\u00e4t oder Erfindungsreichtum beim Spielen aus, sie schlagen keine Aktivit\u00e4ten vor und erfinden keine Spiele. &#8211; Kinder mit Autismus spielen oft nicht mit Spielzeug. Sie drehen sich im Kreis, schaukeln, stellen ihr Spielzeug in einer Reihe auf, und das ist ihre Unterhaltung. Sie sind auch nicht in der Lage, symbolisch zu spielen, z. B. mit einem Teddyb\u00e4ren Winnie the Pooh zu spielen&#8221;, erkl\u00e4rt Catherine.<\/p>\n<h4>Autismus-Therapie<\/h4>\n<p>&#8211; Es gibt keinen &#8220;goldenen Standard&#8221; in der Autismus-Therapie, genauso wenig wie es eine ideale Arbeitsmethode gibt, sagt Maria J\u0119dral. Vieles h\u00e4ngt vom Funktionsniveau des Kindes, von den Erwartungen und F\u00e4higkeiten der Eltern ab. Die bekannteste und am besten beschriebene Methode ist die angewandte Verhaltensanalyse, die auch als Verhaltenstherapie bezeichnet wird. &#8211; Sie ist ein sehr wirksames Instrument zur Vermittlung vieler notwendiger F\u00e4higkeiten. Die Kompetenz des Kindes wird durch Training mit einem System von Belohnungen und manchmal Bestrafungen erworben, erkl\u00e4rt der Arzt. Allerdings hat die Methode auch einige Nachteile. &#8211; Nachdem ich einige Jahre mit ihr gearbeitet hatte, wurde mir klar, dass sie den Kern des Autismus, d. h. das Problem der sozialen F\u00e4higkeiten, nicht ber\u00fchrt. Ich hatte den Eindruck, dass diese Therapie meinen Sohn zu einem Roboter macht&#8221;, erinnert sich Catherine. Verhaltenstherapeutische Techniken f\u00fchren zum Erlernen von Gewohnheiten und indirekt zu angemessenen Verhaltensweisen. Das Kind macht Fortschritte in der Erziehung, lernt, unabh\u00e4ngig zu sein, und macht ein Sauberkeitstraining durch. Allerdings ist es mit verhaltenstherapeutischen Verfahren unm\u00f6glich, einem Kind beizubringen, mitzuteilen, was es sieht, was es f\u00fchlt. Gerade der Blickkontakt, der mit Hilfe von Verhaltensma\u00dfnahmen vermittelt wird, ist &#8220;unnat\u00fcrlich&#8221;. &#8211; Was w\u00e4re also, wenn Christopher lernen w\u00fcrde, Tiere, Pflanzen usw. zu erkennen, wenn er mir weiterhin keine Aufmerksamkeit schenkte, als ich ihm die verschiedenen Tiere im Zoo zeigte. Er interessierte sich nicht f\u00fcr mich oder f\u00fcr das, was ich sagte&#8221;, sagt Krzy\u015b&#8217; Mutter. &#8211; Ich konnte mich auch nicht mit meiner Rolle als Mutter abfinden, die auf die Rolle der Therapeutin, der Fahrerin, der F\u00fctterin und der Schl\u00e4ferin reduziert wurde. Ich hatte das Gef\u00fchl, dass ich ihm nichts von mir als Elternteil geben konnte. Ich war zwar nebenan, aber nicht in seinem Leben. Ich war nicht erziehend, sondern organisierte eine Therapie. Ich \u00e4rgerte mich, wenn die Ferien vor der T\u00fcr standen, denn das bedeutete, dass es keine Aktivit\u00e4ten f\u00fcr Christopher geben w\u00fcrde. Auch die Sonntage mochte ich nicht. Diese freie Zeit f\u00fcr Krzys war f\u00fcr mich verlorene Zeit, weil er nicht lernte. Dadurch wurde ich s\u00fcchtig nach Therapeuten, Beratungen, Krzys&#8217; Unterricht und seinen Programmen&#8221;, f\u00fcgt sie hinzu.<\/p>\n<h4>Auswirkungen der Autismus-Therapie<\/h4>\n<p>&#8211; Es hat sich viel ver\u00e4ndert. Ich wei\u00df nicht mehr, was eine Aggressionsattacke ist. Ich habe Kontakt mit dem Kind. Wenn wir einen neuen Ort betreten, schaut er uns an und sucht nach Informationen. Er will mir in der K\u00fcche helfen, er schaufelt mit uns Schnee&#8221;, sagt Kasia. Sie f\u00fcgt hinzu, dass Krzy\u015b vor der FEI-Therapie \u00fcberhaupt nicht mit ihr &#8220;gespielt&#8221; hat. &#8211; Wenn ich etwas vorschlug, schrie er &#8220;Ich will nicht&#8221;. Jetzt ist er zu fast allem bereit. Ich kann mir ausdenken, was ich will, und Krzy\u015b spielt mit mir&#8221;, sagt sie. &#8211; Wir f\u00fchren ein ziemlich &#8216;normales&#8217; Leben, soweit das mit drei Kindern m\u00f6glich ist. Wir verbringen unsere Zeit gemeinsam in den Ferien in Europa, beim Skifahren oder am Meer. Es ist f\u00fcr uns kein Problem, eine mittelalterliche Stadt mit Touristenmassen zu besuchen oder uns im Aquapark zu vergn\u00fcgen. Wir gehen mit den Kindern ins Kino, auf Spielpl\u00e4tze oder machen Fahrradtouren. Krzy\u015b f\u00e4hrt Fahrrad, Skier und Schlittschuhe. Er versucht, Tennis spielen zu lernen. Er hat Schreiben, Lesen, Addieren und Subtrahieren gelernt. Er ist in der ersten Klasse der SP. Ich bin mir bewusst, dass Christophers St\u00f6rung schwerwiegend ist und wir trotz intensiver Arbeit noch viel zu tun haben. F\u00fcr mich ist das Wichtigste, dass ich wei\u00df, woran ich arbeiten muss, dass ich einen Plan habe&#8230; &#8211; sagt Kasia.<\/p>\n<hr \/>\n<p>Quelle:<\/p>\n<ul>\n<li><em>https:\/\/www.medonet.pl\/magazyny\/autyzm,autyzm&#8212;objawy&#8211;terapia,artykul,1637851.html<\/em><\/li>\n<\/ul>\n","protected":false},"excerpt":{"rendered":"<p>&#8211; Wenn mindestens ein Kind auf dem Spielplatz war, konnte Krzy\u015b nicht hineingehen. Er hat sich hingelegt und geschrien&#8221;, sagt die Mutter des 8-j\u00e4hrigen Krzy\u015b,&#8230;<\/p>\n","protected":false},"author":1,"featured_media":1567,"comment_status":"closed","ping_status":"open","sticky":false,"template":"","format":"standard","meta":{"inline_featured_image":false},"categories":[44],"tags":[],"yoast_head":"<!-- This site is optimized with the Yoast SEO plugin v18.1 - https:\/\/yoast.com\/wordpress\/plugins\/seo\/ -->\n<title>Autismus - Symptome, Therapie - Diagnostik des Geistes<\/title>\n<meta name=\"robots\" content=\"index, follow, max-snippet:-1, max-image-preview:large, max-video-preview:-1\" \/>\n<link rel=\"canonical\" href=\"https:\/\/www.diagnostik-des-geistes.de\/blog\/autismus-spektrum-storung\/autismus-symptome-therapie\/\" \/>\n<meta property=\"og:locale\" content=\"de_DE\" \/>\n<meta property=\"og:type\" content=\"article\" \/>\n<meta property=\"og:title\" content=\"Autismus - Symptome, Therapie - Diagnostik des Geistes\" \/>\n<meta property=\"og:description\" content=\"&#8211; Wenn mindestens ein Kind auf dem Spielplatz war, konnte Krzy\u015b nicht hineingehen. Er hat sich hingelegt und geschrien&#8221;, sagt die Mutter des 8-j\u00e4hrigen Krzy\u015b,...\" \/>\n<meta property=\"og:url\" content=\"https:\/\/www.diagnostik-des-geistes.de\/blog\/autismus-spektrum-storung\/autismus-symptome-therapie\/\" \/>\n<meta property=\"og:site_name\" content=\"Diagnostik des Geistes\" \/>\n<meta property=\"article:published_time\" content=\"2022-08-17T17:27:02+00:00\" \/>\n<meta name=\"twitter:card\" content=\"summary_large_image\" \/>\n<meta name=\"twitter:image\" content=\"https:\/\/www.diagnostik-des-geistes.de\/blog\/wp-content\/uploads\/2022\/08\/1-3.webp\" \/>\n<meta name=\"twitter:label1\" content=\"Verfasst von\" \/>\n\t<meta name=\"twitter:data1\" content=\"Diagnostik Geistes\" \/>\n\t<meta name=\"twitter:label2\" content=\"Gesch\u00e4tzte Lesezeit\" \/>\n\t<meta name=\"twitter:data2\" content=\"8 Minuten\" \/>\n<script type=\"application\/ld+json\" class=\"yoast-schema-graph\">{\"@context\":\"https:\/\/schema.org\",\"@graph\":[{\"@type\":\"Organization\",\"@id\":\"https:\/\/www.diagnostik-des-geistes.de\/blog\/#organization\",\"name\":\"Diagnostik des Geistes\",\"url\":\"https:\/\/www.diagnostik-des-geistes.de\/blog\/\",\"sameAs\":[],\"logo\":{\"@type\":\"ImageObject\",\"@id\":\"https:\/\/www.diagnostik-des-geistes.de\/blog\/#logo\",\"inLanguage\":\"de-DE\",\"url\":\"https:\/\/www.diagnostik-des-geistes.de\/blog\/wp-content\/uploads\/2022\/02\/Diagnostik-des-Geistes.png\",\"contentUrl\":\"https:\/\/www.diagnostik-des-geistes.de\/blog\/wp-content\/uploads\/2022\/02\/Diagnostik-des-Geistes.png\",\"width\":282,\"height\":92,\"caption\":\"Diagnostik des Geistes\"},\"image\":{\"@id\":\"https:\/\/www.diagnostik-des-geistes.de\/blog\/#logo\"}},{\"@type\":\"WebSite\",\"@id\":\"https:\/\/www.diagnostik-des-geistes.de\/blog\/#website\",\"url\":\"https:\/\/www.diagnostik-des-geistes.de\/blog\/\",\"name\":\"Diagnostik des Geistes\",\"description\":\"Blog \u00fcber psychische St\u00f6rungen\",\"publisher\":{\"@id\":\"https:\/\/www.diagnostik-des-geistes.de\/blog\/#organization\"},\"potentialAction\":[{\"@type\":\"SearchAction\",\"target\":{\"@type\":\"EntryPoint\",\"urlTemplate\":\"https:\/\/www.diagnostik-des-geistes.de\/blog\/?s={search_term_string}\"},\"query-input\":\"required name=search_term_string\"}],\"inLanguage\":\"de-DE\"},{\"@type\":\"ImageObject\",\"@id\":\"https:\/\/www.diagnostik-des-geistes.de\/blog\/autismus-spektrum-storung\/autismus-symptome-therapie\/#primaryimage\",\"inLanguage\":\"de-DE\",\"url\":\"https:\/\/www.diagnostik-des-geistes.de\/blog\/wp-content\/uploads\/2022\/08\/1-3.webp\",\"contentUrl\":\"https:\/\/www.diagnostik-des-geistes.de\/blog\/wp-content\/uploads\/2022\/08\/1-3.webp\",\"width\":761,\"height\":399},{\"@type\":\"WebPage\",\"@id\":\"https:\/\/www.diagnostik-des-geistes.de\/blog\/autismus-spektrum-storung\/autismus-symptome-therapie\/#webpage\",\"url\":\"https:\/\/www.diagnostik-des-geistes.de\/blog\/autismus-spektrum-storung\/autismus-symptome-therapie\/\",\"name\":\"Autismus - Symptome, Therapie - Diagnostik des Geistes\",\"isPartOf\":{\"@id\":\"https:\/\/www.diagnostik-des-geistes.de\/blog\/#website\"},\"primaryImageOfPage\":{\"@id\":\"https:\/\/www.diagnostik-des-geistes.de\/blog\/autismus-spektrum-storung\/autismus-symptome-therapie\/#primaryimage\"},\"datePublished\":\"2022-08-17T17:27:02+00:00\",\"dateModified\":\"2022-08-17T17:27:02+00:00\",\"breadcrumb\":{\"@id\":\"https:\/\/www.diagnostik-des-geistes.de\/blog\/autismus-spektrum-storung\/autismus-symptome-therapie\/#breadcrumb\"},\"inLanguage\":\"de-DE\",\"potentialAction\":[{\"@type\":\"ReadAction\",\"target\":[\"https:\/\/www.diagnostik-des-geistes.de\/blog\/autismus-spektrum-storung\/autismus-symptome-therapie\/\"]}]},{\"@type\":\"BreadcrumbList\",\"@id\":\"https:\/\/www.diagnostik-des-geistes.de\/blog\/autismus-spektrum-storung\/autismus-symptome-therapie\/#breadcrumb\",\"itemListElement\":[{\"@type\":\"ListItem\",\"position\":1,\"name\":\"Homepage\",\"item\":\"https:\/\/www.diagnostik-des-geistes.de\/blog\/\"},{\"@type\":\"ListItem\",\"position\":2,\"name\":\"Autismus\",\"item\":\"https:\/\/www.diagnostik-des-geistes.de\/blog\/autismus-spektrum-storung\/\"},{\"@type\":\"ListItem\",\"position\":3,\"name\":\"Die ersten Symptome von Autismus\"}]},{\"@type\":\"Article\",\"@id\":\"https:\/\/www.diagnostik-des-geistes.de\/blog\/autismus-spektrum-storung\/autismus-symptome-therapie\/#article\",\"isPartOf\":{\"@id\":\"https:\/\/www.diagnostik-des-geistes.de\/blog\/autismus-spektrum-storung\/autismus-symptome-therapie\/#webpage\"},\"author\":{\"@id\":\"https:\/\/www.diagnostik-des-geistes.de\/blog\/#\/schema\/person\/8eb1bcaf59fea75c780c11946f4e3490\"},\"headline\":\"Autismus &#8211; Symptome, Therapie\",\"datePublished\":\"2022-08-17T17:27:02+00:00\",\"dateModified\":\"2022-08-17T17:27:02+00:00\",\"mainEntityOfPage\":{\"@id\":\"https:\/\/www.diagnostik-des-geistes.de\/blog\/autismus-spektrum-storung\/autismus-symptome-therapie\/#webpage\"},\"wordCount\":1436,\"publisher\":{\"@id\":\"https:\/\/www.diagnostik-des-geistes.de\/blog\/#organization\"},\"image\":{\"@id\":\"https:\/\/www.diagnostik-des-geistes.de\/blog\/autismus-spektrum-storung\/autismus-symptome-therapie\/#primaryimage\"},\"thumbnailUrl\":\"https:\/\/www.diagnostik-des-geistes.de\/blog\/wp-content\/uploads\/2022\/08\/1-3.webp\",\"articleSection\":[\"Autismus-Spektrum-St\u00f6rung\"],\"inLanguage\":\"de-DE\"},{\"@type\":\"Person\",\"@id\":\"https:\/\/www.diagnostik-des-geistes.de\/blog\/#\/schema\/person\/8eb1bcaf59fea75c780c11946f4e3490\",\"name\":\"Diagnostik Geistes\",\"image\":{\"@type\":\"ImageObject\",\"@id\":\"https:\/\/www.diagnostik-des-geistes.de\/blog\/#personlogo\",\"inLanguage\":\"de-DE\",\"url\":\"https:\/\/secure.gravatar.com\/avatar\/6743211f010801ea26aa9423a2daab37?s=96&d=mm&r=g\",\"contentUrl\":\"https:\/\/secure.gravatar.com\/avatar\/6743211f010801ea26aa9423a2daab37?s=96&d=mm&r=g\",\"caption\":\"Diagnostik Geistes\"},\"sameAs\":[\"https:\/\/www.diagnostik-des-geistes.de\/blog\"],\"url\":\"https:\/\/www.diagnostik-des-geistes.de\/blog\/author\/diagnostyka-umyslu\/\"}]}<\/script>\n<!-- \/ Yoast SEO plugin. -->","yoast_head_json":{"title":"Autismus - Symptome, Therapie - Diagnostik des Geistes","robots":{"index":"index","follow":"follow","max-snippet":"max-snippet:-1","max-image-preview":"max-image-preview:large","max-video-preview":"max-video-preview:-1"},"canonical":"https:\/\/www.diagnostik-des-geistes.de\/blog\/autismus-spektrum-storung\/autismus-symptome-therapie\/","og_locale":"de_DE","og_type":"article","og_title":"Autismus - Symptome, Therapie - Diagnostik des Geistes","og_description":"&#8211; Wenn mindestens ein Kind auf dem Spielplatz war, konnte Krzy\u015b nicht hineingehen. Er hat sich hingelegt und geschrien&#8221;, sagt die Mutter des 8-j\u00e4hrigen Krzy\u015b,...","og_url":"https:\/\/www.diagnostik-des-geistes.de\/blog\/autismus-spektrum-storung\/autismus-symptome-therapie\/","og_site_name":"Diagnostik des Geistes","article_published_time":"2022-08-17T17:27:02+00:00","twitter_card":"summary_large_image","twitter_image":"https:\/\/www.diagnostik-des-geistes.de\/blog\/wp-content\/uploads\/2022\/08\/1-3.webp","twitter_misc":{"Verfasst von":"Diagnostik Geistes","Gesch\u00e4tzte Lesezeit":"8 Minuten"},"schema":{"@context":"https:\/\/schema.org","@graph":[{"@type":"Organization","@id":"https:\/\/www.diagnostik-des-geistes.de\/blog\/#organization","name":"Diagnostik des Geistes","url":"https:\/\/www.diagnostik-des-geistes.de\/blog\/","sameAs":[],"logo":{"@type":"ImageObject","@id":"https:\/\/www.diagnostik-des-geistes.de\/blog\/#logo","inLanguage":"de-DE","url":"https:\/\/www.diagnostik-des-geistes.de\/blog\/wp-content\/uploads\/2022\/02\/Diagnostik-des-Geistes.png","contentUrl":"https:\/\/www.diagnostik-des-geistes.de\/blog\/wp-content\/uploads\/2022\/02\/Diagnostik-des-Geistes.png","width":282,"height":92,"caption":"Diagnostik des Geistes"},"image":{"@id":"https:\/\/www.diagnostik-des-geistes.de\/blog\/#logo"}},{"@type":"WebSite","@id":"https:\/\/www.diagnostik-des-geistes.de\/blog\/#website","url":"https:\/\/www.diagnostik-des-geistes.de\/blog\/","name":"Diagnostik des Geistes","description":"Blog \u00fcber psychische St\u00f6rungen","publisher":{"@id":"https:\/\/www.diagnostik-des-geistes.de\/blog\/#organization"},"potentialAction":[{"@type":"SearchAction","target":{"@type":"EntryPoint","urlTemplate":"https:\/\/www.diagnostik-des-geistes.de\/blog\/?s={search_term_string}"},"query-input":"required name=search_term_string"}],"inLanguage":"de-DE"},{"@type":"ImageObject","@id":"https:\/\/www.diagnostik-des-geistes.de\/blog\/autismus-spektrum-storung\/autismus-symptome-therapie\/#primaryimage","inLanguage":"de-DE","url":"https:\/\/www.diagnostik-des-geistes.de\/blog\/wp-content\/uploads\/2022\/08\/1-3.webp","contentUrl":"https:\/\/www.diagnostik-des-geistes.de\/blog\/wp-content\/uploads\/2022\/08\/1-3.webp","width":761,"height":399},{"@type":"WebPage","@id":"https:\/\/www.diagnostik-des-geistes.de\/blog\/autismus-spektrum-storung\/autismus-symptome-therapie\/#webpage","url":"https:\/\/www.diagnostik-des-geistes.de\/blog\/autismus-spektrum-storung\/autismus-symptome-therapie\/","name":"Autismus - Symptome, Therapie - Diagnostik des Geistes","isPartOf":{"@id":"https:\/\/www.diagnostik-des-geistes.de\/blog\/#website"},"primaryImageOfPage":{"@id":"https:\/\/www.diagnostik-des-geistes.de\/blog\/autismus-spektrum-storung\/autismus-symptome-therapie\/#primaryimage"},"datePublished":"2022-08-17T17:27:02+00:00","dateModified":"2022-08-17T17:27:02+00:00","breadcrumb":{"@id":"https:\/\/www.diagnostik-des-geistes.de\/blog\/autismus-spektrum-storung\/autismus-symptome-therapie\/#breadcrumb"},"inLanguage":"de-DE","potentialAction":[{"@type":"ReadAction","target":["https:\/\/www.diagnostik-des-geistes.de\/blog\/autismus-spektrum-storung\/autismus-symptome-therapie\/"]}]},{"@type":"BreadcrumbList","@id":"https:\/\/www.diagnostik-des-geistes.de\/blog\/autismus-spektrum-storung\/autismus-symptome-therapie\/#breadcrumb","itemListElement":[{"@type":"ListItem","position":1,"name":"Homepage","item":"https:\/\/www.diagnostik-des-geistes.de\/blog\/"},{"@type":"ListItem","position":2,"name":"Autismus","item":"https:\/\/www.diagnostik-des-geistes.de\/blog\/autismus-spektrum-storung\/"},{"@type":"ListItem","position":3,"name":"Die ersten Symptome von Autismus"}]},{"@type":"Article","@id":"https:\/\/www.diagnostik-des-geistes.de\/blog\/autismus-spektrum-storung\/autismus-symptome-therapie\/#article","isPartOf":{"@id":"https:\/\/www.diagnostik-des-geistes.de\/blog\/autismus-spektrum-storung\/autismus-symptome-therapie\/#webpage"},"author":{"@id":"https:\/\/www.diagnostik-des-geistes.de\/blog\/#\/schema\/person\/8eb1bcaf59fea75c780c11946f4e3490"},"headline":"Autismus &#8211; Symptome, Therapie","datePublished":"2022-08-17T17:27:02+00:00","dateModified":"2022-08-17T17:27:02+00:00","mainEntityOfPage":{"@id":"https:\/\/www.diagnostik-des-geistes.de\/blog\/autismus-spektrum-storung\/autismus-symptome-therapie\/#webpage"},"wordCount":1436,"publisher":{"@id":"https:\/\/www.diagnostik-des-geistes.de\/blog\/#organization"},"image":{"@id":"https:\/\/www.diagnostik-des-geistes.de\/blog\/autismus-spektrum-storung\/autismus-symptome-therapie\/#primaryimage"},"thumbnailUrl":"https:\/\/www.diagnostik-des-geistes.de\/blog\/wp-content\/uploads\/2022\/08\/1-3.webp","articleSection":["Autismus-Spektrum-St\u00f6rung"],"inLanguage":"de-DE"},{"@type":"Person","@id":"https:\/\/www.diagnostik-des-geistes.de\/blog\/#\/schema\/person\/8eb1bcaf59fea75c780c11946f4e3490","name":"Diagnostik Geistes","image":{"@type":"ImageObject","@id":"https:\/\/www.diagnostik-des-geistes.de\/blog\/#personlogo","inLanguage":"de-DE","url":"https:\/\/secure.gravatar.com\/avatar\/6743211f010801ea26aa9423a2daab37?s=96&d=mm&r=g","contentUrl":"https:\/\/secure.gravatar.com\/avatar\/6743211f010801ea26aa9423a2daab37?s=96&d=mm&r=g","caption":"Diagnostik Geistes"},"sameAs":["https:\/\/www.diagnostik-des-geistes.de\/blog"],"url":"https:\/\/www.diagnostik-des-geistes.de\/blog\/author\/diagnostyka-umyslu\/"}]}},"amp_enabled":true,"_links":{"self":[{"href":"https:\/\/www.diagnostik-des-geistes.de\/blog\/wp-json\/wp\/v2\/posts\/1566"}],"collection":[{"href":"https:\/\/www.diagnostik-des-geistes.de\/blog\/wp-json\/wp\/v2\/posts"}],"about":[{"href":"https:\/\/www.diagnostik-des-geistes.de\/blog\/wp-json\/wp\/v2\/types\/post"}],"author":[{"embeddable":true,"href":"https:\/\/www.diagnostik-des-geistes.de\/blog\/wp-json\/wp\/v2\/users\/1"}],"replies":[{"embeddable":true,"href":"https:\/\/www.diagnostik-des-geistes.de\/blog\/wp-json\/wp\/v2\/comments?post=1566"}],"version-history":[{"count":1,"href":"https:\/\/www.diagnostik-des-geistes.de\/blog\/wp-json\/wp\/v2\/posts\/1566\/revisions"}],"predecessor-version":[{"id":1568,"href":"https:\/\/www.diagnostik-des-geistes.de\/blog\/wp-json\/wp\/v2\/posts\/1566\/revisions\/1568"}],"wp:featuredmedia":[{"embeddable":true,"href":"https:\/\/www.diagnostik-des-geistes.de\/blog\/wp-json\/wp\/v2\/media\/1567"}],"wp:attachment":[{"href":"https:\/\/www.diagnostik-des-geistes.de\/blog\/wp-json\/wp\/v2\/media?parent=1566"}],"wp:term":[{"taxonomy":"category","embeddable":true,"href":"https:\/\/www.diagnostik-des-geistes.de\/blog\/wp-json\/wp\/v2\/categories?post=1566"},{"taxonomy":"post_tag","embeddable":true,"href":"https:\/\/www.diagnostik-des-geistes.de\/blog\/wp-json\/wp\/v2\/tags?post=1566"}],"curies":[{"name":"wp","href":"https:\/\/api.w.org\/{rel}","templated":true}]}}