{"id":1560,"date":"2022-08-17T19:07:31","date_gmt":"2022-08-17T17:07:31","guid":{"rendered":"https:\/\/www.diagnostik-des-geistes.de\/blog\/?p=1560"},"modified":"2022-08-17T19:07:31","modified_gmt":"2022-08-17T17:07:31","slug":"autismus-verstehen","status":"publish","type":"post","link":"https:\/\/www.diagnostik-des-geistes.de\/blog\/autismus-spektrum-storung\/autismus-verstehen\/","title":{"rendered":"Autismus verstehen"},"content":{"rendered":"<blockquote><p><strong>Autismus<\/strong> und <strong>Asperger-Syndrom<\/strong> &#8211; das sind die h\u00e4ufigsten ganzheitlichen neurologischen Entwicklungsst\u00f6rungen, die zum so genannten <a href=\"https:\/\/www.diagnostik-des-geistes.de\/test-fur-autismus-spektrum-storungen\">Autismus-Spektrum<\/a> geh\u00f6ren. Das Gehirn von Menschen mit <strong>Autismus<\/strong> funktioniert etwas anders als das Gehirn von Menschen ohne diese St\u00f6rung. Es nimmt Informationen anders wahr und verarbeitet sie anders, was sich darauf auswirkt, wie wir die Welt wahrnehmen und mit anderen Menschen interagieren. Der stetige Anstieg der Zahl der Menschen, bei denen autistische St\u00f6rungen diagnostiziert werden, ist besorgniserregend. Warum ist dies der Fall?<\/p><\/blockquote>\n<h4>Autismus &#8211; was ist das?<\/h4>\n<p>Autismus ist eine neurologische Entwicklungsst\u00f6rung. Die ersten <strong>Symptome von Autismus<\/strong> treten bereits in der Kindheit auf und halten bis zum Lebensende an. Die St\u00f6rung ist derzeit eine der h\u00e4ufigsten in der Welt. Die Gehirnfunktion spielt bei Autismus eine wichtige Rolle. Die Patienten kapseln sich von der Welt ab und vermeiden es, mit anderen Menschen zu sprechen. Die Forschung zeigt, dass Autismus mit einer Art innerer Leere oder sogar einer gro\u00dfen Anzahl innerer Erfahrungen\/Emotionen verbunden ist.<\/p>\n<h4>Autismus umfasst:<\/h4>\n<ul>\n<li>fr\u00fchkindlicher Autismus;<\/li>\n<li>atypischer Autismus;<\/li>\n<li>Asparger-Syndrom.<\/li>\n<\/ul>\n<h4>Autismus &#8211; Ursachen<\/h4>\n<p>Autismus ist ein Zustand, der wahrscheinlich mit neurologischen Problemen unbekannten Ursprungs einhergeht. Zu den h\u00e4ufigsten Ursachen f\u00fcr Autismus geh\u00f6ren:<\/p>\n<ul>\n<li>genetische Faktoren;<\/li>\n<li>infantile zerebrale L\u00e4hmung;<\/li>\n<li>Toxoplasmose<\/li>\n<li>Glutenunvertr\u00e4glichkeit<\/li>\n<li>Kasein-Unvertr\u00e4glichkeit<\/li>\n<li>Allergien;<\/li>\n<li>Probleme bei der Ausscheidung von Toxinen;<\/li>\n<li>ein Alter des Vaters von \u00fcber 40 Jahren;<\/li>\n<li>perinatales Trauma.<\/li>\n<\/ul>\n<h4>Autismus &#8211; was sind die ersten Symptome der Krankheit?<\/h4>\n<p>Autismus ist eine Erkrankung, die sich vor dem 3. Lebensjahr bemerkbar macht. Das besorgniserregende Verhalten des Kindes wird in der Regel von den Eltern beobachtet &#8211; in einigen F\u00e4llen bereits im S\u00e4uglingsalter. Sie sind besorgt, dass das Kind:<\/p>\n<ul>\n<li>\u00fcberm\u00e4\u00dfig unruhig ist,<\/li>\n<li>nicht auf Ger\u00e4usche reagiert,<\/li>\n<li>Menschen, die hereinkommen, nicht ansieht,<\/li>\n<li>sich versteift, wenn es auf den Arm genommen wird, stundenlang auf einen Punkt starrt, z. B. auf eine tickende<\/li>\n<li>Uhr, nicht spricht,<\/li>\n<li>spricht nicht.<\/li>\n<\/ul>\n<p>Es kommt auch vor, dass sich das Kind zun\u00e4chst normal entwickelt, aber pl\u00f6tzlich seltsame Verhaltensweisen zeigt.<\/p>\n<h4>Arten von Autismus<\/h4>\n<p>Jungen sind h\u00e4ufiger von Autismus betroffen als M\u00e4dchen.<\/p>\n<p>Autismus umfasst:<\/p>\n<ul>\n<li>Infantiler Autismus: Er bezieht sich auf das Alter, in dem er auftritt und in dem die ersten Symptome beobachtet werden (was nicht bedeutet, dass er nur Kinder betrifft). Bei dieser Form des Autismus besteht eine \u00dcberempfindlichkeit gegen\u00fcber Ger\u00fcchen, Licht, Ger\u00e4uschen, Ber\u00fchrungen oder Bildern. Das Kind hat Schwierigkeiten, die Reize, die es erreicht, angemessen wahrzunehmen und zu interpretieren. Dies ist wahrscheinlich auf eine Hirnsch\u00e4digung zur\u00fcckzuf\u00fchren. Um mit dem inneren Chaos fertig zu werden, verschlie\u00dft sich das Kind in seiner eigenen Welt und empf\u00e4ngt keine Signale, die von au\u00dfen kommen (es reagiert nicht);<\/li>\n<li>Schizophrener Autismus: Er \u00e4u\u00dfert sich darin, dass sich der Patient in seiner eigenen Welt verschlie\u00dft, andere Menschen, Gespr\u00e4che und Kontakte meidet und in seiner eigenen inneren, leeren Welt lebt.<\/li>\n<\/ul>\n<h4>Wie verh\u00e4lt sich ein an Autismus leidendes Kind?<\/h4>\n<p>Das Kind verschlie\u00dft sich in seiner eigenen Welt. Sie ist etwas verzerrt, aber so einnehmend, dass das Kleinkind nicht die Notwendigkeit sieht, mit den Menschen um sich herum zu sprechen. Es kommt zu einer ganzheitlichen Entwicklungsst\u00f6rung. Das Kind vermeidet den Kontakt zu Gleichaltrigen und zur Familie. Es spricht grundlos nicht mehr mit seiner Mutter, behandelt alle Menschen um sich herum wie Luft. Es l\u00e4sst sich nicht ber\u00fchren. Es versteift sich, wenn es hochgehoben wird. Hat keine Lust, etwas zu tun. Dr\u00e4ngt die Eltern nicht dazu, ihm ein Superauto oder eine Puppe zu kaufen, die alles kann. Reagiert nicht auf Schmerz. Er freut sich nicht, wenn eine bisher geliebte Tante vorbeif\u00e4hrt. Wenn er sein Lieblingseis bekommt, zeigt er nicht, dass er es sehr mag. Subtile Zeichen (Grimassen, Gesten von anderen Menschen) haben f\u00fcr ihn wenig Bedeutung. Man kann ihn noch so herzlich anl\u00e4cheln, er beachtet es nicht und empfindet es nicht als etwas Nettes. Er h\u00f6rt auf zu sprechen, und wenn er doch spricht, dann auf eine verzerrte Art und Weise &#8211; quietschend, unzusammenh\u00e4ngend, W\u00f6rter oder Slogans aus der Fernsehwerbung wiederholend. Anstelle von &#8220;ich&#8221; sagt er &#8220;du&#8221;. Verwendet unverst\u00e4ndliche S\u00e4tze. Er verh\u00e4lt sich stereotyp &#8211; fuchtelt mit den H\u00e4nden oder dreht sich im Kreis. Er h\u00e4ngt \u00fcberm\u00e4\u00dfig an bestimmten Gegenst\u00e4nden. Wenn jemand sie ihm wegnimmt, ger\u00e4t er in Panik. Er mag es nicht, wenn jemand seine Rituale \u00e4ndert. Er geht gerne den gleichen Weg, isst vom gleichen Teller, putzt mit der gleichen B\u00fcrste. Er hasst jede Ver\u00e4nderung seiner t\u00e4glichen Routinen. Kinder mit weniger ausgepr\u00e4gtem Autismus haben ein sehr selektives und begrenztes Interessenspektrum &#8211; daher sind sie manchmal Experten auf engen Gebieten. Sie zeigen manchmal ein bemerkenswertes Ged\u00e4chtnis, das sie jedoch im Alltag, in der Schule oder im Umgang mit Menschen nicht nutzen. Autistische Kinder sind oft \u00e4ngstlich, leicht aggressiv und haben einen gest\u00f6rten Schlafrhythmus. Die Diagnose wird von einem Psychologen, Psychiater oder Sonderp\u00e4dagogen auf der Grundlage von Beobachtungen und Beurteilungen der Entwicklung des Kindes gestellt.<\/p>\n<h4>Autismus &#8211; Diagnose<\/h4>\n<p>Die Diagnose einer Krankheit wie <strong>Autismus<\/strong> braucht Zeit. Um eine korrekte Einsch\u00e4tzung vornehmen zu k\u00f6nnen, muss das Kind sehr genau beobachtet werden, wobei h\u00e4ufige Termine in Fachkliniken erforderlich sind. Die \u00c4rzte beobachten das Verhalten des Kindes in verschiedenen Situationen, sei es bei Aktivit\u00e4ten, mit den Eltern, allein oder mit einem Therapeuten und beim Spielen.<\/p>\n<h4>Die Fach\u00e4rzte st\u00fctzen ihre Diagnose auf drei Gruppen von Symptomen:<\/h4>\n<ul>\n<li>St\u00f6rungen der sozialen F\u00e4higkeiten,<\/li>\n<li>St\u00f6rungen der verbalen und nonverbalen Kommunikation,<\/li>\n<li>gest\u00f6rte Phantasieprozesse und ein kleines Repertoire.<\/li>\n<\/ul>\n<h4>Autismus &#8211; Behandlung<\/h4>\n<p>Autismus bei Kindern ist eine schwere Krankheit mit einer ung\u00fcnstigen Prognose, die weitgehend von der Schwere der Symptome und dem Grad der geistigen Beeintr\u00e4chtigung abh\u00e4ngt. Es handelt sich um eine schwer zu behandelnde Krankheit. Das Kind muss st\u00e4ndig betreut werden. Die Behandlung besteht aus verschiedenen Formen der Psychotherapie, in die die gesamte Familie einbezogen werden sollte.<\/p>\n<h4>Die pharmakologische Behandlung umfasst:<\/h4>\n<ul>\n<li>Stimulanzien,<\/li>\n<li>Antidepressiva (in der Kurzzeittherapie sind sie unwirksam),<\/li>\n<li>Neuroleptika.<\/li>\n<\/ul>\n<p>Die Therapie f\u00fcr Kinder mit Autismus besteht haupts\u00e4chlich aus p\u00e4dagogischer und psychologischer Unterst\u00fctzung. Autismus f\u00fchrt dazu, dass bestimmte Bereiche des Gehirns inaktiv sind, was wiederum zu Entwicklungsst\u00f6rungen f\u00fchrt. \u00c4rzte, die sich um autistische Kinder k\u00fcmmern, stimulieren bestimmte Bereiche des Gehirns. Bitte beachten Sie, dass eine pharmakologische Behandlung eingesetzt wird, wenn das Verhalten des autistischen Kindes nicht kontrolliert werden kann. Manchmal kann sie gef\u00e4hrlich sein.<\/p>\n<p>Nach den neuesten Forschungsergebnissen kann Autismus geheilt werden. Dies ist nat\u00fcrlich m\u00f6glich durch eine fr\u00fchzeitige Erkennung der Krankheit und eine Therapie, die dazu beitr\u00e4gt, die Symptome des autistischen Verhaltens zu lindern und zu beseitigen, und die eine Anpassung an ein normales Leben in der Gesellschaft erm\u00f6glicht.<\/p>\n<h4>Autismus &#8211; Tipps f\u00fcr Eltern<\/h4>\n<p>Suchen Sie einen Arzt auf, sobald Ihr Kind<\/p>\n<ul>\n<li>vor dem ersten Lebensjahr nicht brabbelt, keine Sprache entwickelt,<\/li>\n<li>sich von seiner Umgebung abkapselt,<\/li>\n<li>nicht mehr mit Ihnen und anderen kommuniziert und sich von seiner eigenen Welt abkapselt.<\/li>\n<\/ul>\n<p>Es ist \u00e4u\u00dferst wichtig, so fr\u00fch wie m\u00f6glich mit der Behandlung zu beginnen.<\/p>\n<hr \/>\n<p>Quelle:<\/p>\n<ul>\n<li><em>https:\/\/www.medonet.pl\/magazyny\/autyzm,czym-jest-autyzm-,artykul,1658305.html<\/em><\/li>\n<\/ul>\n","protected":false},"excerpt":{"rendered":"<p>Autismus und Asperger-Syndrom &#8211; das sind die h\u00e4ufigsten ganzheitlichen neurologischen Entwicklungsst\u00f6rungen, die zum so genannten Autismus-Spektrum geh\u00f6ren. Das Gehirn von Menschen mit Autismus funktioniert etwas&#8230;<\/p>\n","protected":false},"author":1,"featured_media":1561,"comment_status":"closed","ping_status":"open","sticky":false,"template":"","format":"standard","meta":{"inline_featured_image":false},"categories":[44],"tags":[],"yoast_head":"<!-- This site is optimized with the Yoast SEO plugin v18.1 - https:\/\/yoast.com\/wordpress\/plugins\/seo\/ -->\n<title>Autismus verstehen - Diagnostik des Geistes<\/title>\n<meta name=\"robots\" content=\"index, follow, max-snippet:-1, max-image-preview:large, max-video-preview:-1\" \/>\n<link rel=\"canonical\" href=\"https:\/\/www.diagnostik-des-geistes.de\/blog\/autismus-spektrum-storung\/autismus-verstehen\/\" \/>\n<meta property=\"og:locale\" content=\"de_DE\" \/>\n<meta property=\"og:type\" content=\"article\" \/>\n<meta property=\"og:title\" content=\"Autismus verstehen - Diagnostik des Geistes\" \/>\n<meta property=\"og:description\" content=\"Autismus und Asperger-Syndrom &#8211; das sind die h\u00e4ufigsten ganzheitlichen neurologischen Entwicklungsst\u00f6rungen, die zum so genannten Autismus-Spektrum geh\u00f6ren. Das Gehirn von Menschen mit Autismus funktioniert etwas...\" \/>\n<meta property=\"og:url\" content=\"https:\/\/www.diagnostik-des-geistes.de\/blog\/autismus-spektrum-storung\/autismus-verstehen\/\" \/>\n<meta property=\"og:site_name\" content=\"Diagnostik des Geistes\" \/>\n<meta property=\"article:published_time\" content=\"2022-08-17T17:07:31+00:00\" \/>\n<meta name=\"twitter:card\" content=\"summary_large_image\" \/>\n<meta name=\"twitter:image\" content=\"https:\/\/www.diagnostik-des-geistes.de\/blog\/wp-content\/uploads\/2022\/08\/15.webp\" \/>\n<meta name=\"twitter:label1\" content=\"Verfasst von\" \/>\n\t<meta name=\"twitter:data1\" content=\"Diagnostik Geistes\" \/>\n\t<meta name=\"twitter:label2\" content=\"Gesch\u00e4tzte Lesezeit\" \/>\n\t<meta name=\"twitter:data2\" content=\"7 Minuten\" \/>\n<script type=\"application\/ld+json\" class=\"yoast-schema-graph\">{\"@context\":\"https:\/\/schema.org\",\"@graph\":[{\"@type\":\"Organization\",\"@id\":\"https:\/\/www.diagnostik-des-geistes.de\/blog\/#organization\",\"name\":\"Diagnostik des Geistes\",\"url\":\"https:\/\/www.diagnostik-des-geistes.de\/blog\/\",\"sameAs\":[],\"logo\":{\"@type\":\"ImageObject\",\"@id\":\"https:\/\/www.diagnostik-des-geistes.de\/blog\/#logo\",\"inLanguage\":\"de-DE\",\"url\":\"https:\/\/www.diagnostik-des-geistes.de\/blog\/wp-content\/uploads\/2022\/02\/Diagnostik-des-Geistes.png\",\"contentUrl\":\"https:\/\/www.diagnostik-des-geistes.de\/blog\/wp-content\/uploads\/2022\/02\/Diagnostik-des-Geistes.png\",\"width\":282,\"height\":92,\"caption\":\"Diagnostik des Geistes\"},\"image\":{\"@id\":\"https:\/\/www.diagnostik-des-geistes.de\/blog\/#logo\"}},{\"@type\":\"WebSite\",\"@id\":\"https:\/\/www.diagnostik-des-geistes.de\/blog\/#website\",\"url\":\"https:\/\/www.diagnostik-des-geistes.de\/blog\/\",\"name\":\"Diagnostik des Geistes\",\"description\":\"Blog \u00fcber psychische St\u00f6rungen\",\"publisher\":{\"@id\":\"https:\/\/www.diagnostik-des-geistes.de\/blog\/#organization\"},\"potentialAction\":[{\"@type\":\"SearchAction\",\"target\":{\"@type\":\"EntryPoint\",\"urlTemplate\":\"https:\/\/www.diagnostik-des-geistes.de\/blog\/?s={search_term_string}\"},\"query-input\":\"required name=search_term_string\"}],\"inLanguage\":\"de-DE\"},{\"@type\":\"ImageObject\",\"@id\":\"https:\/\/www.diagnostik-des-geistes.de\/blog\/autismus-spektrum-storung\/autismus-verstehen\/#primaryimage\",\"inLanguage\":\"de-DE\",\"url\":\"https:\/\/www.diagnostik-des-geistes.de\/blog\/wp-content\/uploads\/2022\/08\/15.webp\",\"contentUrl\":\"https:\/\/www.diagnostik-des-geistes.de\/blog\/wp-content\/uploads\/2022\/08\/15.webp\",\"width\":765,\"height\":400},{\"@type\":\"WebPage\",\"@id\":\"https:\/\/www.diagnostik-des-geistes.de\/blog\/autismus-spektrum-storung\/autismus-verstehen\/#webpage\",\"url\":\"https:\/\/www.diagnostik-des-geistes.de\/blog\/autismus-spektrum-storung\/autismus-verstehen\/\",\"name\":\"Autismus verstehen - Diagnostik des Geistes\",\"isPartOf\":{\"@id\":\"https:\/\/www.diagnostik-des-geistes.de\/blog\/#website\"},\"primaryImageOfPage\":{\"@id\":\"https:\/\/www.diagnostik-des-geistes.de\/blog\/autismus-spektrum-storung\/autismus-verstehen\/#primaryimage\"},\"datePublished\":\"2022-08-17T17:07:31+00:00\",\"dateModified\":\"2022-08-17T17:07:31+00:00\",\"breadcrumb\":{\"@id\":\"https:\/\/www.diagnostik-des-geistes.de\/blog\/autismus-spektrum-storung\/autismus-verstehen\/#breadcrumb\"},\"inLanguage\":\"de-DE\",\"potentialAction\":[{\"@type\":\"ReadAction\",\"target\":[\"https:\/\/www.diagnostik-des-geistes.de\/blog\/autismus-spektrum-storung\/autismus-verstehen\/\"]}]},{\"@type\":\"BreadcrumbList\",\"@id\":\"https:\/\/www.diagnostik-des-geistes.de\/blog\/autismus-spektrum-storung\/autismus-verstehen\/#breadcrumb\",\"itemListElement\":[{\"@type\":\"ListItem\",\"position\":1,\"name\":\"Homepage\",\"item\":\"https:\/\/www.diagnostik-des-geistes.de\/blog\/\"},{\"@type\":\"ListItem\",\"position\":2,\"name\":\"Autismus\",\"item\":\"https:\/\/www.diagnostik-des-geistes.de\/blog\/autismus-spektrum-storung\/\"},{\"@type\":\"ListItem\",\"position\":3,\"name\":\"Autismus verstehen\"}]},{\"@type\":\"Article\",\"@id\":\"https:\/\/www.diagnostik-des-geistes.de\/blog\/autismus-spektrum-storung\/autismus-verstehen\/#article\",\"isPartOf\":{\"@id\":\"https:\/\/www.diagnostik-des-geistes.de\/blog\/autismus-spektrum-storung\/autismus-verstehen\/#webpage\"},\"author\":{\"@id\":\"https:\/\/www.diagnostik-des-geistes.de\/blog\/#\/schema\/person\/8eb1bcaf59fea75c780c11946f4e3490\"},\"headline\":\"Autismus verstehen\",\"datePublished\":\"2022-08-17T17:07:31+00:00\",\"dateModified\":\"2022-08-17T17:07:31+00:00\",\"mainEntityOfPage\":{\"@id\":\"https:\/\/www.diagnostik-des-geistes.de\/blog\/autismus-spektrum-storung\/autismus-verstehen\/#webpage\"},\"wordCount\":1201,\"publisher\":{\"@id\":\"https:\/\/www.diagnostik-des-geistes.de\/blog\/#organization\"},\"image\":{\"@id\":\"https:\/\/www.diagnostik-des-geistes.de\/blog\/autismus-spektrum-storung\/autismus-verstehen\/#primaryimage\"},\"thumbnailUrl\":\"https:\/\/www.diagnostik-des-geistes.de\/blog\/wp-content\/uploads\/2022\/08\/15.webp\",\"articleSection\":[\"Autismus-Spektrum-St\u00f6rung\"],\"inLanguage\":\"de-DE\"},{\"@type\":\"Person\",\"@id\":\"https:\/\/www.diagnostik-des-geistes.de\/blog\/#\/schema\/person\/8eb1bcaf59fea75c780c11946f4e3490\",\"name\":\"Diagnostik Geistes\",\"image\":{\"@type\":\"ImageObject\",\"@id\":\"https:\/\/www.diagnostik-des-geistes.de\/blog\/#personlogo\",\"inLanguage\":\"de-DE\",\"url\":\"https:\/\/secure.gravatar.com\/avatar\/6743211f010801ea26aa9423a2daab37?s=96&d=mm&r=g\",\"contentUrl\":\"https:\/\/secure.gravatar.com\/avatar\/6743211f010801ea26aa9423a2daab37?s=96&d=mm&r=g\",\"caption\":\"Diagnostik Geistes\"},\"sameAs\":[\"https:\/\/www.diagnostik-des-geistes.de\/blog\"],\"url\":\"https:\/\/www.diagnostik-des-geistes.de\/blog\/author\/diagnostyka-umyslu\/\"}]}<\/script>\n<!-- \/ Yoast SEO plugin. -->","yoast_head_json":{"title":"Autismus verstehen - Diagnostik des Geistes","robots":{"index":"index","follow":"follow","max-snippet":"max-snippet:-1","max-image-preview":"max-image-preview:large","max-video-preview":"max-video-preview:-1"},"canonical":"https:\/\/www.diagnostik-des-geistes.de\/blog\/autismus-spektrum-storung\/autismus-verstehen\/","og_locale":"de_DE","og_type":"article","og_title":"Autismus verstehen - Diagnostik des Geistes","og_description":"Autismus und Asperger-Syndrom &#8211; das sind die h\u00e4ufigsten ganzheitlichen neurologischen Entwicklungsst\u00f6rungen, die zum so genannten Autismus-Spektrum geh\u00f6ren. Das Gehirn von Menschen mit Autismus funktioniert etwas...","og_url":"https:\/\/www.diagnostik-des-geistes.de\/blog\/autismus-spektrum-storung\/autismus-verstehen\/","og_site_name":"Diagnostik des Geistes","article_published_time":"2022-08-17T17:07:31+00:00","twitter_card":"summary_large_image","twitter_image":"https:\/\/www.diagnostik-des-geistes.de\/blog\/wp-content\/uploads\/2022\/08\/15.webp","twitter_misc":{"Verfasst von":"Diagnostik Geistes","Gesch\u00e4tzte Lesezeit":"7 Minuten"},"schema":{"@context":"https:\/\/schema.org","@graph":[{"@type":"Organization","@id":"https:\/\/www.diagnostik-des-geistes.de\/blog\/#organization","name":"Diagnostik des Geistes","url":"https:\/\/www.diagnostik-des-geistes.de\/blog\/","sameAs":[],"logo":{"@type":"ImageObject","@id":"https:\/\/www.diagnostik-des-geistes.de\/blog\/#logo","inLanguage":"de-DE","url":"https:\/\/www.diagnostik-des-geistes.de\/blog\/wp-content\/uploads\/2022\/02\/Diagnostik-des-Geistes.png","contentUrl":"https:\/\/www.diagnostik-des-geistes.de\/blog\/wp-content\/uploads\/2022\/02\/Diagnostik-des-Geistes.png","width":282,"height":92,"caption":"Diagnostik des Geistes"},"image":{"@id":"https:\/\/www.diagnostik-des-geistes.de\/blog\/#logo"}},{"@type":"WebSite","@id":"https:\/\/www.diagnostik-des-geistes.de\/blog\/#website","url":"https:\/\/www.diagnostik-des-geistes.de\/blog\/","name":"Diagnostik des Geistes","description":"Blog \u00fcber psychische St\u00f6rungen","publisher":{"@id":"https:\/\/www.diagnostik-des-geistes.de\/blog\/#organization"},"potentialAction":[{"@type":"SearchAction","target":{"@type":"EntryPoint","urlTemplate":"https:\/\/www.diagnostik-des-geistes.de\/blog\/?s={search_term_string}"},"query-input":"required name=search_term_string"}],"inLanguage":"de-DE"},{"@type":"ImageObject","@id":"https:\/\/www.diagnostik-des-geistes.de\/blog\/autismus-spektrum-storung\/autismus-verstehen\/#primaryimage","inLanguage":"de-DE","url":"https:\/\/www.diagnostik-des-geistes.de\/blog\/wp-content\/uploads\/2022\/08\/15.webp","contentUrl":"https:\/\/www.diagnostik-des-geistes.de\/blog\/wp-content\/uploads\/2022\/08\/15.webp","width":765,"height":400},{"@type":"WebPage","@id":"https:\/\/www.diagnostik-des-geistes.de\/blog\/autismus-spektrum-storung\/autismus-verstehen\/#webpage","url":"https:\/\/www.diagnostik-des-geistes.de\/blog\/autismus-spektrum-storung\/autismus-verstehen\/","name":"Autismus verstehen - Diagnostik des Geistes","isPartOf":{"@id":"https:\/\/www.diagnostik-des-geistes.de\/blog\/#website"},"primaryImageOfPage":{"@id":"https:\/\/www.diagnostik-des-geistes.de\/blog\/autismus-spektrum-storung\/autismus-verstehen\/#primaryimage"},"datePublished":"2022-08-17T17:07:31+00:00","dateModified":"2022-08-17T17:07:31+00:00","breadcrumb":{"@id":"https:\/\/www.diagnostik-des-geistes.de\/blog\/autismus-spektrum-storung\/autismus-verstehen\/#breadcrumb"},"inLanguage":"de-DE","potentialAction":[{"@type":"ReadAction","target":["https:\/\/www.diagnostik-des-geistes.de\/blog\/autismus-spektrum-storung\/autismus-verstehen\/"]}]},{"@type":"BreadcrumbList","@id":"https:\/\/www.diagnostik-des-geistes.de\/blog\/autismus-spektrum-storung\/autismus-verstehen\/#breadcrumb","itemListElement":[{"@type":"ListItem","position":1,"name":"Homepage","item":"https:\/\/www.diagnostik-des-geistes.de\/blog\/"},{"@type":"ListItem","position":2,"name":"Autismus","item":"https:\/\/www.diagnostik-des-geistes.de\/blog\/autismus-spektrum-storung\/"},{"@type":"ListItem","position":3,"name":"Autismus verstehen"}]},{"@type":"Article","@id":"https:\/\/www.diagnostik-des-geistes.de\/blog\/autismus-spektrum-storung\/autismus-verstehen\/#article","isPartOf":{"@id":"https:\/\/www.diagnostik-des-geistes.de\/blog\/autismus-spektrum-storung\/autismus-verstehen\/#webpage"},"author":{"@id":"https:\/\/www.diagnostik-des-geistes.de\/blog\/#\/schema\/person\/8eb1bcaf59fea75c780c11946f4e3490"},"headline":"Autismus verstehen","datePublished":"2022-08-17T17:07:31+00:00","dateModified":"2022-08-17T17:07:31+00:00","mainEntityOfPage":{"@id":"https:\/\/www.diagnostik-des-geistes.de\/blog\/autismus-spektrum-storung\/autismus-verstehen\/#webpage"},"wordCount":1201,"publisher":{"@id":"https:\/\/www.diagnostik-des-geistes.de\/blog\/#organization"},"image":{"@id":"https:\/\/www.diagnostik-des-geistes.de\/blog\/autismus-spektrum-storung\/autismus-verstehen\/#primaryimage"},"thumbnailUrl":"https:\/\/www.diagnostik-des-geistes.de\/blog\/wp-content\/uploads\/2022\/08\/15.webp","articleSection":["Autismus-Spektrum-St\u00f6rung"],"inLanguage":"de-DE"},{"@type":"Person","@id":"https:\/\/www.diagnostik-des-geistes.de\/blog\/#\/schema\/person\/8eb1bcaf59fea75c780c11946f4e3490","name":"Diagnostik Geistes","image":{"@type":"ImageObject","@id":"https:\/\/www.diagnostik-des-geistes.de\/blog\/#personlogo","inLanguage":"de-DE","url":"https:\/\/secure.gravatar.com\/avatar\/6743211f010801ea26aa9423a2daab37?s=96&d=mm&r=g","contentUrl":"https:\/\/secure.gravatar.com\/avatar\/6743211f010801ea26aa9423a2daab37?s=96&d=mm&r=g","caption":"Diagnostik Geistes"},"sameAs":["https:\/\/www.diagnostik-des-geistes.de\/blog"],"url":"https:\/\/www.diagnostik-des-geistes.de\/blog\/author\/diagnostyka-umyslu\/"}]}},"amp_enabled":true,"_links":{"self":[{"href":"https:\/\/www.diagnostik-des-geistes.de\/blog\/wp-json\/wp\/v2\/posts\/1560"}],"collection":[{"href":"https:\/\/www.diagnostik-des-geistes.de\/blog\/wp-json\/wp\/v2\/posts"}],"about":[{"href":"https:\/\/www.diagnostik-des-geistes.de\/blog\/wp-json\/wp\/v2\/types\/post"}],"author":[{"embeddable":true,"href":"https:\/\/www.diagnostik-des-geistes.de\/blog\/wp-json\/wp\/v2\/users\/1"}],"replies":[{"embeddable":true,"href":"https:\/\/www.diagnostik-des-geistes.de\/blog\/wp-json\/wp\/v2\/comments?post=1560"}],"version-history":[{"count":1,"href":"https:\/\/www.diagnostik-des-geistes.de\/blog\/wp-json\/wp\/v2\/posts\/1560\/revisions"}],"predecessor-version":[{"id":1562,"href":"https:\/\/www.diagnostik-des-geistes.de\/blog\/wp-json\/wp\/v2\/posts\/1560\/revisions\/1562"}],"wp:featuredmedia":[{"embeddable":true,"href":"https:\/\/www.diagnostik-des-geistes.de\/blog\/wp-json\/wp\/v2\/media\/1561"}],"wp:attachment":[{"href":"https:\/\/www.diagnostik-des-geistes.de\/blog\/wp-json\/wp\/v2\/media?parent=1560"}],"wp:term":[{"taxonomy":"category","embeddable":true,"href":"https:\/\/www.diagnostik-des-geistes.de\/blog\/wp-json\/wp\/v2\/categories?post=1560"},{"taxonomy":"post_tag","embeddable":true,"href":"https:\/\/www.diagnostik-des-geistes.de\/blog\/wp-json\/wp\/v2\/tags?post=1560"}],"curies":[{"name":"wp","href":"https:\/\/api.w.org\/{rel}","templated":true}]}}