{"id":1477,"date":"2022-08-15T08:00:38","date_gmt":"2022-08-15T06:00:38","guid":{"rendered":"https:\/\/www.diagnostik-des-geistes.de\/blog\/?p=1477"},"modified":"2022-07-21T15:11:47","modified_gmt":"2022-07-21T13:11:47","slug":"wird-ihr-kind-adhs-vererben","status":"publish","type":"post","link":"https:\/\/www.diagnostik-des-geistes.de\/blog\/adhs-adhd\/wird-ihr-kind-adhs-vererben\/","title":{"rendered":"Wird Ihr Kind ADHS vererben?"},"content":{"rendered":"<p>Unabh\u00e4ngig davon, ob bei Ihnen vor kurzem ADHS diagnostiziert wurde oder ob Sie bereits seit vielen Jahren mit <a href=\"https:\/\/www.diagnostik-des-geistes.de\/adhs-test\">ADHS<\/a> leben, stellen sich fast alle Erwachsenen die gleiche Frage: &#8220;Werden meine Kinder auch ADHS haben?&#8221;.<\/p>\n<p>Die Antwort auf diese Frage h\u00e4ngt von mehreren Faktoren ab. Die Hauptursache f\u00fcr ADHS sind die Gene, was bedeutet, dass ADHS in der Tat in Familien vorkommt. Auch wenn bei niemandem in Ihrer Gro\u00dffamilie offiziell ADHS diagnostiziert wurde, k\u00f6nnen Sie bei Familienmitgliedern ADHS-\u00e4hnliche Z\u00fcge und Merkmale feststellen.<\/p>\n<p>Trotz dieses starken genetischen Zusammenhangs bedeutet eine ADHS-Erkrankung bei Ihnen nicht automatisch, dass auch Ihr Kind davon betroffen ist. Denn es ist eine Kombination aus Genen und Umweltfaktoren, die dar\u00fcber entscheidet, ob ein Kind ADHS entwickelt. Sie k\u00f6nnen ADHS-Gene erben, ohne sie zu aktivieren.<br \/>\nForschungsergebnisse deuten darauf hin, dass etwa 40 % der Kinder, bei denen ADHS diagnostiziert wird, mindestens einen Elternteil haben, der ebenfalls unter den Symptomen der Krankheit leidet.<\/p>\n<p>Auch wenn Sie sich Ihren Genen gegen\u00fcber machtlos f\u00fchlen, k\u00f6nnen Sie dennoch einiges tun, um Ihrem Kind zu helfen, z. B. auf fr\u00fche Anzeichen achten und ein Vorbild sein. In diesem Artikel werden proaktive Ma\u00dfnahmen er\u00f6rtert, die Sie ergreifen k\u00f6nnen, um Ihrem Kind zu helfen, wenn es ADHS geerbt hat.<\/p>\n<h4>Wachsam sein<\/h4>\n<p>Wenn Ihr Kind Anzeichen oder Symptome von ADHS zeigt, sollten Sie professionelle Hilfe in Anspruch nehmen. Eine fr\u00fchzeitige Diagnose und eine angemessene Behandlung sind f\u00fcr Ihr Kind von unsch\u00e4tzbarem Wert; sie tragen dazu bei, seine Probleme zu minimieren und ihm zum Erfolg zu verhelfen. Es ist auch wichtig, dem Kinderarzt Ihres Kindes mitzuteilen, ob es in Ihrer Familie eine Vorgeschichte von ADHS gibt.<\/p>\n<h4>Seien Sie sich der Unterschiede bewusst<\/h4>\n<p>Wenn Ihr Kind ein vererbtes ADHS hat, kann es sich ganz anders als ADHS \u00e4u\u00dfern. Wenn Sie zum Beispiel hyperaktiv-impulsives ADHS haben und Ihr Kind unaufmerksames ADHS, werden das Verhalten und die Herausforderungen unterschiedlich sein, obwohl beide ADHS haben.<\/p>\n<p>Au\u00dferdem sieht ADHS je nach Geschlecht des Kindes oft anders aus.3 Wenn Ihr Sohn an hyperaktiv-impulsivem ADHS leidet, kann er sehr k\u00f6rperlich aktiv sein, w\u00e4hrend Ihre Tochter vielleicht \u00fcberm\u00e4\u00dfig gespr\u00e4chig und verbal impulsiv ist.<\/p>\n<p>Selbst wenn Sie das gleiche Geschlecht wie Ihr Kind haben und die gleichen ADHS-Formen aufweisen, k\u00f6nnen sie dennoch unterschiedliche ADHS-Verhaltensweisen und Herausforderungen haben. Das Wissen um diese Unterschiede kann jedoch Ihr Bewusstsein sch\u00e4rfen und Ihnen helfen, ADHS-Symptome bei Ihrem Kind fr\u00fchzeitig zu erkennen.<\/p>\n<p style=\"padding-left: 40px;\"><strong>Zusammenfassen<\/strong><br \/>\nADHS ist nicht bei allen Betroffenen gleich, daher ist es wichtig zu erkennen, dass Ihr Kind anders ist und m\u00f6glicherweise mit besonderen Schwierigkeiten zu k\u00e4mpfen hat.<\/p>\n<h4>Ein Vorbild sein<\/h4>\n<p>Ihre Einstellung zu ADHS wirkt sich darauf aus, wie Ihr Kind mit der Diagnose umgeht.4 Versuchen Sie, neutral dar\u00fcber zu sprechen, und nicht \u00fcber etwas, das &#8220;be\u00e4ngstigend&#8221; ist und von dem Sie sich w\u00fcnschen, dass Sie es nicht h\u00e4tten.<\/p>\n<p>Wenn Sie Ihre ADHS-Symptome aktiv behandeln und in den Griff bekommen, wird das auch Ihrem Kind helfen, das Gleiche zu tun. Wenn Sie ADHS-freundliche Lebenskompetenzen erlernen und anwenden und angemessene medizinische Hilfe in Anspruch nehmen, wird dies auch Ihr Kind tun.<\/p>\n<p>Kinder wollen dazugeh\u00f6ren. Wenn sie in der Schule das einzige Kind mit ADHS sind, k\u00f6nnen sie sich isoliert und allein f\u00fchlen. Zu wissen, dass du ADHS hast und es dir gut geht, gibt ihnen einen Moralschub und l\u00e4sst sie sich weniger allein f\u00fchlen.<\/p>\n<h4>Graben der Schuld<\/h4>\n<p>Menschen mit ADHS sind Experten darin, sich f\u00fcr alles M\u00f6gliche schuldig zu f\u00fchlen und zu sch\u00e4men, sei es, dass sie st\u00e4ndig zu sp\u00e4t kommen oder wichtige Aufgaben bei der Arbeit vergessen. F\u00fchlen Sie sich jedoch nicht schuldig, dass Ihr Kind ADHS hat. Wie bei der Augenfarbe haben Sie keinen Einfluss darauf, welche Gene sie geerbt haben.<\/p>\n<p>Die Mitteilung dieses Zustands kann auch dazu beitragen, dass sich Ihr Kind Ihnen n\u00e4her f\u00fchlt. Da Sie die Symptome und Probleme der Betroffenen nachempfinden k\u00f6nnen, f\u00fchlen sie sich vielleicht enger verbunden als mit einem Elternteil, der nicht an ADHS leidet.<\/p>\n<p style=\"padding-left: 40px;\"><strong>Zusammenfassung<\/strong><br \/>\nWenn Ihr Kind kein ADHS entwickelt, brauchen Sie sich nicht schuldig zu f\u00fchlen. Erinnern Sie sich daran, dass Sie in der Lage sind zu verstehen, was Ihr Kind erlebt, und dass es wichtige St\u00e4rken hat, die ihm helfen werden, damit fertig zu werden.<\/p>\n<h4>Positiv sein<\/h4>\n<p>\u00dcber ADHS ist heute mehr bekannt als je zuvor. Dies bedeutet, dass ADHS leichter zu erkennen ist und dass in der medizinischen und schulischen Umgebung leichter geeignete Hilfe zur Verf\u00fcgung steht. Au\u00dferdem hat Ihr Kind ein unterst\u00fctzendes Elternteil, das seine Probleme versteht.<br \/>\nDas bedeutet nicht unbedingt, dass Ihre Eltern Sie nicht unterst\u00fctzt haben. Jede Generation tut, was sie kann, mit dem Wissen und den Forschungsergebnissen, die ihr zu diesem Zeitpunkt zur Verf\u00fcgung stehen.<\/p>\n<p>Es ist auch hilfreich, die Sichtweise auf ADHS zu \u00e4ndern. Versuchen Sie zum Beispiel, die Symptome der Krankheit nicht als &#8220;Defizite&#8221; zu betrachten, sondern als Unterschiede. Wenn Sie ADHS auf diese Weise betrachten, erkennen Sie, dass das Gehirn Ihres Kindes vielleicht anders funktioniert als das einiger anderer Menschen, aber anders ist nicht unbedingt etwas Schlechtes.<\/p>\n<h4>Mehr lesen<\/h4>\n<ul>\n<li><em>verywellmind.com\/will-my-child-inherit-adhd-20508<\/em><\/li>\n<\/ul>\n","protected":false},"excerpt":{"rendered":"<p>Unabh\u00e4ngig davon, ob bei Ihnen vor kurzem ADHS diagnostiziert wurde oder ob Sie bereits seit vielen Jahren mit ADHS leben, stellen sich fast alle Erwachsenen&#8230;<\/p>\n","protected":false},"author":1,"featured_media":1282,"comment_status":"closed","ping_status":"open","sticky":false,"template":"","format":"standard","meta":{"inline_featured_image":false},"categories":[37],"tags":[270],"yoast_head":"<!-- This site is optimized with the Yoast SEO plugin v18.1 - https:\/\/yoast.com\/wordpress\/plugins\/seo\/ -->\n<title>Wird Ihr Kind ADHS vererben? - Diagnostik des Geistes<\/title>\n<meta name=\"robots\" content=\"index, follow, max-snippet:-1, max-image-preview:large, max-video-preview:-1\" \/>\n<link rel=\"canonical\" href=\"https:\/\/www.diagnostik-des-geistes.de\/blog\/adhs-adhd\/wird-ihr-kind-adhs-vererben\/\" \/>\n<meta property=\"og:locale\" content=\"de_DE\" \/>\n<meta property=\"og:type\" content=\"article\" \/>\n<meta property=\"og:title\" content=\"Wird Ihr Kind ADHS vererben? - Diagnostik des Geistes\" \/>\n<meta property=\"og:description\" content=\"Unabh\u00e4ngig davon, ob bei Ihnen vor kurzem ADHS diagnostiziert wurde oder ob Sie bereits seit vielen Jahren mit ADHS leben, stellen sich fast alle Erwachsenen...\" \/>\n<meta property=\"og:url\" content=\"https:\/\/www.diagnostik-des-geistes.de\/blog\/adhs-adhd\/wird-ihr-kind-adhs-vererben\/\" \/>\n<meta property=\"og:site_name\" content=\"Diagnostik des Geistes\" \/>\n<meta property=\"article:published_time\" content=\"2022-08-15T06:00:38+00:00\" \/>\n<meta property=\"article:modified_time\" content=\"2022-07-21T13:11:47+00:00\" \/>\n<meta property=\"og:image\" content=\"https:\/\/www.diagnostik-des-geistes.de\/blog\/wp-content\/uploads\/2022\/02\/bg_top_default.jpg\" \/>\n\t<meta property=\"og:image:width\" content=\"840\" \/>\n\t<meta property=\"og:image:height\" content=\"202\" \/>\n\t<meta property=\"og:image:type\" content=\"image\/jpeg\" \/>\n<meta name=\"twitter:card\" content=\"summary_large_image\" \/>\n<meta name=\"twitter:label1\" content=\"Verfasst von\" \/>\n\t<meta name=\"twitter:data1\" content=\"Diagnostik Geistes\" \/>\n\t<meta name=\"twitter:label2\" content=\"Gesch\u00e4tzte Lesezeit\" \/>\n\t<meta name=\"twitter:data2\" content=\"4 Minuten\" \/>\n<script type=\"application\/ld+json\" class=\"yoast-schema-graph\">{\"@context\":\"https:\/\/schema.org\",\"@graph\":[{\"@type\":\"Organization\",\"@id\":\"https:\/\/www.diagnostik-des-geistes.de\/blog\/#organization\",\"name\":\"Diagnostik des Geistes\",\"url\":\"https:\/\/www.diagnostik-des-geistes.de\/blog\/\",\"sameAs\":[],\"logo\":{\"@type\":\"ImageObject\",\"@id\":\"https:\/\/www.diagnostik-des-geistes.de\/blog\/#logo\",\"inLanguage\":\"de-DE\",\"url\":\"https:\/\/www.diagnostik-des-geistes.de\/blog\/wp-content\/uploads\/2022\/02\/Diagnostik-des-Geistes.png\",\"contentUrl\":\"https:\/\/www.diagnostik-des-geistes.de\/blog\/wp-content\/uploads\/2022\/02\/Diagnostik-des-Geistes.png\",\"width\":282,\"height\":92,\"caption\":\"Diagnostik des Geistes\"},\"image\":{\"@id\":\"https:\/\/www.diagnostik-des-geistes.de\/blog\/#logo\"}},{\"@type\":\"WebSite\",\"@id\":\"https:\/\/www.diagnostik-des-geistes.de\/blog\/#website\",\"url\":\"https:\/\/www.diagnostik-des-geistes.de\/blog\/\",\"name\":\"Diagnostik des Geistes\",\"description\":\"Blog \u00fcber psychische St\u00f6rungen\",\"publisher\":{\"@id\":\"https:\/\/www.diagnostik-des-geistes.de\/blog\/#organization\"},\"potentialAction\":[{\"@type\":\"SearchAction\",\"target\":{\"@type\":\"EntryPoint\",\"urlTemplate\":\"https:\/\/www.diagnostik-des-geistes.de\/blog\/?s={search_term_string}\"},\"query-input\":\"required name=search_term_string\"}],\"inLanguage\":\"de-DE\"},{\"@type\":\"ImageObject\",\"@id\":\"https:\/\/www.diagnostik-des-geistes.de\/blog\/adhs-adhd\/wird-ihr-kind-adhs-vererben\/#primaryimage\",\"inLanguage\":\"de-DE\",\"url\":\"https:\/\/www.diagnostik-des-geistes.de\/blog\/wp-content\/uploads\/2022\/02\/bg_top_default.jpg\",\"contentUrl\":\"https:\/\/www.diagnostik-des-geistes.de\/blog\/wp-content\/uploads\/2022\/02\/bg_top_default.jpg\",\"width\":840,\"height\":202},{\"@type\":\"WebPage\",\"@id\":\"https:\/\/www.diagnostik-des-geistes.de\/blog\/adhs-adhd\/wird-ihr-kind-adhs-vererben\/#webpage\",\"url\":\"https:\/\/www.diagnostik-des-geistes.de\/blog\/adhs-adhd\/wird-ihr-kind-adhs-vererben\/\",\"name\":\"Wird Ihr Kind ADHS vererben? - Diagnostik des Geistes\",\"isPartOf\":{\"@id\":\"https:\/\/www.diagnostik-des-geistes.de\/blog\/#website\"},\"primaryImageOfPage\":{\"@id\":\"https:\/\/www.diagnostik-des-geistes.de\/blog\/adhs-adhd\/wird-ihr-kind-adhs-vererben\/#primaryimage\"},\"datePublished\":\"2022-08-15T06:00:38+00:00\",\"dateModified\":\"2022-07-21T13:11:47+00:00\",\"breadcrumb\":{\"@id\":\"https:\/\/www.diagnostik-des-geistes.de\/blog\/adhs-adhd\/wird-ihr-kind-adhs-vererben\/#breadcrumb\"},\"inLanguage\":\"de-DE\",\"potentialAction\":[{\"@type\":\"ReadAction\",\"target\":[\"https:\/\/www.diagnostik-des-geistes.de\/blog\/adhs-adhd\/wird-ihr-kind-adhs-vererben\/\"]}]},{\"@type\":\"BreadcrumbList\",\"@id\":\"https:\/\/www.diagnostik-des-geistes.de\/blog\/adhs-adhd\/wird-ihr-kind-adhs-vererben\/#breadcrumb\",\"itemListElement\":[{\"@type\":\"ListItem\",\"position\":1,\"name\":\"Homepage\",\"item\":\"https:\/\/www.diagnostik-des-geistes.de\/blog\/\"},{\"@type\":\"ListItem\",\"position\":2,\"name\":\"ADHS \/ ADHD\",\"item\":\"https:\/\/www.diagnostik-des-geistes.de\/blog\/adhs-adhd\/\"},{\"@type\":\"ListItem\",\"position\":3,\"name\":\"Wird Ihr Kind ADHS vererben?\"}]},{\"@type\":\"Article\",\"@id\":\"https:\/\/www.diagnostik-des-geistes.de\/blog\/adhs-adhd\/wird-ihr-kind-adhs-vererben\/#article\",\"isPartOf\":{\"@id\":\"https:\/\/www.diagnostik-des-geistes.de\/blog\/adhs-adhd\/wird-ihr-kind-adhs-vererben\/#webpage\"},\"author\":{\"@id\":\"https:\/\/www.diagnostik-des-geistes.de\/blog\/#\/schema\/person\/8eb1bcaf59fea75c780c11946f4e3490\"},\"headline\":\"Wird Ihr Kind ADHS vererben?\",\"datePublished\":\"2022-08-15T06:00:38+00:00\",\"dateModified\":\"2022-07-21T13:11:47+00:00\",\"mainEntityOfPage\":{\"@id\":\"https:\/\/www.diagnostik-des-geistes.de\/blog\/adhs-adhd\/wird-ihr-kind-adhs-vererben\/#webpage\"},\"wordCount\":880,\"publisher\":{\"@id\":\"https:\/\/www.diagnostik-des-geistes.de\/blog\/#organization\"},\"image\":{\"@id\":\"https:\/\/www.diagnostik-des-geistes.de\/blog\/adhs-adhd\/wird-ihr-kind-adhs-vererben\/#primaryimage\"},\"thumbnailUrl\":\"https:\/\/www.diagnostik-des-geistes.de\/blog\/wp-content\/uploads\/2022\/02\/bg_top_default.jpg\",\"keywords\":[\"Werden meine Kinder auch ADHS haben?\"],\"articleSection\":[\"ADHS \/ ADHD\"],\"inLanguage\":\"de-DE\"},{\"@type\":\"Person\",\"@id\":\"https:\/\/www.diagnostik-des-geistes.de\/blog\/#\/schema\/person\/8eb1bcaf59fea75c780c11946f4e3490\",\"name\":\"Diagnostik Geistes\",\"image\":{\"@type\":\"ImageObject\",\"@id\":\"https:\/\/www.diagnostik-des-geistes.de\/blog\/#personlogo\",\"inLanguage\":\"de-DE\",\"url\":\"https:\/\/secure.gravatar.com\/avatar\/6743211f010801ea26aa9423a2daab37?s=96&d=mm&r=g\",\"contentUrl\":\"https:\/\/secure.gravatar.com\/avatar\/6743211f010801ea26aa9423a2daab37?s=96&d=mm&r=g\",\"caption\":\"Diagnostik Geistes\"},\"sameAs\":[\"https:\/\/www.diagnostik-des-geistes.de\/blog\"],\"url\":\"https:\/\/www.diagnostik-des-geistes.de\/blog\/author\/diagnostyka-umyslu\/\"}]}<\/script>\n<!-- \/ Yoast SEO plugin. -->","yoast_head_json":{"title":"Wird Ihr Kind ADHS vererben? - Diagnostik des Geistes","robots":{"index":"index","follow":"follow","max-snippet":"max-snippet:-1","max-image-preview":"max-image-preview:large","max-video-preview":"max-video-preview:-1"},"canonical":"https:\/\/www.diagnostik-des-geistes.de\/blog\/adhs-adhd\/wird-ihr-kind-adhs-vererben\/","og_locale":"de_DE","og_type":"article","og_title":"Wird Ihr Kind ADHS vererben? - Diagnostik des Geistes","og_description":"Unabh\u00e4ngig davon, ob bei Ihnen vor kurzem ADHS diagnostiziert wurde oder ob Sie bereits seit vielen Jahren mit ADHS leben, stellen sich fast alle Erwachsenen...","og_url":"https:\/\/www.diagnostik-des-geistes.de\/blog\/adhs-adhd\/wird-ihr-kind-adhs-vererben\/","og_site_name":"Diagnostik des Geistes","article_published_time":"2022-08-15T06:00:38+00:00","article_modified_time":"2022-07-21T13:11:47+00:00","og_image":[{"width":840,"height":202,"url":"https:\/\/www.diagnostik-des-geistes.de\/blog\/wp-content\/uploads\/2022\/02\/bg_top_default.jpg","type":"image\/jpeg"}],"twitter_card":"summary_large_image","twitter_misc":{"Verfasst von":"Diagnostik Geistes","Gesch\u00e4tzte Lesezeit":"4 Minuten"},"schema":{"@context":"https:\/\/schema.org","@graph":[{"@type":"Organization","@id":"https:\/\/www.diagnostik-des-geistes.de\/blog\/#organization","name":"Diagnostik des Geistes","url":"https:\/\/www.diagnostik-des-geistes.de\/blog\/","sameAs":[],"logo":{"@type":"ImageObject","@id":"https:\/\/www.diagnostik-des-geistes.de\/blog\/#logo","inLanguage":"de-DE","url":"https:\/\/www.diagnostik-des-geistes.de\/blog\/wp-content\/uploads\/2022\/02\/Diagnostik-des-Geistes.png","contentUrl":"https:\/\/www.diagnostik-des-geistes.de\/blog\/wp-content\/uploads\/2022\/02\/Diagnostik-des-Geistes.png","width":282,"height":92,"caption":"Diagnostik des Geistes"},"image":{"@id":"https:\/\/www.diagnostik-des-geistes.de\/blog\/#logo"}},{"@type":"WebSite","@id":"https:\/\/www.diagnostik-des-geistes.de\/blog\/#website","url":"https:\/\/www.diagnostik-des-geistes.de\/blog\/","name":"Diagnostik des Geistes","description":"Blog \u00fcber psychische St\u00f6rungen","publisher":{"@id":"https:\/\/www.diagnostik-des-geistes.de\/blog\/#organization"},"potentialAction":[{"@type":"SearchAction","target":{"@type":"EntryPoint","urlTemplate":"https:\/\/www.diagnostik-des-geistes.de\/blog\/?s={search_term_string}"},"query-input":"required name=search_term_string"}],"inLanguage":"de-DE"},{"@type":"ImageObject","@id":"https:\/\/www.diagnostik-des-geistes.de\/blog\/adhs-adhd\/wird-ihr-kind-adhs-vererben\/#primaryimage","inLanguage":"de-DE","url":"https:\/\/www.diagnostik-des-geistes.de\/blog\/wp-content\/uploads\/2022\/02\/bg_top_default.jpg","contentUrl":"https:\/\/www.diagnostik-des-geistes.de\/blog\/wp-content\/uploads\/2022\/02\/bg_top_default.jpg","width":840,"height":202},{"@type":"WebPage","@id":"https:\/\/www.diagnostik-des-geistes.de\/blog\/adhs-adhd\/wird-ihr-kind-adhs-vererben\/#webpage","url":"https:\/\/www.diagnostik-des-geistes.de\/blog\/adhs-adhd\/wird-ihr-kind-adhs-vererben\/","name":"Wird Ihr Kind ADHS vererben? - Diagnostik des Geistes","isPartOf":{"@id":"https:\/\/www.diagnostik-des-geistes.de\/blog\/#website"},"primaryImageOfPage":{"@id":"https:\/\/www.diagnostik-des-geistes.de\/blog\/adhs-adhd\/wird-ihr-kind-adhs-vererben\/#primaryimage"},"datePublished":"2022-08-15T06:00:38+00:00","dateModified":"2022-07-21T13:11:47+00:00","breadcrumb":{"@id":"https:\/\/www.diagnostik-des-geistes.de\/blog\/adhs-adhd\/wird-ihr-kind-adhs-vererben\/#breadcrumb"},"inLanguage":"de-DE","potentialAction":[{"@type":"ReadAction","target":["https:\/\/www.diagnostik-des-geistes.de\/blog\/adhs-adhd\/wird-ihr-kind-adhs-vererben\/"]}]},{"@type":"BreadcrumbList","@id":"https:\/\/www.diagnostik-des-geistes.de\/blog\/adhs-adhd\/wird-ihr-kind-adhs-vererben\/#breadcrumb","itemListElement":[{"@type":"ListItem","position":1,"name":"Homepage","item":"https:\/\/www.diagnostik-des-geistes.de\/blog\/"},{"@type":"ListItem","position":2,"name":"ADHS \/ ADHD","item":"https:\/\/www.diagnostik-des-geistes.de\/blog\/adhs-adhd\/"},{"@type":"ListItem","position":3,"name":"Wird Ihr Kind ADHS vererben?"}]},{"@type":"Article","@id":"https:\/\/www.diagnostik-des-geistes.de\/blog\/adhs-adhd\/wird-ihr-kind-adhs-vererben\/#article","isPartOf":{"@id":"https:\/\/www.diagnostik-des-geistes.de\/blog\/adhs-adhd\/wird-ihr-kind-adhs-vererben\/#webpage"},"author":{"@id":"https:\/\/www.diagnostik-des-geistes.de\/blog\/#\/schema\/person\/8eb1bcaf59fea75c780c11946f4e3490"},"headline":"Wird Ihr Kind ADHS vererben?","datePublished":"2022-08-15T06:00:38+00:00","dateModified":"2022-07-21T13:11:47+00:00","mainEntityOfPage":{"@id":"https:\/\/www.diagnostik-des-geistes.de\/blog\/adhs-adhd\/wird-ihr-kind-adhs-vererben\/#webpage"},"wordCount":880,"publisher":{"@id":"https:\/\/www.diagnostik-des-geistes.de\/blog\/#organization"},"image":{"@id":"https:\/\/www.diagnostik-des-geistes.de\/blog\/adhs-adhd\/wird-ihr-kind-adhs-vererben\/#primaryimage"},"thumbnailUrl":"https:\/\/www.diagnostik-des-geistes.de\/blog\/wp-content\/uploads\/2022\/02\/bg_top_default.jpg","keywords":["Werden meine Kinder auch ADHS haben?"],"articleSection":["ADHS \/ ADHD"],"inLanguage":"de-DE"},{"@type":"Person","@id":"https:\/\/www.diagnostik-des-geistes.de\/blog\/#\/schema\/person\/8eb1bcaf59fea75c780c11946f4e3490","name":"Diagnostik Geistes","image":{"@type":"ImageObject","@id":"https:\/\/www.diagnostik-des-geistes.de\/blog\/#personlogo","inLanguage":"de-DE","url":"https:\/\/secure.gravatar.com\/avatar\/6743211f010801ea26aa9423a2daab37?s=96&d=mm&r=g","contentUrl":"https:\/\/secure.gravatar.com\/avatar\/6743211f010801ea26aa9423a2daab37?s=96&d=mm&r=g","caption":"Diagnostik Geistes"},"sameAs":["https:\/\/www.diagnostik-des-geistes.de\/blog"],"url":"https:\/\/www.diagnostik-des-geistes.de\/blog\/author\/diagnostyka-umyslu\/"}]}},"amp_enabled":true,"_links":{"self":[{"href":"https:\/\/www.diagnostik-des-geistes.de\/blog\/wp-json\/wp\/v2\/posts\/1477"}],"collection":[{"href":"https:\/\/www.diagnostik-des-geistes.de\/blog\/wp-json\/wp\/v2\/posts"}],"about":[{"href":"https:\/\/www.diagnostik-des-geistes.de\/blog\/wp-json\/wp\/v2\/types\/post"}],"author":[{"embeddable":true,"href":"https:\/\/www.diagnostik-des-geistes.de\/blog\/wp-json\/wp\/v2\/users\/1"}],"replies":[{"embeddable":true,"href":"https:\/\/www.diagnostik-des-geistes.de\/blog\/wp-json\/wp\/v2\/comments?post=1477"}],"version-history":[{"count":1,"href":"https:\/\/www.diagnostik-des-geistes.de\/blog\/wp-json\/wp\/v2\/posts\/1477\/revisions"}],"predecessor-version":[{"id":1479,"href":"https:\/\/www.diagnostik-des-geistes.de\/blog\/wp-json\/wp\/v2\/posts\/1477\/revisions\/1479"}],"wp:featuredmedia":[{"embeddable":true,"href":"https:\/\/www.diagnostik-des-geistes.de\/blog\/wp-json\/wp\/v2\/media\/1282"}],"wp:attachment":[{"href":"https:\/\/www.diagnostik-des-geistes.de\/blog\/wp-json\/wp\/v2\/media?parent=1477"}],"wp:term":[{"taxonomy":"category","embeddable":true,"href":"https:\/\/www.diagnostik-des-geistes.de\/blog\/wp-json\/wp\/v2\/categories?post=1477"},{"taxonomy":"post_tag","embeddable":true,"href":"https:\/\/www.diagnostik-des-geistes.de\/blog\/wp-json\/wp\/v2\/tags?post=1477"}],"curies":[{"name":"wp","href":"https:\/\/api.w.org\/{rel}","templated":true}]}}