{"id":1461,"date":"2022-08-10T08:00:46","date_gmt":"2022-08-10T06:00:46","guid":{"rendered":"https:\/\/www.diagnostik-des-geistes.de\/blog\/?p=1461"},"modified":"2022-07-21T14:34:04","modified_gmt":"2022-07-21T12:34:04","slug":"sind-ads-und-adhs-die-gleiche-stoerung","status":"publish","type":"post","link":"https:\/\/www.diagnostik-des-geistes.de\/blog\/adhs-adhd\/sind-ads-und-adhs-die-gleiche-stoerung\/","title":{"rendered":"Sind ADS und ADHS die gleiche St\u00f6rung?"},"content":{"rendered":"<p>Sie haben vielleicht schon geh\u00f6rt, dass die Begriffe ADS und ADHS synonym verwendet werden. Aufmerksamkeitsdefizitst\u00f6rung (ADD) und Aufmerksamkeitsdefizit-\/Hyperaktivit\u00e4tsst\u00f6rung (ADHS) sind eigentlich ein und dieselbe St\u00f6rung, aber die Bezeichnung ADHS hat sich in den letzten drei Jahrzehnten mehrfach ge\u00e4ndert. Der Grund daf\u00fcr ist, dass mit zunehmender Forschung das Verst\u00e4ndnis f\u00fcr die Problematik gewachsen ist und der Name ge\u00e4ndert wurde, um diesem Wissen Rechnung zu tragen.<\/p>\n<p>ADHS ist jetzt die offizielle Bezeichnung f\u00fcr diese St\u00f6rung. Viele Menschen verwenden jedoch immer noch den Begriff ADS, der zwischen 1980 und 1987 die offizielle Bezeichnung war.<\/p>\n<p>Manche Menschen werden w\u00fctend oder frustriert, wenn sie h\u00f6ren, dass ADS und <a href=\"https:\/\/www.diagnostik-des-geistes.de\/adhs-test\">ADHS<\/a> ein und dasselbe sind. Sie sind der Meinung, dass der Buchstabe &#8220;H&#8221;, der f\u00fcr Hyperaktivit\u00e4t steht, sie oder ihr Kind nicht richtig beschreibt. Ein Verst\u00e4ndnis der Entwicklung von Namens\u00e4nderungen kann helfen.<\/p>\n<h4>Ein kurzer \u00dcberblick \u00fcber die Namens\u00e4nderungen bei ADHS<\/h4>\n<p>Das Diagnostic and Statistical Manual of Mental Disorders (DSM) wird von der American Psychiatric Association ver\u00f6ffentlicht. Es ist der Standardleitfaden, der von \u00c4rzten, psychiatrischen Fachkr\u00e4ften und Klinikern bei der Beurteilung und Diagnose von ADHS und anderen psychischen St\u00f6rungen verwendet wird.<\/p>\n<p>Jede neue Aktualisierung und \u00dcberarbeitung des DSM wird mit Spannung erwartet, da sie eine gro\u00dfe oder kleine \u00c4nderung in der Nomenklatur bestimmter St\u00f6rungen und in den Kriterien f\u00fcr ihre Diagnose, einschlie\u00dflich ADHS, bedeuten kann.<\/p>\n<h4>1980<\/h4>\n<p>Die dritte Auflage des DSM (DSM-III) wird ver\u00f6ffentlicht, und der offizielle Name der St\u00f6rung lautet Aufmerksamkeitsdefizitst\u00f6rung (ADD). Zu dieser Zeit galt Hyperaktivit\u00e4t nicht als h\u00e4ufiges Symptom. Es wurden zwei Subtypen von ADS unterschieden:<\/p>\n<ul>\n<li>ADS mit Hyperaktivit\u00e4t<\/li>\n<li>ADS ohne Hyperaktivit\u00e4t<\/li>\n<\/ul>\n<h4>1987<\/h4>\n<p>Eine \u00fcberarbeitete Version des DSM-III wurde ver\u00f6ffentlicht. Die offizielle Bezeichnung lautete Aufmerksamkeitsdefizit-Hyperaktivit\u00e4tsst\u00f6rung (ADHS). Dies bedeutete, dass Hyperaktivit\u00e4t als ein wichtiges Merkmal von ADHS anerkannt wurde.<\/p>\n<h4>1994<\/h4>\n<p>DSM-IV wurde mit einer leichten grammatikalischen \u00c4nderung des Namens ver\u00f6ffentlicht. Die offizielle Bezeichnung lautete nun Aufmerksamkeitsdefizit-\/Hyperaktivit\u00e4tsst\u00f6rung (ADHS). Der Schr\u00e4gstrich zwischen Aufmerksamkeitsdefizit- und Hyperaktivit\u00e4tsst\u00f6rung bedeutete etwas Bedeutendes. Man kann einen oder beide Subtypen haben. Man muss nicht hyperaktiv sein, um mit ADHS diagnostiziert zu werden. Die drei Subtypen wurden benannt:<\/p>\n<ul>\n<li>Aufmerksamkeitsdefizit-\/Hyperaktivit\u00e4tsst\u00f6rung vom Mischtyp<\/li>\n<li>Aufmerksamkeitsdefizit-\/Hyperaktivit\u00e4tsst\u00f6rung, vorwiegend unaufmerksamer Typ<\/li>\n<li>Aufmerksamkeitsdefizit-Hyperaktivit\u00e4tsst\u00f6rung, hyperaktiv-impulsiver Typ<\/li>\n<\/ul>\n<h4>2013<\/h4>\n<p>Die f\u00fcnfte Auflage des DSM (DSM-5) wurde ver\u00f6ffentlicht. Die drei Subtypen von ADHS sind unver\u00e4ndert geblieben, werden jetzt aber nicht mehr als Subtypen, sondern als Erscheinungsformen bezeichnet. Dazu geh\u00f6ren:<\/p>\n<ul>\n<li>Aufmerksamkeitsdefizit-Hyperaktivit\u00e4tsst\u00f6rung, gemischte Darstellung<\/li>\n<li>Aufmerksamkeitsdefizit-Hyperaktivit\u00e4tsst\u00f6rung mit Hyperreflexie, \u00fcberwiegend unaufmerksame Darstellung<\/li>\n<li>Aufmerksamkeitsdefizit-\/Hyperaktivit\u00e4tsst\u00f6rung mit Hyperaktivit\u00e4t, \u00fcberwiegend Hyperaktivit\u00e4t und Hyperaktivit\u00e4t<\/li>\n<\/ul>\n<p style=\"padding-left: 40px;\">Im DSM-5 wird das Vorhandensein von Symptomen sowohl bei Kindern als auch bei Erwachsenen ber\u00fccksichtigt. Dies ist eine gute Nachricht, denn in fr\u00fcheren Ausgaben des DSM wurde angenommen, dass ADHS bei Erwachsenen \u00fcbersehen wurde.<\/p>\n<h4>Verwendung des Begriffs ADD<\/h4>\n<p>Sie k\u00f6nnen immer noch den Begriff ADS verwenden und die Leute werden Sie mit Sicherheit verstehen. Viele \u00c4rzte, Kliniker und Autoren verwenden den Begriff ADS, um Unaufmerksamkeit zu beschreiben, und ADHS, um eine Person mit Hyperaktivit\u00e4t zu beschreiben. Manche Menschen verwenden ADS und ADHS als Synonyme. Wenn Sie jedoch gedanklich zwischen ADS und ADHS unterscheiden k\u00f6nnen, hilft Ihnen das, m\u00f6gliche Verwechslungen zu vermeiden und sich \u00fcber die aktuellsten Begriffe auf dem Laufenden zu halten.<\/p>\n<h4>Komponente Hyperaktivit\u00e4t<\/h4>\n<p>Viele Menschen mit unaufmerksamer ADHS haben das Gef\u00fchl, dass die Bezeichnung Hyperaktivit\u00e4t f\u00fcr ihre Erkrankung ihre Probleme falsch darstellt. Wenn Laien ADHS h\u00f6ren, denken sie oft automatisch an &#8220;Hyperaktivit\u00e4t&#8221; und verstehen die Feinheiten der verschiedenen Erscheinungsformen nicht. Nat\u00fcrlich m\u00fcssen Sie niemandem Ihre Diagnose mitteilen, aber wenn Sie sich daf\u00fcr entscheiden, k\u00f6nnen Sie ein wenig darauf eingehen und erkl\u00e4ren, dass es sich um ADHS handelt, was sofort zur Kl\u00e4rung beitr\u00e4gt.<\/p>\n<p>Viele Erwachsene mit hyperaktivem und impulsivem ADHS sind auch nicht der Meinung, dass &#8220;H&#8221; sie genau beschreibt. Wenn wir an Hyperaktivit\u00e4t denken, kommt uns ein Kind in den Sinn, das k\u00f6rperlich sehr aktiv ist und im Unterricht nicht stillsitzen kann.<\/p>\n<p>Im Erwachsenenalter kann sich die Hyperaktivit\u00e4t auf weniger offensichtliche Weise manifestieren. Sie k\u00f6nnten zum Beispiel arbeitss\u00fcchtig sein, viel reden, st\u00e4ndig zappeln oder sehr schnell fahren.<\/p>\n<p>Es kann auch sein, dass Sie nicht mehr so hyperaktiv sind, wie Sie es einmal waren. In der f\u00fcnften Auflage des DSM wird anerkannt, dass sich die Symptome von ADHS im Laufe des Lebens ver\u00e4ndern k\u00f6nnen.<\/p>\n<h4>Mehr lesen<\/h4>\n<ul>\n<li><em>verywellmind.com\/is-add-the-same-thing-as-adhd-20467<\/em><\/li>\n<\/ul>\n","protected":false},"excerpt":{"rendered":"<p>Sie haben vielleicht schon geh\u00f6rt, dass die Begriffe ADS und ADHS synonym verwendet werden. Aufmerksamkeitsdefizitst\u00f6rung (ADD) und Aufmerksamkeitsdefizit-\/Hyperaktivit\u00e4tsst\u00f6rung (ADHS) sind eigentlich ein und dieselbe St\u00f6rung,&#8230;<\/p>\n","protected":false},"author":1,"featured_media":1282,"comment_status":"closed","ping_status":"open","sticky":false,"template":"","format":"standard","meta":{"inline_featured_image":false},"categories":[37],"tags":[274,275],"yoast_head":"<!-- This site is optimized with the Yoast SEO plugin v18.1 - https:\/\/yoast.com\/wordpress\/plugins\/seo\/ -->\n<title>Sind ADS und ADHS die gleiche St\u00f6rung? - Diagnostik des Geistes<\/title>\n<meta name=\"robots\" content=\"index, follow, max-snippet:-1, max-image-preview:large, max-video-preview:-1\" \/>\n<link rel=\"canonical\" href=\"https:\/\/www.diagnostik-des-geistes.de\/blog\/adhs-adhd\/sind-ads-und-adhs-die-gleiche-stoerung\/\" \/>\n<meta property=\"og:locale\" content=\"de_DE\" \/>\n<meta property=\"og:type\" content=\"article\" \/>\n<meta property=\"og:title\" content=\"Sind ADS und ADHS die gleiche St\u00f6rung? - Diagnostik des Geistes\" \/>\n<meta property=\"og:description\" content=\"Sie haben vielleicht schon geh\u00f6rt, dass die Begriffe ADS und ADHS synonym verwendet werden. Aufmerksamkeitsdefizitst\u00f6rung (ADD) und Aufmerksamkeitsdefizit-\/Hyperaktivit\u00e4tsst\u00f6rung (ADHS) sind eigentlich ein und dieselbe St\u00f6rung,...\" \/>\n<meta property=\"og:url\" content=\"https:\/\/www.diagnostik-des-geistes.de\/blog\/adhs-adhd\/sind-ads-und-adhs-die-gleiche-stoerung\/\" \/>\n<meta property=\"og:site_name\" content=\"Diagnostik des Geistes\" \/>\n<meta property=\"article:published_time\" content=\"2022-08-10T06:00:46+00:00\" \/>\n<meta property=\"article:modified_time\" content=\"2022-07-21T12:34:04+00:00\" \/>\n<meta property=\"og:image\" content=\"https:\/\/www.diagnostik-des-geistes.de\/blog\/wp-content\/uploads\/2022\/02\/bg_top_default.jpg\" \/>\n\t<meta property=\"og:image:width\" content=\"840\" \/>\n\t<meta property=\"og:image:height\" content=\"202\" \/>\n\t<meta property=\"og:image:type\" content=\"image\/jpeg\" \/>\n<meta name=\"twitter:card\" content=\"summary_large_image\" \/>\n<meta name=\"twitter:label1\" content=\"Verfasst von\" \/>\n\t<meta name=\"twitter:data1\" content=\"Diagnostik Geistes\" \/>\n\t<meta name=\"twitter:label2\" content=\"Gesch\u00e4tzte Lesezeit\" \/>\n\t<meta name=\"twitter:data2\" content=\"4 Minuten\" \/>\n<script type=\"application\/ld+json\" class=\"yoast-schema-graph\">{\"@context\":\"https:\/\/schema.org\",\"@graph\":[{\"@type\":\"Organization\",\"@id\":\"https:\/\/www.diagnostik-des-geistes.de\/blog\/#organization\",\"name\":\"Diagnostik des Geistes\",\"url\":\"https:\/\/www.diagnostik-des-geistes.de\/blog\/\",\"sameAs\":[],\"logo\":{\"@type\":\"ImageObject\",\"@id\":\"https:\/\/www.diagnostik-des-geistes.de\/blog\/#logo\",\"inLanguage\":\"de-DE\",\"url\":\"https:\/\/www.diagnostik-des-geistes.de\/blog\/wp-content\/uploads\/2022\/02\/Diagnostik-des-Geistes.png\",\"contentUrl\":\"https:\/\/www.diagnostik-des-geistes.de\/blog\/wp-content\/uploads\/2022\/02\/Diagnostik-des-Geistes.png\",\"width\":282,\"height\":92,\"caption\":\"Diagnostik des Geistes\"},\"image\":{\"@id\":\"https:\/\/www.diagnostik-des-geistes.de\/blog\/#logo\"}},{\"@type\":\"WebSite\",\"@id\":\"https:\/\/www.diagnostik-des-geistes.de\/blog\/#website\",\"url\":\"https:\/\/www.diagnostik-des-geistes.de\/blog\/\",\"name\":\"Diagnostik des Geistes\",\"description\":\"Blog \u00fcber psychische St\u00f6rungen\",\"publisher\":{\"@id\":\"https:\/\/www.diagnostik-des-geistes.de\/blog\/#organization\"},\"potentialAction\":[{\"@type\":\"SearchAction\",\"target\":{\"@type\":\"EntryPoint\",\"urlTemplate\":\"https:\/\/www.diagnostik-des-geistes.de\/blog\/?s={search_term_string}\"},\"query-input\":\"required name=search_term_string\"}],\"inLanguage\":\"de-DE\"},{\"@type\":\"ImageObject\",\"@id\":\"https:\/\/www.diagnostik-des-geistes.de\/blog\/adhs-adhd\/sind-ads-und-adhs-die-gleiche-stoerung\/#primaryimage\",\"inLanguage\":\"de-DE\",\"url\":\"https:\/\/www.diagnostik-des-geistes.de\/blog\/wp-content\/uploads\/2022\/02\/bg_top_default.jpg\",\"contentUrl\":\"https:\/\/www.diagnostik-des-geistes.de\/blog\/wp-content\/uploads\/2022\/02\/bg_top_default.jpg\",\"width\":840,\"height\":202},{\"@type\":\"WebPage\",\"@id\":\"https:\/\/www.diagnostik-des-geistes.de\/blog\/adhs-adhd\/sind-ads-und-adhs-die-gleiche-stoerung\/#webpage\",\"url\":\"https:\/\/www.diagnostik-des-geistes.de\/blog\/adhs-adhd\/sind-ads-und-adhs-die-gleiche-stoerung\/\",\"name\":\"Sind ADS und ADHS die gleiche St\u00f6rung? - Diagnostik des Geistes\",\"isPartOf\":{\"@id\":\"https:\/\/www.diagnostik-des-geistes.de\/blog\/#website\"},\"primaryImageOfPage\":{\"@id\":\"https:\/\/www.diagnostik-des-geistes.de\/blog\/adhs-adhd\/sind-ads-und-adhs-die-gleiche-stoerung\/#primaryimage\"},\"datePublished\":\"2022-08-10T06:00:46+00:00\",\"dateModified\":\"2022-07-21T12:34:04+00:00\",\"breadcrumb\":{\"@id\":\"https:\/\/www.diagnostik-des-geistes.de\/blog\/adhs-adhd\/sind-ads-und-adhs-die-gleiche-stoerung\/#breadcrumb\"},\"inLanguage\":\"de-DE\",\"potentialAction\":[{\"@type\":\"ReadAction\",\"target\":[\"https:\/\/www.diagnostik-des-geistes.de\/blog\/adhs-adhd\/sind-ads-und-adhs-die-gleiche-stoerung\/\"]}]},{\"@type\":\"BreadcrumbList\",\"@id\":\"https:\/\/www.diagnostik-des-geistes.de\/blog\/adhs-adhd\/sind-ads-und-adhs-die-gleiche-stoerung\/#breadcrumb\",\"itemListElement\":[{\"@type\":\"ListItem\",\"position\":1,\"name\":\"Homepage\",\"item\":\"https:\/\/www.diagnostik-des-geistes.de\/blog\/\"},{\"@type\":\"ListItem\",\"position\":2,\"name\":\"ADHS \/ ADHD\",\"item\":\"https:\/\/www.diagnostik-des-geistes.de\/blog\/adhs-adhd\/\"},{\"@type\":\"ListItem\",\"position\":3,\"name\":\"Sind ADS und ADHS die gleiche St\u00f6rung?\"}]},{\"@type\":\"Article\",\"@id\":\"https:\/\/www.diagnostik-des-geistes.de\/blog\/adhs-adhd\/sind-ads-und-adhs-die-gleiche-stoerung\/#article\",\"isPartOf\":{\"@id\":\"https:\/\/www.diagnostik-des-geistes.de\/blog\/adhs-adhd\/sind-ads-und-adhs-die-gleiche-stoerung\/#webpage\"},\"author\":{\"@id\":\"https:\/\/www.diagnostik-des-geistes.de\/blog\/#\/schema\/person\/8eb1bcaf59fea75c780c11946f4e3490\"},\"headline\":\"Sind ADS und ADHS die gleiche St\u00f6rung?\",\"datePublished\":\"2022-08-10T06:00:46+00:00\",\"dateModified\":\"2022-07-21T12:34:04+00:00\",\"mainEntityOfPage\":{\"@id\":\"https:\/\/www.diagnostik-des-geistes.de\/blog\/adhs-adhd\/sind-ads-und-adhs-die-gleiche-stoerung\/#webpage\"},\"wordCount\":775,\"publisher\":{\"@id\":\"https:\/\/www.diagnostik-des-geistes.de\/blog\/#organization\"},\"image\":{\"@id\":\"https:\/\/www.diagnostik-des-geistes.de\/blog\/adhs-adhd\/sind-ads-und-adhs-die-gleiche-stoerung\/#primaryimage\"},\"thumbnailUrl\":\"https:\/\/www.diagnostik-des-geistes.de\/blog\/wp-content\/uploads\/2022\/02\/bg_top_default.jpg\",\"keywords\":[\"Ein kurzer zeitlicher \u00dcberblick \u00fcber die Umbenennung von ADHS\",\"Verwendung des Begriffs ADD\"],\"articleSection\":[\"ADHS \/ ADHD\"],\"inLanguage\":\"de-DE\"},{\"@type\":\"Person\",\"@id\":\"https:\/\/www.diagnostik-des-geistes.de\/blog\/#\/schema\/person\/8eb1bcaf59fea75c780c11946f4e3490\",\"name\":\"Diagnostik Geistes\",\"image\":{\"@type\":\"ImageObject\",\"@id\":\"https:\/\/www.diagnostik-des-geistes.de\/blog\/#personlogo\",\"inLanguage\":\"de-DE\",\"url\":\"https:\/\/secure.gravatar.com\/avatar\/6743211f010801ea26aa9423a2daab37?s=96&d=mm&r=g\",\"contentUrl\":\"https:\/\/secure.gravatar.com\/avatar\/6743211f010801ea26aa9423a2daab37?s=96&d=mm&r=g\",\"caption\":\"Diagnostik Geistes\"},\"sameAs\":[\"https:\/\/www.diagnostik-des-geistes.de\/blog\"],\"url\":\"https:\/\/www.diagnostik-des-geistes.de\/blog\/author\/diagnostyka-umyslu\/\"}]}<\/script>\n<!-- \/ Yoast SEO plugin. -->","yoast_head_json":{"title":"Sind ADS und ADHS die gleiche St\u00f6rung? - Diagnostik des Geistes","robots":{"index":"index","follow":"follow","max-snippet":"max-snippet:-1","max-image-preview":"max-image-preview:large","max-video-preview":"max-video-preview:-1"},"canonical":"https:\/\/www.diagnostik-des-geistes.de\/blog\/adhs-adhd\/sind-ads-und-adhs-die-gleiche-stoerung\/","og_locale":"de_DE","og_type":"article","og_title":"Sind ADS und ADHS die gleiche St\u00f6rung? - Diagnostik des Geistes","og_description":"Sie haben vielleicht schon geh\u00f6rt, dass die Begriffe ADS und ADHS synonym verwendet werden. Aufmerksamkeitsdefizitst\u00f6rung (ADD) und Aufmerksamkeitsdefizit-\/Hyperaktivit\u00e4tsst\u00f6rung (ADHS) sind eigentlich ein und dieselbe St\u00f6rung,...","og_url":"https:\/\/www.diagnostik-des-geistes.de\/blog\/adhs-adhd\/sind-ads-und-adhs-die-gleiche-stoerung\/","og_site_name":"Diagnostik des Geistes","article_published_time":"2022-08-10T06:00:46+00:00","article_modified_time":"2022-07-21T12:34:04+00:00","og_image":[{"width":840,"height":202,"url":"https:\/\/www.diagnostik-des-geistes.de\/blog\/wp-content\/uploads\/2022\/02\/bg_top_default.jpg","type":"image\/jpeg"}],"twitter_card":"summary_large_image","twitter_misc":{"Verfasst von":"Diagnostik Geistes","Gesch\u00e4tzte Lesezeit":"4 Minuten"},"schema":{"@context":"https:\/\/schema.org","@graph":[{"@type":"Organization","@id":"https:\/\/www.diagnostik-des-geistes.de\/blog\/#organization","name":"Diagnostik des Geistes","url":"https:\/\/www.diagnostik-des-geistes.de\/blog\/","sameAs":[],"logo":{"@type":"ImageObject","@id":"https:\/\/www.diagnostik-des-geistes.de\/blog\/#logo","inLanguage":"de-DE","url":"https:\/\/www.diagnostik-des-geistes.de\/blog\/wp-content\/uploads\/2022\/02\/Diagnostik-des-Geistes.png","contentUrl":"https:\/\/www.diagnostik-des-geistes.de\/blog\/wp-content\/uploads\/2022\/02\/Diagnostik-des-Geistes.png","width":282,"height":92,"caption":"Diagnostik des Geistes"},"image":{"@id":"https:\/\/www.diagnostik-des-geistes.de\/blog\/#logo"}},{"@type":"WebSite","@id":"https:\/\/www.diagnostik-des-geistes.de\/blog\/#website","url":"https:\/\/www.diagnostik-des-geistes.de\/blog\/","name":"Diagnostik des Geistes","description":"Blog \u00fcber psychische St\u00f6rungen","publisher":{"@id":"https:\/\/www.diagnostik-des-geistes.de\/blog\/#organization"},"potentialAction":[{"@type":"SearchAction","target":{"@type":"EntryPoint","urlTemplate":"https:\/\/www.diagnostik-des-geistes.de\/blog\/?s={search_term_string}"},"query-input":"required name=search_term_string"}],"inLanguage":"de-DE"},{"@type":"ImageObject","@id":"https:\/\/www.diagnostik-des-geistes.de\/blog\/adhs-adhd\/sind-ads-und-adhs-die-gleiche-stoerung\/#primaryimage","inLanguage":"de-DE","url":"https:\/\/www.diagnostik-des-geistes.de\/blog\/wp-content\/uploads\/2022\/02\/bg_top_default.jpg","contentUrl":"https:\/\/www.diagnostik-des-geistes.de\/blog\/wp-content\/uploads\/2022\/02\/bg_top_default.jpg","width":840,"height":202},{"@type":"WebPage","@id":"https:\/\/www.diagnostik-des-geistes.de\/blog\/adhs-adhd\/sind-ads-und-adhs-die-gleiche-stoerung\/#webpage","url":"https:\/\/www.diagnostik-des-geistes.de\/blog\/adhs-adhd\/sind-ads-und-adhs-die-gleiche-stoerung\/","name":"Sind ADS und ADHS die gleiche St\u00f6rung? - Diagnostik des Geistes","isPartOf":{"@id":"https:\/\/www.diagnostik-des-geistes.de\/blog\/#website"},"primaryImageOfPage":{"@id":"https:\/\/www.diagnostik-des-geistes.de\/blog\/adhs-adhd\/sind-ads-und-adhs-die-gleiche-stoerung\/#primaryimage"},"datePublished":"2022-08-10T06:00:46+00:00","dateModified":"2022-07-21T12:34:04+00:00","breadcrumb":{"@id":"https:\/\/www.diagnostik-des-geistes.de\/blog\/adhs-adhd\/sind-ads-und-adhs-die-gleiche-stoerung\/#breadcrumb"},"inLanguage":"de-DE","potentialAction":[{"@type":"ReadAction","target":["https:\/\/www.diagnostik-des-geistes.de\/blog\/adhs-adhd\/sind-ads-und-adhs-die-gleiche-stoerung\/"]}]},{"@type":"BreadcrumbList","@id":"https:\/\/www.diagnostik-des-geistes.de\/blog\/adhs-adhd\/sind-ads-und-adhs-die-gleiche-stoerung\/#breadcrumb","itemListElement":[{"@type":"ListItem","position":1,"name":"Homepage","item":"https:\/\/www.diagnostik-des-geistes.de\/blog\/"},{"@type":"ListItem","position":2,"name":"ADHS \/ ADHD","item":"https:\/\/www.diagnostik-des-geistes.de\/blog\/adhs-adhd\/"},{"@type":"ListItem","position":3,"name":"Sind ADS und ADHS die gleiche St\u00f6rung?"}]},{"@type":"Article","@id":"https:\/\/www.diagnostik-des-geistes.de\/blog\/adhs-adhd\/sind-ads-und-adhs-die-gleiche-stoerung\/#article","isPartOf":{"@id":"https:\/\/www.diagnostik-des-geistes.de\/blog\/adhs-adhd\/sind-ads-und-adhs-die-gleiche-stoerung\/#webpage"},"author":{"@id":"https:\/\/www.diagnostik-des-geistes.de\/blog\/#\/schema\/person\/8eb1bcaf59fea75c780c11946f4e3490"},"headline":"Sind ADS und ADHS die gleiche St\u00f6rung?","datePublished":"2022-08-10T06:00:46+00:00","dateModified":"2022-07-21T12:34:04+00:00","mainEntityOfPage":{"@id":"https:\/\/www.diagnostik-des-geistes.de\/blog\/adhs-adhd\/sind-ads-und-adhs-die-gleiche-stoerung\/#webpage"},"wordCount":775,"publisher":{"@id":"https:\/\/www.diagnostik-des-geistes.de\/blog\/#organization"},"image":{"@id":"https:\/\/www.diagnostik-des-geistes.de\/blog\/adhs-adhd\/sind-ads-und-adhs-die-gleiche-stoerung\/#primaryimage"},"thumbnailUrl":"https:\/\/www.diagnostik-des-geistes.de\/blog\/wp-content\/uploads\/2022\/02\/bg_top_default.jpg","keywords":["Ein kurzer zeitlicher \u00dcberblick \u00fcber die Umbenennung von ADHS","Verwendung des Begriffs ADD"],"articleSection":["ADHS \/ ADHD"],"inLanguage":"de-DE"},{"@type":"Person","@id":"https:\/\/www.diagnostik-des-geistes.de\/blog\/#\/schema\/person\/8eb1bcaf59fea75c780c11946f4e3490","name":"Diagnostik Geistes","image":{"@type":"ImageObject","@id":"https:\/\/www.diagnostik-des-geistes.de\/blog\/#personlogo","inLanguage":"de-DE","url":"https:\/\/secure.gravatar.com\/avatar\/6743211f010801ea26aa9423a2daab37?s=96&d=mm&r=g","contentUrl":"https:\/\/secure.gravatar.com\/avatar\/6743211f010801ea26aa9423a2daab37?s=96&d=mm&r=g","caption":"Diagnostik Geistes"},"sameAs":["https:\/\/www.diagnostik-des-geistes.de\/blog"],"url":"https:\/\/www.diagnostik-des-geistes.de\/blog\/author\/diagnostyka-umyslu\/"}]}},"amp_enabled":true,"_links":{"self":[{"href":"https:\/\/www.diagnostik-des-geistes.de\/blog\/wp-json\/wp\/v2\/posts\/1461"}],"collection":[{"href":"https:\/\/www.diagnostik-des-geistes.de\/blog\/wp-json\/wp\/v2\/posts"}],"about":[{"href":"https:\/\/www.diagnostik-des-geistes.de\/blog\/wp-json\/wp\/v2\/types\/post"}],"author":[{"embeddable":true,"href":"https:\/\/www.diagnostik-des-geistes.de\/blog\/wp-json\/wp\/v2\/users\/1"}],"replies":[{"embeddable":true,"href":"https:\/\/www.diagnostik-des-geistes.de\/blog\/wp-json\/wp\/v2\/comments?post=1461"}],"version-history":[{"count":1,"href":"https:\/\/www.diagnostik-des-geistes.de\/blog\/wp-json\/wp\/v2\/posts\/1461\/revisions"}],"predecessor-version":[{"id":1463,"href":"https:\/\/www.diagnostik-des-geistes.de\/blog\/wp-json\/wp\/v2\/posts\/1461\/revisions\/1463"}],"wp:featuredmedia":[{"embeddable":true,"href":"https:\/\/www.diagnostik-des-geistes.de\/blog\/wp-json\/wp\/v2\/media\/1282"}],"wp:attachment":[{"href":"https:\/\/www.diagnostik-des-geistes.de\/blog\/wp-json\/wp\/v2\/media?parent=1461"}],"wp:term":[{"taxonomy":"category","embeddable":true,"href":"https:\/\/www.diagnostik-des-geistes.de\/blog\/wp-json\/wp\/v2\/categories?post=1461"},{"taxonomy":"post_tag","embeddable":true,"href":"https:\/\/www.diagnostik-des-geistes.de\/blog\/wp-json\/wp\/v2\/tags?post=1461"}],"curies":[{"name":"wp","href":"https:\/\/api.w.org\/{rel}","templated":true}]}}