{"id":1445,"date":"2022-08-06T08:00:46","date_gmt":"2022-08-06T06:00:46","guid":{"rendered":"https:\/\/www.diagnostik-des-geistes.de\/blog\/?p=1445"},"modified":"2022-07-21T13:59:09","modified_gmt":"2022-07-21T11:59:09","slug":"ursachen-und-risikofaktoren-fuer-die-aufmerksamkeitsdefizit-hyperaktivitaetsstoerung-adhs","status":"publish","type":"post","link":"https:\/\/www.diagnostik-des-geistes.de\/blog\/adhs-adhd\/ursachen-und-risikofaktoren-fuer-die-aufmerksamkeitsdefizit-hyperaktivitaetsstoerung-adhs\/","title":{"rendered":"Ursachen und Risikofaktoren f\u00fcr die Aufmerksamkeitsdefizit-Hyperaktivit\u00e4tsst\u00f6rung (ADHS)"},"content":{"rendered":"<p>Die Aufmerksamkeitsdefizit-\/Hyperaktivit\u00e4tsst\u00f6rung (ADHS) ist eine h\u00e4ufige neurologische Verhaltensst\u00f6rung, die sich durch Unaufmerksamkeit, Hyperaktivit\u00e4t und Impulsivit\u00e4t \u00e4u\u00dfert. Sie wird in der Regel in der Kindheit diagnostiziert, kann aber auch Erwachsene betreffen.<\/p>\n<p>Die genaue Ursache von <a href=\"https:\/\/www.diagnostik-des-geistes.de\/adhs-test\">ADHS<\/a> ist nicht bekannt. Forscher vermuten jedoch, dass es mehrere Faktoren gibt, die bestimmen, ob jemand ADHS entwickeln kann. Genetik, Toxine, die Exposition gegen\u00fcber Substanzen w\u00e4hrend der pr\u00e4natalen Entwicklung und bestimmte Erkrankungen k\u00f6nnen eine Rolle spielen.<\/p>\n<p>Dieser Artikel befasst sich mit den verschiedenen Ursachen der Aufmerksamkeitsdefizit-Hyperaktivit\u00e4tsst\u00f6rung.<\/p>\n<h4>H\u00e4ufige Ursachen von ADHS<\/h4>\n<p>Forscher gehen davon aus, dass es viele verschiedene Ursachen f\u00fcr ADHS gibt. Einige der Faktoren, die zur Entwicklung von ADHS beitragen oder das Risiko daf\u00fcr erh\u00f6hen k\u00f6nnen, sind:<\/p>\n<ul>\n<li>Genetik<\/li>\n<li>Exposition gegen\u00fcber Umweltgiften<\/li>\n<li>Exposition gegen\u00fcber Substanzen im Mutterleib<\/li>\n<li>Krankheit und Trauma<\/li>\n<li>Fr\u00fchzeitige Geburt<\/li>\n<\/ul>\n<p style=\"padding-left: 40px;\"><strong>Was nicht zu ADHS f\u00fchrt<\/strong><br \/>\nDie Forscher haben auch herausgefunden, welche Faktoren bei der Entstehung von ADHS keine Rolle spielen. Fernsehkonsum, Ern\u00e4hrung (einschlie\u00dflich zu viel Zucker), St\u00f6rungen des Hormonsystems, schlechte Erziehung und Videospiele f\u00fchren nicht zu ADHS.<\/p>\n<h4>Genetik<\/h4>\n<p>Unabh\u00e4ngig davon, ob bei Ihnen vor kurzem ADHS diagnostiziert wurde oder ob Sie bereits seit vielen Jahren mit ADHS leben, stellen sich fast alle Erwachsenen die gleiche Frage: &#8220;Werden meine Kinder auch ADHS haben?&#8221;. Die Antwort lautet: Es kommt darauf an.<\/p>\n<p>ADHS ist in erster Linie eine vererbte St\u00f6rung. Es wird gesch\u00e4tzt, dass der prozentuale Anteil des genetischen Beitrags zu ADHS \u00fcber 70 % betr\u00e4gt.<\/p>\n<p>Trotz dieses starken genetischen Zusammenhangs bedeutet eine ADHS-Erkrankung nicht automatisch, dass Sie sie an Ihr Kind weitergeben werden. Dies liegt daran, dass eine Kombination von Genen und Umweltfaktoren daf\u00fcr verantwortlich ist, ob ein Kind ADHS entwickeln wird.<\/p>\n<p>Kinder k\u00f6nnen ADHS-Gene erben, ohne sie zu aktivieren. So wurde in einer Studie festgestellt, dass nur ein Drittel der V\u00e4ter mit ADHS Kinder hatte, die ebenfalls ADHS entwickelten.<\/p>\n<p>Wenn ein Kind ADHS von einem Elternteil erbt, hat die ADHS-Auspr\u00e4gung oder der Subtyp (unaufmerksam, hyperaktiv-impulsiv oder kombiniert) des Elternteils keinen Einfluss auf die ADHS-Auspr\u00e4gung des Kindes.<\/p>\n<p>Bislang wurden in Familien, in denen ADHS auftritt, mehrere Kandidatengene gefunden. Die Forscher gehen jedoch davon aus, dass nicht ein bestimmtes Gen, sondern das Zusammenspiel mehrerer Gene und der Umwelt f\u00fcr die Auspr\u00e4gung der ADHS-Symptome verantwortlich ist.<\/p>\n<p>ADHS ist keine geschlechtsspezifische Erkrankung. Mit anderen Worten: ADHS tritt nicht nur bei M\u00e4nnern auf und wird daher nicht nur vom Vater an die Kinder weitergegeben. Manche Leute denken: &#8220;Nur V\u00e4ter k\u00f6nnen ADHS haben, und wenn der Vater kein ADHS hat, kann das Kind es auch nicht haben&#8221;. Dies ist nicht korrekt.<\/p>\n<p>Obwohl ADHS h\u00e4ufiger bei M\u00e4nnern als bei Frauen diagnostiziert wird, ist es wichtig zu wissen, dass Menschen aller Geschlechter an ADHS leiden k\u00f6nnen.<\/p>\n<h4>Krankheiten und Verletzungen<\/h4>\n<p>Krankheiten wie Meningitis4 oder Enzephalitis k\u00f6nnen zu Lern- und Aufmerksamkeitsproblemen f\u00fchren.<\/p>\n<p>Bei einem kleinen Prozentsatz der Menschen treten die ADHS-Symptome infolge einer Hirnverletzung auf, z. B. einer fr\u00fchen Hirnsch\u00e4digung, eines Traumas oder einer anderen St\u00f6rung der normalen Gehirnentwicklung.<\/p>\n<p>Eine in JAMA Pediatrics ver\u00f6ffentlichte Studie ergab, dass Kinder mit einer Vorgeschichte von Hirnverletzungen, selbst wenn diese weniger schwerwiegend sind, ein erh\u00f6htes Risiko haben, bis zu 10 Jahre nach der Verletzung ADHS zu entwickeln.<\/p>\n<h4>Toxine<\/h4>\n<p>Die Exposition gegen\u00fcber bestimmten Umweltgiften in der Kindheit kann das Risiko erh\u00f6hen, dass ein Kind ADHS entwickelt.<br \/>\nBleiexposition (auch in geringen Mengen) kann zu Hyperaktivit\u00e4t und Unaufmerksamkeit f\u00fchren. Blei kann an verschiedenen Stellen gefunden werden, z. B. in der Farbe von H\u00e4usern, die vor 1978 oder fr\u00fcher gebaut wurden, in Benzin.<\/p>\n<h4>Exposition gegen\u00fcber Substanzen im Mutterleib<\/h4>\n<p>Der Gesundheitszustand und die Gewohnheiten der schwangeren Eltern k\u00f6nnen ebenfalls eine Rolle bei der Entwicklung von ADHS spielen. Schlechte Ern\u00e4hrung und Infektionen w\u00e4hrend der Schwangerschaft k\u00f6nnen zum Beispiel das Risiko f\u00fcr ADHS erh\u00f6hen.<\/p>\n<p>Es gibt auch Hinweise darauf, dass der Konsum bestimmter Substanzen w\u00e4hrend der Schwangerschaft das Risiko erh\u00f6ht, dass ein Kind ADHS entwickelt.<\/p>\n<h4>Rauchen<\/h4>\n<p>Eine 2018 in der Fachzeitschrift Pediatrics ver\u00f6ffentlichte Studie fand einen signifikanten Zusammenhang zwischen Rauchen w\u00e4hrend der Schwangerschaft und der Wahrscheinlichkeit, dass ein Kind ADHS entwickelt. Das Risiko f\u00fcr ADHS war bei Kindern, deren M\u00fctter stark rauchten, h\u00f6her. Die Studie konnte nicht zu dem Schluss kommen, dass Rauchen ADHS verursacht, deutete aber darauf hin, dass ein Zusammenhang besteht.<\/p>\n<h4>Alkohol<\/h4>\n<p>Einige Studien haben gezeigt, dass Eltern, die w\u00e4hrend der Schwangerschaft trinken, mit gr\u00f6\u00dferer Wahrscheinlichkeit Kinder mit ADHS bekommen. Eine Studie aus dem Jahr 2018 ergab, dass ein regelm\u00e4\u00dfiger Alkoholkonsum von vier oder mehr Getr\u00e4nken oder ein regelm\u00e4\u00dfiger geringer bis m\u00e4\u00dfiger Alkoholkonsum mit einem signifikanten Anstieg der Wahrscheinlichkeit verbunden ist, dass ein Kind sp\u00e4ter an ADHS leidet.<\/p>\n<p>Eine Studie aus dem Jahr 2017 ergab jedoch, dass es keinen Zusammenhang zwischen m\u00fctterlichem Alkoholkonsum und der klinischen Diagnose ADHS bei Kindern gab. Diese Studie deutet darauf hin, dass Kinder einige Symptome von ADHS entwickeln k\u00f6nnen, wenn ihre Eltern w\u00e4hrend der Schwangerschaft Alkohol konsumiert haben, aber nicht unbedingt f\u00fcr eine Diagnose von ADHS in Frage kommen.<\/p>\n<h4>Zusammenfassung<\/h4>\n<p>Es ist wahrscheinlich, dass ADHS auf eine Vielzahl von Ursachen zur\u00fcckzuf\u00fchren ist. Jemand mit einer genetischen Veranlagung kann beispielsweise auf Umweltfaktoren treffen, die ebenfalls zur Entwicklung von ADHS beitragen. Toxine, die Exposition gegen\u00fcber Substanzen w\u00e4hrend der pr\u00e4natalen Entwicklung, bestimmte Arten von Infektionen und Hirnverletzungen k\u00f6nnen das Risiko erh\u00f6hen, dass eine Person ADHS entwickelt.<\/p>\n<h4>Mehr lesen<\/h4>\n<ul>\n<li><em>verywellmind.com\/what-causes-adhd-20465<\/em><\/li>\n<\/ul>\n","protected":false},"excerpt":{"rendered":"<p>Die Aufmerksamkeitsdefizit-\/Hyperaktivit\u00e4tsst\u00f6rung (ADHS) ist eine h\u00e4ufige neurologische Verhaltensst\u00f6rung, die sich durch Unaufmerksamkeit, Hyperaktivit\u00e4t und Impulsivit\u00e4t \u00e4u\u00dfert. Sie wird in der Regel in der Kindheit diagnostiziert,&#8230;<\/p>\n","protected":false},"author":1,"featured_media":1447,"comment_status":"closed","ping_status":"open","sticky":false,"template":"","format":"standard","meta":{"inline_featured_image":false},"categories":[37],"tags":[271,269,270],"yoast_head":"<!-- This site is optimized with the Yoast SEO plugin v18.1 - https:\/\/yoast.com\/wordpress\/plugins\/seo\/ -->\n<title>Ursachen und Risikofaktoren f\u00fcr die Aufmerksamkeitsdefizit-Hyperaktivit\u00e4tsst\u00f6rung (ADHS) - Diagnostik des Geistes<\/title>\n<meta name=\"robots\" content=\"index, follow, max-snippet:-1, max-image-preview:large, max-video-preview:-1\" \/>\n<link rel=\"canonical\" href=\"https:\/\/www.diagnostik-des-geistes.de\/blog\/adhs-adhd\/ursachen-und-risikofaktoren-fuer-die-aufmerksamkeitsdefizit-hyperaktivitaetsstoerung-adhs\/\" \/>\n<meta property=\"og:locale\" content=\"de_DE\" \/>\n<meta property=\"og:type\" content=\"article\" \/>\n<meta property=\"og:title\" content=\"Ursachen und Risikofaktoren f\u00fcr die Aufmerksamkeitsdefizit-Hyperaktivit\u00e4tsst\u00f6rung (ADHS) - Diagnostik des Geistes\" \/>\n<meta property=\"og:description\" content=\"Die Aufmerksamkeitsdefizit-\/Hyperaktivit\u00e4tsst\u00f6rung (ADHS) ist eine h\u00e4ufige neurologische Verhaltensst\u00f6rung, die sich durch Unaufmerksamkeit, Hyperaktivit\u00e4t und Impulsivit\u00e4t \u00e4u\u00dfert. Sie wird in der Regel in der Kindheit diagnostiziert,...\" \/>\n<meta property=\"og:url\" content=\"https:\/\/www.diagnostik-des-geistes.de\/blog\/adhs-adhd\/ursachen-und-risikofaktoren-fuer-die-aufmerksamkeitsdefizit-hyperaktivitaetsstoerung-adhs\/\" \/>\n<meta property=\"og:site_name\" content=\"Diagnostik des Geistes\" \/>\n<meta property=\"article:published_time\" content=\"2022-08-06T06:00:46+00:00\" \/>\n<meta property=\"article:modified_time\" content=\"2022-07-21T11:59:09+00:00\" \/>\n<meta name=\"twitter:card\" content=\"summary_large_image\" \/>\n<meta name=\"twitter:image\" content=\"https:\/\/www.diagnostik-des-geistes.de\/blog\/wp-content\/uploads\/2022\/07\/4-3.webp\" \/>\n<meta name=\"twitter:label1\" content=\"Verfasst von\" \/>\n\t<meta name=\"twitter:data1\" content=\"Diagnostik Geistes\" \/>\n\t<meta name=\"twitter:label2\" content=\"Gesch\u00e4tzte Lesezeit\" \/>\n\t<meta name=\"twitter:data2\" content=\"5 Minuten\" \/>\n<script type=\"application\/ld+json\" class=\"yoast-schema-graph\">{\"@context\":\"https:\/\/schema.org\",\"@graph\":[{\"@type\":\"Organization\",\"@id\":\"https:\/\/www.diagnostik-des-geistes.de\/blog\/#organization\",\"name\":\"Diagnostik des Geistes\",\"url\":\"https:\/\/www.diagnostik-des-geistes.de\/blog\/\",\"sameAs\":[],\"logo\":{\"@type\":\"ImageObject\",\"@id\":\"https:\/\/www.diagnostik-des-geistes.de\/blog\/#logo\",\"inLanguage\":\"de-DE\",\"url\":\"https:\/\/www.diagnostik-des-geistes.de\/blog\/wp-content\/uploads\/2022\/02\/Diagnostik-des-Geistes.png\",\"contentUrl\":\"https:\/\/www.diagnostik-des-geistes.de\/blog\/wp-content\/uploads\/2022\/02\/Diagnostik-des-Geistes.png\",\"width\":282,\"height\":92,\"caption\":\"Diagnostik des Geistes\"},\"image\":{\"@id\":\"https:\/\/www.diagnostik-des-geistes.de\/blog\/#logo\"}},{\"@type\":\"WebSite\",\"@id\":\"https:\/\/www.diagnostik-des-geistes.de\/blog\/#website\",\"url\":\"https:\/\/www.diagnostik-des-geistes.de\/blog\/\",\"name\":\"Diagnostik des Geistes\",\"description\":\"Blog \u00fcber psychische St\u00f6rungen\",\"publisher\":{\"@id\":\"https:\/\/www.diagnostik-des-geistes.de\/blog\/#organization\"},\"potentialAction\":[{\"@type\":\"SearchAction\",\"target\":{\"@type\":\"EntryPoint\",\"urlTemplate\":\"https:\/\/www.diagnostik-des-geistes.de\/blog\/?s={search_term_string}\"},\"query-input\":\"required name=search_term_string\"}],\"inLanguage\":\"de-DE\"},{\"@type\":\"ImageObject\",\"@id\":\"https:\/\/www.diagnostik-des-geistes.de\/blog\/adhs-adhd\/ursachen-und-risikofaktoren-fuer-die-aufmerksamkeitsdefizit-hyperaktivitaetsstoerung-adhs\/#primaryimage\",\"inLanguage\":\"de-DE\",\"url\":\"https:\/\/www.diagnostik-des-geistes.de\/blog\/wp-content\/uploads\/2022\/07\/4-3.webp\",\"contentUrl\":\"https:\/\/www.diagnostik-des-geistes.de\/blog\/wp-content\/uploads\/2022\/07\/4-3.webp\",\"width\":868,\"height\":389},{\"@type\":\"WebPage\",\"@id\":\"https:\/\/www.diagnostik-des-geistes.de\/blog\/adhs-adhd\/ursachen-und-risikofaktoren-fuer-die-aufmerksamkeitsdefizit-hyperaktivitaetsstoerung-adhs\/#webpage\",\"url\":\"https:\/\/www.diagnostik-des-geistes.de\/blog\/adhs-adhd\/ursachen-und-risikofaktoren-fuer-die-aufmerksamkeitsdefizit-hyperaktivitaetsstoerung-adhs\/\",\"name\":\"Ursachen und Risikofaktoren f\u00fcr die Aufmerksamkeitsdefizit-Hyperaktivit\u00e4tsst\u00f6rung (ADHS) - Diagnostik des Geistes\",\"isPartOf\":{\"@id\":\"https:\/\/www.diagnostik-des-geistes.de\/blog\/#website\"},\"primaryImageOfPage\":{\"@id\":\"https:\/\/www.diagnostik-des-geistes.de\/blog\/adhs-adhd\/ursachen-und-risikofaktoren-fuer-die-aufmerksamkeitsdefizit-hyperaktivitaetsstoerung-adhs\/#primaryimage\"},\"datePublished\":\"2022-08-06T06:00:46+00:00\",\"dateModified\":\"2022-07-21T11:59:09+00:00\",\"breadcrumb\":{\"@id\":\"https:\/\/www.diagnostik-des-geistes.de\/blog\/adhs-adhd\/ursachen-und-risikofaktoren-fuer-die-aufmerksamkeitsdefizit-hyperaktivitaetsstoerung-adhs\/#breadcrumb\"},\"inLanguage\":\"de-DE\",\"potentialAction\":[{\"@type\":\"ReadAction\",\"target\":[\"https:\/\/www.diagnostik-des-geistes.de\/blog\/adhs-adhd\/ursachen-und-risikofaktoren-fuer-die-aufmerksamkeitsdefizit-hyperaktivitaetsstoerung-adhs\/\"]}]},{\"@type\":\"BreadcrumbList\",\"@id\":\"https:\/\/www.diagnostik-des-geistes.de\/blog\/adhs-adhd\/ursachen-und-risikofaktoren-fuer-die-aufmerksamkeitsdefizit-hyperaktivitaetsstoerung-adhs\/#breadcrumb\",\"itemListElement\":[{\"@type\":\"ListItem\",\"position\":1,\"name\":\"Homepage\",\"item\":\"https:\/\/www.diagnostik-des-geistes.de\/blog\/\"},{\"@type\":\"ListItem\",\"position\":2,\"name\":\"ADHS \/ ADHD\",\"item\":\"https:\/\/www.diagnostik-des-geistes.de\/blog\/adhs-adhd\/\"},{\"@type\":\"ListItem\",\"position\":3,\"name\":\"Ursachen und Risikofaktoren f\u00fcr die Aufmerksamkeitsdefizit-Hyperaktivit\u00e4tsst\u00f6rung (ADHS)\"}]},{\"@type\":\"Article\",\"@id\":\"https:\/\/www.diagnostik-des-geistes.de\/blog\/adhs-adhd\/ursachen-und-risikofaktoren-fuer-die-aufmerksamkeitsdefizit-hyperaktivitaetsstoerung-adhs\/#article\",\"isPartOf\":{\"@id\":\"https:\/\/www.diagnostik-des-geistes.de\/blog\/adhs-adhd\/ursachen-und-risikofaktoren-fuer-die-aufmerksamkeitsdefizit-hyperaktivitaetsstoerung-adhs\/#webpage\"},\"author\":{\"@id\":\"https:\/\/www.diagnostik-des-geistes.de\/blog\/#\/schema\/person\/8eb1bcaf59fea75c780c11946f4e3490\"},\"headline\":\"Ursachen und Risikofaktoren f\u00fcr die Aufmerksamkeitsdefizit-Hyperaktivit\u00e4tsst\u00f6rung (ADHS)\",\"datePublished\":\"2022-08-06T06:00:46+00:00\",\"dateModified\":\"2022-07-21T11:59:09+00:00\",\"mainEntityOfPage\":{\"@id\":\"https:\/\/www.diagnostik-des-geistes.de\/blog\/adhs-adhd\/ursachen-und-risikofaktoren-fuer-die-aufmerksamkeitsdefizit-hyperaktivitaetsstoerung-adhs\/#webpage\"},\"wordCount\":941,\"publisher\":{\"@id\":\"https:\/\/www.diagnostik-des-geistes.de\/blog\/#organization\"},\"image\":{\"@id\":\"https:\/\/www.diagnostik-des-geistes.de\/blog\/adhs-adhd\/ursachen-und-risikofaktoren-fuer-die-aufmerksamkeitsdefizit-hyperaktivitaetsstoerung-adhs\/#primaryimage\"},\"thumbnailUrl\":\"https:\/\/www.diagnostik-des-geistes.de\/blog\/wp-content\/uploads\/2022\/07\/4-3.webp\",\"keywords\":[\"H\u00e4ufige Ursachen von ADHS\",\"Was nicht zu ADHS f\u00fchrt\",\"Werden meine Kinder auch ADHS haben?\"],\"articleSection\":[\"ADHS \/ ADHD\"],\"inLanguage\":\"de-DE\"},{\"@type\":\"Person\",\"@id\":\"https:\/\/www.diagnostik-des-geistes.de\/blog\/#\/schema\/person\/8eb1bcaf59fea75c780c11946f4e3490\",\"name\":\"Diagnostik Geistes\",\"image\":{\"@type\":\"ImageObject\",\"@id\":\"https:\/\/www.diagnostik-des-geistes.de\/blog\/#personlogo\",\"inLanguage\":\"de-DE\",\"url\":\"https:\/\/secure.gravatar.com\/avatar\/6743211f010801ea26aa9423a2daab37?s=96&d=mm&r=g\",\"contentUrl\":\"https:\/\/secure.gravatar.com\/avatar\/6743211f010801ea26aa9423a2daab37?s=96&d=mm&r=g\",\"caption\":\"Diagnostik Geistes\"},\"sameAs\":[\"https:\/\/www.diagnostik-des-geistes.de\/blog\"],\"url\":\"https:\/\/www.diagnostik-des-geistes.de\/blog\/author\/diagnostyka-umyslu\/\"}]}<\/script>\n<!-- \/ Yoast SEO plugin. -->","yoast_head_json":{"title":"Ursachen und Risikofaktoren f\u00fcr die Aufmerksamkeitsdefizit-Hyperaktivit\u00e4tsst\u00f6rung (ADHS) - Diagnostik des Geistes","robots":{"index":"index","follow":"follow","max-snippet":"max-snippet:-1","max-image-preview":"max-image-preview:large","max-video-preview":"max-video-preview:-1"},"canonical":"https:\/\/www.diagnostik-des-geistes.de\/blog\/adhs-adhd\/ursachen-und-risikofaktoren-fuer-die-aufmerksamkeitsdefizit-hyperaktivitaetsstoerung-adhs\/","og_locale":"de_DE","og_type":"article","og_title":"Ursachen und Risikofaktoren f\u00fcr die Aufmerksamkeitsdefizit-Hyperaktivit\u00e4tsst\u00f6rung (ADHS) - Diagnostik des Geistes","og_description":"Die Aufmerksamkeitsdefizit-\/Hyperaktivit\u00e4tsst\u00f6rung (ADHS) ist eine h\u00e4ufige neurologische Verhaltensst\u00f6rung, die sich durch Unaufmerksamkeit, Hyperaktivit\u00e4t und Impulsivit\u00e4t \u00e4u\u00dfert. Sie wird in der Regel in der Kindheit diagnostiziert,...","og_url":"https:\/\/www.diagnostik-des-geistes.de\/blog\/adhs-adhd\/ursachen-und-risikofaktoren-fuer-die-aufmerksamkeitsdefizit-hyperaktivitaetsstoerung-adhs\/","og_site_name":"Diagnostik des Geistes","article_published_time":"2022-08-06T06:00:46+00:00","article_modified_time":"2022-07-21T11:59:09+00:00","twitter_card":"summary_large_image","twitter_image":"https:\/\/www.diagnostik-des-geistes.de\/blog\/wp-content\/uploads\/2022\/07\/4-3.webp","twitter_misc":{"Verfasst von":"Diagnostik Geistes","Gesch\u00e4tzte Lesezeit":"5 Minuten"},"schema":{"@context":"https:\/\/schema.org","@graph":[{"@type":"Organization","@id":"https:\/\/www.diagnostik-des-geistes.de\/blog\/#organization","name":"Diagnostik des Geistes","url":"https:\/\/www.diagnostik-des-geistes.de\/blog\/","sameAs":[],"logo":{"@type":"ImageObject","@id":"https:\/\/www.diagnostik-des-geistes.de\/blog\/#logo","inLanguage":"de-DE","url":"https:\/\/www.diagnostik-des-geistes.de\/blog\/wp-content\/uploads\/2022\/02\/Diagnostik-des-Geistes.png","contentUrl":"https:\/\/www.diagnostik-des-geistes.de\/blog\/wp-content\/uploads\/2022\/02\/Diagnostik-des-Geistes.png","width":282,"height":92,"caption":"Diagnostik des Geistes"},"image":{"@id":"https:\/\/www.diagnostik-des-geistes.de\/blog\/#logo"}},{"@type":"WebSite","@id":"https:\/\/www.diagnostik-des-geistes.de\/blog\/#website","url":"https:\/\/www.diagnostik-des-geistes.de\/blog\/","name":"Diagnostik des Geistes","description":"Blog \u00fcber psychische St\u00f6rungen","publisher":{"@id":"https:\/\/www.diagnostik-des-geistes.de\/blog\/#organization"},"potentialAction":[{"@type":"SearchAction","target":{"@type":"EntryPoint","urlTemplate":"https:\/\/www.diagnostik-des-geistes.de\/blog\/?s={search_term_string}"},"query-input":"required name=search_term_string"}],"inLanguage":"de-DE"},{"@type":"ImageObject","@id":"https:\/\/www.diagnostik-des-geistes.de\/blog\/adhs-adhd\/ursachen-und-risikofaktoren-fuer-die-aufmerksamkeitsdefizit-hyperaktivitaetsstoerung-adhs\/#primaryimage","inLanguage":"de-DE","url":"https:\/\/www.diagnostik-des-geistes.de\/blog\/wp-content\/uploads\/2022\/07\/4-3.webp","contentUrl":"https:\/\/www.diagnostik-des-geistes.de\/blog\/wp-content\/uploads\/2022\/07\/4-3.webp","width":868,"height":389},{"@type":"WebPage","@id":"https:\/\/www.diagnostik-des-geistes.de\/blog\/adhs-adhd\/ursachen-und-risikofaktoren-fuer-die-aufmerksamkeitsdefizit-hyperaktivitaetsstoerung-adhs\/#webpage","url":"https:\/\/www.diagnostik-des-geistes.de\/blog\/adhs-adhd\/ursachen-und-risikofaktoren-fuer-die-aufmerksamkeitsdefizit-hyperaktivitaetsstoerung-adhs\/","name":"Ursachen und Risikofaktoren f\u00fcr die Aufmerksamkeitsdefizit-Hyperaktivit\u00e4tsst\u00f6rung (ADHS) - Diagnostik des Geistes","isPartOf":{"@id":"https:\/\/www.diagnostik-des-geistes.de\/blog\/#website"},"primaryImageOfPage":{"@id":"https:\/\/www.diagnostik-des-geistes.de\/blog\/adhs-adhd\/ursachen-und-risikofaktoren-fuer-die-aufmerksamkeitsdefizit-hyperaktivitaetsstoerung-adhs\/#primaryimage"},"datePublished":"2022-08-06T06:00:46+00:00","dateModified":"2022-07-21T11:59:09+00:00","breadcrumb":{"@id":"https:\/\/www.diagnostik-des-geistes.de\/blog\/adhs-adhd\/ursachen-und-risikofaktoren-fuer-die-aufmerksamkeitsdefizit-hyperaktivitaetsstoerung-adhs\/#breadcrumb"},"inLanguage":"de-DE","potentialAction":[{"@type":"ReadAction","target":["https:\/\/www.diagnostik-des-geistes.de\/blog\/adhs-adhd\/ursachen-und-risikofaktoren-fuer-die-aufmerksamkeitsdefizit-hyperaktivitaetsstoerung-adhs\/"]}]},{"@type":"BreadcrumbList","@id":"https:\/\/www.diagnostik-des-geistes.de\/blog\/adhs-adhd\/ursachen-und-risikofaktoren-fuer-die-aufmerksamkeitsdefizit-hyperaktivitaetsstoerung-adhs\/#breadcrumb","itemListElement":[{"@type":"ListItem","position":1,"name":"Homepage","item":"https:\/\/www.diagnostik-des-geistes.de\/blog\/"},{"@type":"ListItem","position":2,"name":"ADHS \/ ADHD","item":"https:\/\/www.diagnostik-des-geistes.de\/blog\/adhs-adhd\/"},{"@type":"ListItem","position":3,"name":"Ursachen und Risikofaktoren f\u00fcr die Aufmerksamkeitsdefizit-Hyperaktivit\u00e4tsst\u00f6rung (ADHS)"}]},{"@type":"Article","@id":"https:\/\/www.diagnostik-des-geistes.de\/blog\/adhs-adhd\/ursachen-und-risikofaktoren-fuer-die-aufmerksamkeitsdefizit-hyperaktivitaetsstoerung-adhs\/#article","isPartOf":{"@id":"https:\/\/www.diagnostik-des-geistes.de\/blog\/adhs-adhd\/ursachen-und-risikofaktoren-fuer-die-aufmerksamkeitsdefizit-hyperaktivitaetsstoerung-adhs\/#webpage"},"author":{"@id":"https:\/\/www.diagnostik-des-geistes.de\/blog\/#\/schema\/person\/8eb1bcaf59fea75c780c11946f4e3490"},"headline":"Ursachen und Risikofaktoren f\u00fcr die Aufmerksamkeitsdefizit-Hyperaktivit\u00e4tsst\u00f6rung (ADHS)","datePublished":"2022-08-06T06:00:46+00:00","dateModified":"2022-07-21T11:59:09+00:00","mainEntityOfPage":{"@id":"https:\/\/www.diagnostik-des-geistes.de\/blog\/adhs-adhd\/ursachen-und-risikofaktoren-fuer-die-aufmerksamkeitsdefizit-hyperaktivitaetsstoerung-adhs\/#webpage"},"wordCount":941,"publisher":{"@id":"https:\/\/www.diagnostik-des-geistes.de\/blog\/#organization"},"image":{"@id":"https:\/\/www.diagnostik-des-geistes.de\/blog\/adhs-adhd\/ursachen-und-risikofaktoren-fuer-die-aufmerksamkeitsdefizit-hyperaktivitaetsstoerung-adhs\/#primaryimage"},"thumbnailUrl":"https:\/\/www.diagnostik-des-geistes.de\/blog\/wp-content\/uploads\/2022\/07\/4-3.webp","keywords":["H\u00e4ufige Ursachen von ADHS","Was nicht zu ADHS f\u00fchrt","Werden meine Kinder auch ADHS haben?"],"articleSection":["ADHS \/ ADHD"],"inLanguage":"de-DE"},{"@type":"Person","@id":"https:\/\/www.diagnostik-des-geistes.de\/blog\/#\/schema\/person\/8eb1bcaf59fea75c780c11946f4e3490","name":"Diagnostik Geistes","image":{"@type":"ImageObject","@id":"https:\/\/www.diagnostik-des-geistes.de\/blog\/#personlogo","inLanguage":"de-DE","url":"https:\/\/secure.gravatar.com\/avatar\/6743211f010801ea26aa9423a2daab37?s=96&d=mm&r=g","contentUrl":"https:\/\/secure.gravatar.com\/avatar\/6743211f010801ea26aa9423a2daab37?s=96&d=mm&r=g","caption":"Diagnostik Geistes"},"sameAs":["https:\/\/www.diagnostik-des-geistes.de\/blog"],"url":"https:\/\/www.diagnostik-des-geistes.de\/blog\/author\/diagnostyka-umyslu\/"}]}},"amp_enabled":true,"_links":{"self":[{"href":"https:\/\/www.diagnostik-des-geistes.de\/blog\/wp-json\/wp\/v2\/posts\/1445"}],"collection":[{"href":"https:\/\/www.diagnostik-des-geistes.de\/blog\/wp-json\/wp\/v2\/posts"}],"about":[{"href":"https:\/\/www.diagnostik-des-geistes.de\/blog\/wp-json\/wp\/v2\/types\/post"}],"author":[{"embeddable":true,"href":"https:\/\/www.diagnostik-des-geistes.de\/blog\/wp-json\/wp\/v2\/users\/1"}],"replies":[{"embeddable":true,"href":"https:\/\/www.diagnostik-des-geistes.de\/blog\/wp-json\/wp\/v2\/comments?post=1445"}],"version-history":[{"count":1,"href":"https:\/\/www.diagnostik-des-geistes.de\/blog\/wp-json\/wp\/v2\/posts\/1445\/revisions"}],"predecessor-version":[{"id":1448,"href":"https:\/\/www.diagnostik-des-geistes.de\/blog\/wp-json\/wp\/v2\/posts\/1445\/revisions\/1448"}],"wp:featuredmedia":[{"embeddable":true,"href":"https:\/\/www.diagnostik-des-geistes.de\/blog\/wp-json\/wp\/v2\/media\/1447"}],"wp:attachment":[{"href":"https:\/\/www.diagnostik-des-geistes.de\/blog\/wp-json\/wp\/v2\/media?parent=1445"}],"wp:term":[{"taxonomy":"category","embeddable":true,"href":"https:\/\/www.diagnostik-des-geistes.de\/blog\/wp-json\/wp\/v2\/categories?post=1445"},{"taxonomy":"post_tag","embeddable":true,"href":"https:\/\/www.diagnostik-des-geistes.de\/blog\/wp-json\/wp\/v2\/tags?post=1445"}],"curies":[{"name":"wp","href":"https:\/\/api.w.org\/{rel}","templated":true}]}}