{"id":1423,"date":"2022-07-30T08:00:25","date_gmt":"2022-07-30T06:00:25","guid":{"rendered":"https:\/\/www.diagnostik-des-geistes.de\/blog\/?p=1423"},"modified":"2022-07-20T18:35:54","modified_gmt":"2022-07-20T16:35:54","slug":"wie-ist-die-selbstauskunftsskala-fuer-adhs-zu-verwenden","status":"publish","type":"post","link":"https:\/\/www.diagnostik-des-geistes.de\/blog\/adhs-adhd\/wie-ist-die-selbstauskunftsskala-fuer-adhs-zu-verwenden\/","title":{"rendered":"Wie ist die Selbstauskunftsskala f\u00fcr ADHS zu verwenden?"},"content":{"rendered":"<p>Die Aufmerksamkeitsdefizit-\/Hyperaktivit\u00e4tsst\u00f6rung (ADHS) ist eine psychische St\u00f6rung, die durch ein durchdringendes Muster von unaufmerksamen, hyperaktiven und impulsiven Verhaltensweisen gekennzeichnet ist. In der Regel wird die St\u00f6rung im Kindes- und Jugendalter diagnostiziert, bei manchen Menschen jedoch auch erst im Erwachsenenalter. ADHS ist mit 8,7 % der Jugendlichen und 4,4 % der Erwachsenen in den Vereinigten Staaten relativ h\u00e4ufig.<\/p>\n<p>ADHS kann eine sehr schwierige Erkrankung sein, vor allem wenn sie unbehandelt bleibt. Menschen mit ADHS haben oft Schwierigkeiten, Details genau zu verfolgen, haben Probleme mit der emotionalen Regulierung in Beziehungen und k\u00f6nnen \u00fcberm\u00e4\u00dfig viel reden. Aus diesen Gr\u00fcnden kann die Inanspruchnahme einer Behandlung sehr wichtig sein, um die Betroffenen im Alltag zu unterst\u00fctzen. F\u00fcr den Zugang zur Behandlung ist jedoch eine genaue Diagnose erforderlich.<\/p>\n<p>Die <a href=\"https:\/\/www.diagnostik-des-geistes.de\/adhs-test\">ADHS-Skala<\/a> kann der erste Schritt sein, um Hilfe zu bekommen. Lesen Sie weiter, um mehr \u00fcber die ADHS-Skala zu erfahren, wie sie zu verwenden ist und wie sie den Diagnoseprozess beeinflussen kann.<\/p>\n<h4>Was ist die ADHS-Selbsteinsch\u00e4tzungsskala?<\/h4>\n<p>Die ADHS-Selbstbeschreibungsskala ist ein Instrument, mit dem Betroffene sich selbst auf ADHS untersuchen k\u00f6nnen.<\/p>\n<p>Nutzen Sie unseren Test f\u00fcr ADHS und ermitteln Sie Ihre Wahrscheinlichkeit.<\/p>\n<p>Dies ist besonders n\u00fctzlich, da es den Menschen die M\u00f6glichkeit gibt, herauszufinden, ob eine ADHS-Diagnose m\u00f6glich ist, bevor sie den n\u00e4chsten Schritt tun, n\u00e4mlich einen Arzt aufsuchen. Viele Fachleute verwenden die ADHS-Skala auch als Instrument, um Patienten bei der Beurteilung zu \u00fcberpr\u00fcfen.<\/p>\n<h4>Vor- und Nachteile der ADHS-Selbstauskunftsskala<\/h4>\n<p>Ein \u00e4u\u00dferst positiver Aspekt der Selbstberichtsskala ist, dass sie den Betroffenen die M\u00f6glichkeit gibt, sich Klarheit \u00fcber die Symptome zu verschaffen, die sie in ihrem t\u00e4glichen Leben wahrnehmen. ADHS kann zwischenmenschliche Beziehungen beeintr\u00e4chtigen, so dass sich manche Menschen fragen, was mit ihnen los ist und warum sie solche Schwierigkeiten haben. Anhand dieser Skala k\u00f6nnen Menschen erkennen, was ihre F\u00e4higkeit, pr\u00e4sent zu sein, Aufgaben zu erf\u00fcllen und mit anderen in Beziehung zu treten, beeintr\u00e4chtigen k\u00f6nnte.<\/p>\n<p>Ein wesentlicher Nachteil dieser Skala ist, dass sie nur ein Hilfsmittel ist und keine endg\u00fcltige Diagnose erm\u00f6glicht. Um eine offizielle Diagnose zu erhalten, muss man einen Arzt aufsuchen.<\/p>\n<h4>Ist die ADHS-Selbstauskunftsskala zuverl\u00e4ssig?<\/h4>\n<p>Die ADHS-Selbstbeschreibungsskala liefert eine zuverl\u00e4ssige Diagnose, allerdings mit einigen Einschr\u00e4nkungen. Eine 2013 ver\u00f6ffentlichte Studie best\u00e4tigte, dass die Selbstauskunftsskala sehr genau ist. Die Skala kann jedoch nicht als Instrument zur Erstellung einer offiziellen Diagnose verwendet werden. Nur ein qualifizierter Arzt kann feststellen, ob ein Patient an ADHS leidet. Es ist sehr wichtig, einen Arzt aufzusuchen, denn dies ist der erste Schritt zur Behandlung dieser St\u00f6rung.<\/p>\n<h4>ADHS-Behandlung<\/h4>\n<p>Sobald festgestellt wurde, dass Sie unter ADHS leiden, besteht der n\u00e4chste Schritt darin, sich in Behandlung zu begeben, damit Sie Linderung erfahren k\u00f6nnen. Die gute Nachricht ist, dass die Behandlung oft sehr wirksam ist. Psychiater und andere medizinische Fachkr\u00e4fte verschreiben in der Regel eine Art von stimulierenden Medikamenten. Stimulanzien verschaffen schnelle Linderung. In manchen F\u00e4llen wird eine nicht-stimulierende Medikation empfohlen. Die Wirkung von nicht-stimulierenden Medikamenten kann etwas l\u00e4nger anhalten, aber sie sind besonders n\u00fctzlich, wenn die stimulierenden Medikamente negative Nebenwirkungen haben oder nicht wirken.<\/p>\n<p>Neben der medikament\u00f6sen Behandlung sind auch Therapie und Aufkl\u00e4rung sehr wichtig. Die Therapie kann eine Verhaltensunterst\u00fctzung bieten, d. h. sie hilft Menschen mit dieser Diagnose zu lernen, wie sie mit ihren Symptomen umgehen k\u00f6nnen. F\u00fcr Kinder und Jugendliche, die mit dieser Diagnose konfrontiert sind, k\u00f6nnen Elternschulungen und Interventionen im Unterricht notwendig sein.<\/p>\n<h4>Umgang mit ADHS<\/h4>\n<p>Der Erhalt dieser Diagnose kann sehr belastend sein. Es ist jedoch wichtig, daran zu denken, dass dieser Zustand relativ h\u00e4ufig ist und gut auf die Behandlung anspricht. Die Suche nach einer Selbsthilfegruppe kann ein wichtiger erster Schritt sein, um zu lernen, mit dieser Krankheit umzugehen.<\/p>\n<p>Es kann auch hilfreich sein, nahestehende Personen in den Prozess einzubeziehen. Sie k\u00f6nnen ihnen mitteilen, wie sich Ihre Symptome auf Ihr t\u00e4gliches Leben auswirken, und herausfinden, wie sie dem Patienten emotionale und logistische Unterst\u00fctzung bieten k\u00f6nnen. Denken Sie daran, dass Sie nicht allein zurechtkommen m\u00fcssen.<\/p>\n<h4>F\u00fcr weitere Informationen<\/h4>\n<ul>\n<li><em>verywellmind.com\/how-to-use-an-adhd-self-report-scale-5248802<\/em><\/li>\n<\/ul>\n","protected":false},"excerpt":{"rendered":"<p>Die Aufmerksamkeitsdefizit-\/Hyperaktivit\u00e4tsst\u00f6rung (ADHS) ist eine psychische St\u00f6rung, die durch ein durchdringendes Muster von unaufmerksamen, hyperaktiven und impulsiven Verhaltensweisen gekennzeichnet ist. In der Regel wird die&#8230;<\/p>\n","protected":false},"author":1,"featured_media":1282,"comment_status":"closed","ping_status":"open","sticky":false,"template":"","format":"standard","meta":{"inline_featured_image":false},"categories":[37],"tags":[256,257,255],"yoast_head":"<!-- This site is optimized with the Yoast SEO plugin v18.1 - https:\/\/yoast.com\/wordpress\/plugins\/seo\/ -->\n<title>Wie ist die Selbstauskunftsskala f\u00fcr ADHS zu verwenden? - Diagnostik des Geistes<\/title>\n<meta name=\"robots\" content=\"index, follow, max-snippet:-1, max-image-preview:large, max-video-preview:-1\" \/>\n<link rel=\"canonical\" href=\"https:\/\/www.diagnostik-des-geistes.de\/blog\/adhs-adhd\/wie-ist-die-selbstauskunftsskala-fuer-adhs-zu-verwenden\/\" \/>\n<meta property=\"og:locale\" content=\"de_DE\" \/>\n<meta property=\"og:type\" content=\"article\" \/>\n<meta property=\"og:title\" content=\"Wie ist die Selbstauskunftsskala f\u00fcr ADHS zu verwenden? - Diagnostik des Geistes\" \/>\n<meta property=\"og:description\" content=\"Die Aufmerksamkeitsdefizit-\/Hyperaktivit\u00e4tsst\u00f6rung (ADHS) ist eine psychische St\u00f6rung, die durch ein durchdringendes Muster von unaufmerksamen, hyperaktiven und impulsiven Verhaltensweisen gekennzeichnet ist. In der Regel wird die...\" \/>\n<meta property=\"og:url\" content=\"https:\/\/www.diagnostik-des-geistes.de\/blog\/adhs-adhd\/wie-ist-die-selbstauskunftsskala-fuer-adhs-zu-verwenden\/\" \/>\n<meta property=\"og:site_name\" content=\"Diagnostik des Geistes\" \/>\n<meta property=\"article:published_time\" content=\"2022-07-30T06:00:25+00:00\" \/>\n<meta property=\"article:modified_time\" content=\"2022-07-20T16:35:54+00:00\" \/>\n<meta property=\"og:image\" content=\"https:\/\/www.diagnostik-des-geistes.de\/blog\/wp-content\/uploads\/2022\/02\/bg_top_default.jpg\" \/>\n\t<meta property=\"og:image:width\" content=\"840\" \/>\n\t<meta property=\"og:image:height\" content=\"202\" \/>\n\t<meta property=\"og:image:type\" content=\"image\/jpeg\" \/>\n<meta name=\"twitter:card\" content=\"summary_large_image\" \/>\n<meta name=\"twitter:label1\" content=\"Verfasst von\" \/>\n\t<meta name=\"twitter:data1\" content=\"Diagnostik Geistes\" \/>\n\t<meta name=\"twitter:label2\" content=\"Gesch\u00e4tzte Lesezeit\" \/>\n\t<meta name=\"twitter:data2\" content=\"3 Minuten\" \/>\n<script type=\"application\/ld+json\" class=\"yoast-schema-graph\">{\"@context\":\"https:\/\/schema.org\",\"@graph\":[{\"@type\":\"Organization\",\"@id\":\"https:\/\/www.diagnostik-des-geistes.de\/blog\/#organization\",\"name\":\"Diagnostik des Geistes\",\"url\":\"https:\/\/www.diagnostik-des-geistes.de\/blog\/\",\"sameAs\":[],\"logo\":{\"@type\":\"ImageObject\",\"@id\":\"https:\/\/www.diagnostik-des-geistes.de\/blog\/#logo\",\"inLanguage\":\"de-DE\",\"url\":\"https:\/\/www.diagnostik-des-geistes.de\/blog\/wp-content\/uploads\/2022\/02\/Diagnostik-des-Geistes.png\",\"contentUrl\":\"https:\/\/www.diagnostik-des-geistes.de\/blog\/wp-content\/uploads\/2022\/02\/Diagnostik-des-Geistes.png\",\"width\":282,\"height\":92,\"caption\":\"Diagnostik des Geistes\"},\"image\":{\"@id\":\"https:\/\/www.diagnostik-des-geistes.de\/blog\/#logo\"}},{\"@type\":\"WebSite\",\"@id\":\"https:\/\/www.diagnostik-des-geistes.de\/blog\/#website\",\"url\":\"https:\/\/www.diagnostik-des-geistes.de\/blog\/\",\"name\":\"Diagnostik des Geistes\",\"description\":\"Blog \u00fcber psychische St\u00f6rungen\",\"publisher\":{\"@id\":\"https:\/\/www.diagnostik-des-geistes.de\/blog\/#organization\"},\"potentialAction\":[{\"@type\":\"SearchAction\",\"target\":{\"@type\":\"EntryPoint\",\"urlTemplate\":\"https:\/\/www.diagnostik-des-geistes.de\/blog\/?s={search_term_string}\"},\"query-input\":\"required name=search_term_string\"}],\"inLanguage\":\"de-DE\"},{\"@type\":\"ImageObject\",\"@id\":\"https:\/\/www.diagnostik-des-geistes.de\/blog\/adhs-adhd\/wie-ist-die-selbstauskunftsskala-fuer-adhs-zu-verwenden\/#primaryimage\",\"inLanguage\":\"de-DE\",\"url\":\"https:\/\/www.diagnostik-des-geistes.de\/blog\/wp-content\/uploads\/2022\/02\/bg_top_default.jpg\",\"contentUrl\":\"https:\/\/www.diagnostik-des-geistes.de\/blog\/wp-content\/uploads\/2022\/02\/bg_top_default.jpg\",\"width\":840,\"height\":202},{\"@type\":\"WebPage\",\"@id\":\"https:\/\/www.diagnostik-des-geistes.de\/blog\/adhs-adhd\/wie-ist-die-selbstauskunftsskala-fuer-adhs-zu-verwenden\/#webpage\",\"url\":\"https:\/\/www.diagnostik-des-geistes.de\/blog\/adhs-adhd\/wie-ist-die-selbstauskunftsskala-fuer-adhs-zu-verwenden\/\",\"name\":\"Wie ist die Selbstauskunftsskala f\u00fcr ADHS zu verwenden? - Diagnostik des Geistes\",\"isPartOf\":{\"@id\":\"https:\/\/www.diagnostik-des-geistes.de\/blog\/#website\"},\"primaryImageOfPage\":{\"@id\":\"https:\/\/www.diagnostik-des-geistes.de\/blog\/adhs-adhd\/wie-ist-die-selbstauskunftsskala-fuer-adhs-zu-verwenden\/#primaryimage\"},\"datePublished\":\"2022-07-30T06:00:25+00:00\",\"dateModified\":\"2022-07-20T16:35:54+00:00\",\"breadcrumb\":{\"@id\":\"https:\/\/www.diagnostik-des-geistes.de\/blog\/adhs-adhd\/wie-ist-die-selbstauskunftsskala-fuer-adhs-zu-verwenden\/#breadcrumb\"},\"inLanguage\":\"de-DE\",\"potentialAction\":[{\"@type\":\"ReadAction\",\"target\":[\"https:\/\/www.diagnostik-des-geistes.de\/blog\/adhs-adhd\/wie-ist-die-selbstauskunftsskala-fuer-adhs-zu-verwenden\/\"]}]},{\"@type\":\"BreadcrumbList\",\"@id\":\"https:\/\/www.diagnostik-des-geistes.de\/blog\/adhs-adhd\/wie-ist-die-selbstauskunftsskala-fuer-adhs-zu-verwenden\/#breadcrumb\",\"itemListElement\":[{\"@type\":\"ListItem\",\"position\":1,\"name\":\"Homepage\",\"item\":\"https:\/\/www.diagnostik-des-geistes.de\/blog\/\"},{\"@type\":\"ListItem\",\"position\":2,\"name\":\"ADHS \/ ADHD\",\"item\":\"https:\/\/www.diagnostik-des-geistes.de\/blog\/adhs-adhd\/\"},{\"@type\":\"ListItem\",\"position\":3,\"name\":\"Wie ist die Selbstauskunftsskala f\u00fcr ADHS zu verwenden?\"}]},{\"@type\":\"Article\",\"@id\":\"https:\/\/www.diagnostik-des-geistes.de\/blog\/adhs-adhd\/wie-ist-die-selbstauskunftsskala-fuer-adhs-zu-verwenden\/#article\",\"isPartOf\":{\"@id\":\"https:\/\/www.diagnostik-des-geistes.de\/blog\/adhs-adhd\/wie-ist-die-selbstauskunftsskala-fuer-adhs-zu-verwenden\/#webpage\"},\"author\":{\"@id\":\"https:\/\/www.diagnostik-des-geistes.de\/blog\/#\/schema\/person\/8eb1bcaf59fea75c780c11946f4e3490\"},\"headline\":\"Wie ist die Selbstauskunftsskala f\u00fcr ADHS zu verwenden?\",\"datePublished\":\"2022-07-30T06:00:25+00:00\",\"dateModified\":\"2022-07-20T16:35:54+00:00\",\"mainEntityOfPage\":{\"@id\":\"https:\/\/www.diagnostik-des-geistes.de\/blog\/adhs-adhd\/wie-ist-die-selbstauskunftsskala-fuer-adhs-zu-verwenden\/#webpage\"},\"wordCount\":698,\"publisher\":{\"@id\":\"https:\/\/www.diagnostik-des-geistes.de\/blog\/#organization\"},\"image\":{\"@id\":\"https:\/\/www.diagnostik-des-geistes.de\/blog\/adhs-adhd\/wie-ist-die-selbstauskunftsskala-fuer-adhs-zu-verwenden\/#primaryimage\"},\"thumbnailUrl\":\"https:\/\/www.diagnostik-des-geistes.de\/blog\/wp-content\/uploads\/2022\/02\/bg_top_default.jpg\",\"keywords\":[\"Behandlung von ADHS\",\"Umgang mit ADHS\",\"Was ist die ADHS-Selbstbeschreibungsskala?\"],\"articleSection\":[\"ADHS \/ ADHD\"],\"inLanguage\":\"de-DE\"},{\"@type\":\"Person\",\"@id\":\"https:\/\/www.diagnostik-des-geistes.de\/blog\/#\/schema\/person\/8eb1bcaf59fea75c780c11946f4e3490\",\"name\":\"Diagnostik Geistes\",\"image\":{\"@type\":\"ImageObject\",\"@id\":\"https:\/\/www.diagnostik-des-geistes.de\/blog\/#personlogo\",\"inLanguage\":\"de-DE\",\"url\":\"https:\/\/secure.gravatar.com\/avatar\/6743211f010801ea26aa9423a2daab37?s=96&d=mm&r=g\",\"contentUrl\":\"https:\/\/secure.gravatar.com\/avatar\/6743211f010801ea26aa9423a2daab37?s=96&d=mm&r=g\",\"caption\":\"Diagnostik Geistes\"},\"sameAs\":[\"https:\/\/www.diagnostik-des-geistes.de\/blog\"],\"url\":\"https:\/\/www.diagnostik-des-geistes.de\/blog\/author\/diagnostyka-umyslu\/\"}]}<\/script>\n<!-- \/ Yoast SEO plugin. -->","yoast_head_json":{"title":"Wie ist die Selbstauskunftsskala f\u00fcr ADHS zu verwenden? - Diagnostik des Geistes","robots":{"index":"index","follow":"follow","max-snippet":"max-snippet:-1","max-image-preview":"max-image-preview:large","max-video-preview":"max-video-preview:-1"},"canonical":"https:\/\/www.diagnostik-des-geistes.de\/blog\/adhs-adhd\/wie-ist-die-selbstauskunftsskala-fuer-adhs-zu-verwenden\/","og_locale":"de_DE","og_type":"article","og_title":"Wie ist die Selbstauskunftsskala f\u00fcr ADHS zu verwenden? - Diagnostik des Geistes","og_description":"Die Aufmerksamkeitsdefizit-\/Hyperaktivit\u00e4tsst\u00f6rung (ADHS) ist eine psychische St\u00f6rung, die durch ein durchdringendes Muster von unaufmerksamen, hyperaktiven und impulsiven Verhaltensweisen gekennzeichnet ist. In der Regel wird die...","og_url":"https:\/\/www.diagnostik-des-geistes.de\/blog\/adhs-adhd\/wie-ist-die-selbstauskunftsskala-fuer-adhs-zu-verwenden\/","og_site_name":"Diagnostik des Geistes","article_published_time":"2022-07-30T06:00:25+00:00","article_modified_time":"2022-07-20T16:35:54+00:00","og_image":[{"width":840,"height":202,"url":"https:\/\/www.diagnostik-des-geistes.de\/blog\/wp-content\/uploads\/2022\/02\/bg_top_default.jpg","type":"image\/jpeg"}],"twitter_card":"summary_large_image","twitter_misc":{"Verfasst von":"Diagnostik Geistes","Gesch\u00e4tzte Lesezeit":"3 Minuten"},"schema":{"@context":"https:\/\/schema.org","@graph":[{"@type":"Organization","@id":"https:\/\/www.diagnostik-des-geistes.de\/blog\/#organization","name":"Diagnostik des Geistes","url":"https:\/\/www.diagnostik-des-geistes.de\/blog\/","sameAs":[],"logo":{"@type":"ImageObject","@id":"https:\/\/www.diagnostik-des-geistes.de\/blog\/#logo","inLanguage":"de-DE","url":"https:\/\/www.diagnostik-des-geistes.de\/blog\/wp-content\/uploads\/2022\/02\/Diagnostik-des-Geistes.png","contentUrl":"https:\/\/www.diagnostik-des-geistes.de\/blog\/wp-content\/uploads\/2022\/02\/Diagnostik-des-Geistes.png","width":282,"height":92,"caption":"Diagnostik des Geistes"},"image":{"@id":"https:\/\/www.diagnostik-des-geistes.de\/blog\/#logo"}},{"@type":"WebSite","@id":"https:\/\/www.diagnostik-des-geistes.de\/blog\/#website","url":"https:\/\/www.diagnostik-des-geistes.de\/blog\/","name":"Diagnostik des Geistes","description":"Blog \u00fcber psychische St\u00f6rungen","publisher":{"@id":"https:\/\/www.diagnostik-des-geistes.de\/blog\/#organization"},"potentialAction":[{"@type":"SearchAction","target":{"@type":"EntryPoint","urlTemplate":"https:\/\/www.diagnostik-des-geistes.de\/blog\/?s={search_term_string}"},"query-input":"required name=search_term_string"}],"inLanguage":"de-DE"},{"@type":"ImageObject","@id":"https:\/\/www.diagnostik-des-geistes.de\/blog\/adhs-adhd\/wie-ist-die-selbstauskunftsskala-fuer-adhs-zu-verwenden\/#primaryimage","inLanguage":"de-DE","url":"https:\/\/www.diagnostik-des-geistes.de\/blog\/wp-content\/uploads\/2022\/02\/bg_top_default.jpg","contentUrl":"https:\/\/www.diagnostik-des-geistes.de\/blog\/wp-content\/uploads\/2022\/02\/bg_top_default.jpg","width":840,"height":202},{"@type":"WebPage","@id":"https:\/\/www.diagnostik-des-geistes.de\/blog\/adhs-adhd\/wie-ist-die-selbstauskunftsskala-fuer-adhs-zu-verwenden\/#webpage","url":"https:\/\/www.diagnostik-des-geistes.de\/blog\/adhs-adhd\/wie-ist-die-selbstauskunftsskala-fuer-adhs-zu-verwenden\/","name":"Wie ist die Selbstauskunftsskala f\u00fcr ADHS zu verwenden? - Diagnostik des Geistes","isPartOf":{"@id":"https:\/\/www.diagnostik-des-geistes.de\/blog\/#website"},"primaryImageOfPage":{"@id":"https:\/\/www.diagnostik-des-geistes.de\/blog\/adhs-adhd\/wie-ist-die-selbstauskunftsskala-fuer-adhs-zu-verwenden\/#primaryimage"},"datePublished":"2022-07-30T06:00:25+00:00","dateModified":"2022-07-20T16:35:54+00:00","breadcrumb":{"@id":"https:\/\/www.diagnostik-des-geistes.de\/blog\/adhs-adhd\/wie-ist-die-selbstauskunftsskala-fuer-adhs-zu-verwenden\/#breadcrumb"},"inLanguage":"de-DE","potentialAction":[{"@type":"ReadAction","target":["https:\/\/www.diagnostik-des-geistes.de\/blog\/adhs-adhd\/wie-ist-die-selbstauskunftsskala-fuer-adhs-zu-verwenden\/"]}]},{"@type":"BreadcrumbList","@id":"https:\/\/www.diagnostik-des-geistes.de\/blog\/adhs-adhd\/wie-ist-die-selbstauskunftsskala-fuer-adhs-zu-verwenden\/#breadcrumb","itemListElement":[{"@type":"ListItem","position":1,"name":"Homepage","item":"https:\/\/www.diagnostik-des-geistes.de\/blog\/"},{"@type":"ListItem","position":2,"name":"ADHS \/ ADHD","item":"https:\/\/www.diagnostik-des-geistes.de\/blog\/adhs-adhd\/"},{"@type":"ListItem","position":3,"name":"Wie ist die Selbstauskunftsskala f\u00fcr ADHS zu verwenden?"}]},{"@type":"Article","@id":"https:\/\/www.diagnostik-des-geistes.de\/blog\/adhs-adhd\/wie-ist-die-selbstauskunftsskala-fuer-adhs-zu-verwenden\/#article","isPartOf":{"@id":"https:\/\/www.diagnostik-des-geistes.de\/blog\/adhs-adhd\/wie-ist-die-selbstauskunftsskala-fuer-adhs-zu-verwenden\/#webpage"},"author":{"@id":"https:\/\/www.diagnostik-des-geistes.de\/blog\/#\/schema\/person\/8eb1bcaf59fea75c780c11946f4e3490"},"headline":"Wie ist die Selbstauskunftsskala f\u00fcr ADHS zu verwenden?","datePublished":"2022-07-30T06:00:25+00:00","dateModified":"2022-07-20T16:35:54+00:00","mainEntityOfPage":{"@id":"https:\/\/www.diagnostik-des-geistes.de\/blog\/adhs-adhd\/wie-ist-die-selbstauskunftsskala-fuer-adhs-zu-verwenden\/#webpage"},"wordCount":698,"publisher":{"@id":"https:\/\/www.diagnostik-des-geistes.de\/blog\/#organization"},"image":{"@id":"https:\/\/www.diagnostik-des-geistes.de\/blog\/adhs-adhd\/wie-ist-die-selbstauskunftsskala-fuer-adhs-zu-verwenden\/#primaryimage"},"thumbnailUrl":"https:\/\/www.diagnostik-des-geistes.de\/blog\/wp-content\/uploads\/2022\/02\/bg_top_default.jpg","keywords":["Behandlung von ADHS","Umgang mit ADHS","Was ist die ADHS-Selbstbeschreibungsskala?"],"articleSection":["ADHS \/ ADHD"],"inLanguage":"de-DE"},{"@type":"Person","@id":"https:\/\/www.diagnostik-des-geistes.de\/blog\/#\/schema\/person\/8eb1bcaf59fea75c780c11946f4e3490","name":"Diagnostik Geistes","image":{"@type":"ImageObject","@id":"https:\/\/www.diagnostik-des-geistes.de\/blog\/#personlogo","inLanguage":"de-DE","url":"https:\/\/secure.gravatar.com\/avatar\/6743211f010801ea26aa9423a2daab37?s=96&d=mm&r=g","contentUrl":"https:\/\/secure.gravatar.com\/avatar\/6743211f010801ea26aa9423a2daab37?s=96&d=mm&r=g","caption":"Diagnostik Geistes"},"sameAs":["https:\/\/www.diagnostik-des-geistes.de\/blog"],"url":"https:\/\/www.diagnostik-des-geistes.de\/blog\/author\/diagnostyka-umyslu\/"}]}},"amp_enabled":true,"_links":{"self":[{"href":"https:\/\/www.diagnostik-des-geistes.de\/blog\/wp-json\/wp\/v2\/posts\/1423"}],"collection":[{"href":"https:\/\/www.diagnostik-des-geistes.de\/blog\/wp-json\/wp\/v2\/posts"}],"about":[{"href":"https:\/\/www.diagnostik-des-geistes.de\/blog\/wp-json\/wp\/v2\/types\/post"}],"author":[{"embeddable":true,"href":"https:\/\/www.diagnostik-des-geistes.de\/blog\/wp-json\/wp\/v2\/users\/1"}],"replies":[{"embeddable":true,"href":"https:\/\/www.diagnostik-des-geistes.de\/blog\/wp-json\/wp\/v2\/comments?post=1423"}],"version-history":[{"count":1,"href":"https:\/\/www.diagnostik-des-geistes.de\/blog\/wp-json\/wp\/v2\/posts\/1423\/revisions"}],"predecessor-version":[{"id":1425,"href":"https:\/\/www.diagnostik-des-geistes.de\/blog\/wp-json\/wp\/v2\/posts\/1423\/revisions\/1425"}],"wp:featuredmedia":[{"embeddable":true,"href":"https:\/\/www.diagnostik-des-geistes.de\/blog\/wp-json\/wp\/v2\/media\/1282"}],"wp:attachment":[{"href":"https:\/\/www.diagnostik-des-geistes.de\/blog\/wp-json\/wp\/v2\/media?parent=1423"}],"wp:term":[{"taxonomy":"category","embeddable":true,"href":"https:\/\/www.diagnostik-des-geistes.de\/blog\/wp-json\/wp\/v2\/categories?post=1423"},{"taxonomy":"post_tag","embeddable":true,"href":"https:\/\/www.diagnostik-des-geistes.de\/blog\/wp-json\/wp\/v2\/tags?post=1423"}],"curies":[{"name":"wp","href":"https:\/\/api.w.org\/{rel}","templated":true}]}}