{"id":1385,"date":"2022-08-03T08:00:02","date_gmt":"2022-08-03T06:00:02","guid":{"rendered":"https:\/\/www.diagnostik-des-geistes.de\/blog\/?p=1385"},"modified":"2022-07-20T17:15:40","modified_gmt":"2022-07-20T15:15:40","slug":"betreuung-einer-person-mit-autismus","status":"publish","type":"post","link":"https:\/\/www.diagnostik-des-geistes.de\/blog\/autismus-spektrum-storung\/betreuung-einer-person-mit-autismus\/","title":{"rendered":"Betreuung einer Person mit Autismus"},"content":{"rendered":"<p>Autismus ist eine lebenslange St\u00f6rung. Je nach Schweregrad kann eine autistische Person ein Leben lang Pflege ben\u00f6tigen. Wenn Sie gerade erfahren haben, dass Ihr Kind oder ein Ihnen nahestehender Mensch an dieser Krankheit leidet, fragen Sie sich wahrscheinlich, welche Schritte Sie als N\u00e4chstes unternehmen sollen.<\/p>\n<p>Autismus kann eine schwierige Erkrankung sein, vor allem, wenn man als Betreuer nicht mit den richtigen Informationen ausgestattet ist, um jemanden zu betreuen, der diese St\u00f6rung hat. Wenn Sie Eltern oder Betreuer eines autistischen Kindes sind, ist es wichtig, dass Sie sich \u00fcber den richtigen Umgang mit einem autistischen Kind informieren.<\/p>\n<p>Dieser Artikel befasst sich mit Pflegetipps, die Ihnen helfen k\u00f6nnen, die richtige Pflege f\u00fcr einen Menschen mit Autismus zu leisten. Au\u00dferdem wird er\u00f6rtert, wie wichtig es ist, auf sich selbst aufzupassen, wenn man einen Menschen mit <a href=\"https:\/\/www.diagnostik-des-geistes.de\/test-fur-autismus-spektrum-storungen\">Autismus<\/a> pflegt.<\/p>\n<h4>Kennen Sie die Symptome, auf die Sie achten sollten<\/h4>\n<p>Autismus ist eine Entwicklungsst\u00f6rung, die in den Vereinigten Staaten weit verbreitet ist. Nach Angaben der Zentren f\u00fcr Krankheitskontrolle und -pr\u00e4vention (CDC) leidet etwa 1 von 44 Kindern an Autismus. Au\u00dferdem ist sie bei Jungen viermal so h\u00e4ufig wie bei M\u00e4dchen.<\/p>\n<p>Bei Erwachsenen sind die Symptome des Autismus etwas deutlicher erkennbar. Da sich die Krankheit in der Kindheit entwickelt, sind autistische Erwachsene wahrscheinlich bereits in der Lage, besser f\u00fcr sich selbst zu sorgen. Autistische Kinder hingegen brauchen viel Zuwendung.<\/p>\n<p>Die Krankheit kann bei Kindern bereits im Alter von drei Jahren diagnostiziert werden. Autismus ist durch Verhaltens-, Kommunikations- und soziale Probleme gekennzeichnet. Die Symptome sind jedoch bei jedem Betroffenen unterschiedlich ausgepr\u00e4gt. Deshalb ist es so wichtig, die Symptome Ihres autistischen Kindes zu kennen und zu erkennen, um zu lernen, wie man sich um es k\u00fcmmert. Die h\u00e4ufigsten Autismus-Symptome, auf die man achten sollte, sind:<\/p>\n<ul>\n<li>Kommunikationsschwierigkeiten<\/li>\n<li>Geringe oder keine sozialen F\u00e4higkeiten<\/li>\n<li>Zeigt kein Interesse am Spielen mit anderen Kindern<\/li>\n<li>Vermeidet Blickkontakt, wenn er angesprochen wird<\/li>\n<li>H\u00e4lt sich gerne an Routinen und wird unruhig, wenn diese unterbrochen werden<\/li>\n<li>Wiederholte Bewegungen<\/li>\n<li>Zieht es vor, allein zu sein<\/li>\n<li>Hat Schwierigkeiten, Gef\u00fchle zu zeigen<\/li>\n<li>Empfindlich gegen\u00fcber sensorischen Reizen<\/li>\n<\/ul>\n<h4>Durchf\u00fchrung einer Behandlung<\/h4>\n<p>Sobald die Diagnose gestellt ist, muss mit der Behandlung eines Kindes mit Autismus begonnen werden. Je fr\u00fcher die Diagnose gestellt und die Behandlung eingeleitet wird, desto besser ist das Kind darauf vorbereitet, mit der Erkrankung in der Jugend umzugehen.<\/p>\n<p>Die Forschung zeigt, dass ein fr\u00fchzeitiges Eingreifen, das bereits im Alter von drei Jahren beginnen kann, die emotionale, soziale, kognitive und k\u00f6rperliche Entwicklung eines Kindes f\u00f6rdert.<\/p>\n<p>Die Behandlung von Autismus umfasst in der Regel eine Kombination aus Medikamenten und Psychotherapie. Ihrem Kind werden Hilfsmittel vermittelt, mit denen es in der Therapie besser mit seinen Symptomen umgehen kann. Diese Aufkl\u00e4rung sollte nicht nach der Therapiesitzung enden. Sie k\u00f6nnen den Therapeuten bitten, Ihnen M\u00f6glichkeiten aufzuzeigen, wie Sie Ihr Kind auch au\u00dferhalb des Therapieraums unterst\u00fctzen k\u00f6nnen.<\/p>\n<h4>Tipps f\u00fcr die Pflege von Menschen mit Autismus<\/h4>\n<p>Hier sind einige Tipps, die Sie wissen sollten, um sich um einen Menschen mit Autismus zu k\u00fcmmern:<\/p>\n<ul>\n<li>Lernen Sie, wie Sie mit der Person kommunizieren k\u00f6nnen: F\u00fcr viele Menschen mit Autismus kann die Kommunikation eine Herausforderung sein. Manche Kinder mit Autismus sind sogar nonverbal, so dass Sie kreative Wege finden m\u00fcssen, um mit ihnen zu kommunizieren. Viele autistische Kinder k\u00f6nnen gut mit visueller Kommunikation umgehen.<\/li>\n<li>Seien Sie geduldig: Geduld ist bei der Betreuung von Menschen mit Autismus unerl\u00e4sslich. Ihre sozialen und kommunikativen F\u00e4higkeiten sind oft unterentwickelt und es kann schwierig sein, sie zu erreichen.<\/li>\n<li>Erstellen Sie einen Zeitplan und halten Sie ihn ein: Autistische Kinder profitieren sehr von einem strukturierten Zeitplan. Jede Abweichung vom Zeitplan kann sie aus dem Gleichgewicht bringen. Autistische Kinder gedeihen am besten, wenn sie einen festen Tagesablauf haben. Halten Sie sich an feste Schlafens- und Essenszeiten. Wenn der Zeitplan ge\u00e4ndert werden soll, informieren Sie das Kind im Voraus.<\/li>\n<li>Planen Sie Spielzeit ein: Zwischen Schule und Therapie k\u00f6nnen autistische Kinder leicht durcheinander geraten. Es ist eine gute Idee, Zeit f\u00fcr Entspannung und Spiel einzuplanen. Es kann schwierig sein, herauszufinden, was ein autistisches Kind gerne zum Spa\u00df macht, da es sich wahrscheinlich nicht auf dieselbe Weise entspannt wie andere Kinder.<\/li>\n<\/ul>\n<h4>Wo sind Informationen zu finden?<\/h4>\n<p>Es ist wichtig, dass Sie sich mit dem richtigen Wissen ausstatten, um Ihrem autistischen Kind zu helfen. Leider gibt es eine Menge Fehlinformationen.<\/p>\n<p style=\"padding-left: 40px;\">Idealerweise sollten Sie nur Informationen aus zuverl\u00e4ssigen Quellen erhalten, die Ihnen genaue Informationen liefern. Die Autism Society of America und die National Autism Association sind Organisationen, die zuverl\u00e4ssige Informationen und Ressourcen \u00fcber diese Krankheit bereitstellen.<\/p>\n<p>Der Individuals with Disabilities Education Act gew\u00e4hrleistet, dass Kinder mit Erkrankungen wie Autismus Zugang zu kostenlosen und kosteng\u00fcnstigen Gesundheitsdiensten haben. Das Gesetz erm\u00f6glicht Ihrem autistischen Kind den kostenlosen oder sehr kosteng\u00fcnstigen Zugang zu Untersuchungen, Medikamenten, Therapien und Spezialger\u00e4ten. Nach dem Gesetz m\u00fcssen Kinder unter zehn Jahren keine offizielle Autismus-Diagnose haben, um diese Dienste in Anspruch nehmen zu k\u00f6nnen.<\/p>\n<p>Wenn Sie feststellen, dass Ihr Kind Anzeichen von Autismus oder einer Entwicklungsst\u00f6rung zeigt, k\u00f6nnen Sie von diesem Gesetz Gebrauch machen.<\/p>\n<h4>Auf sich selbst aufpassen<\/h4>\n<p>Eltern haben oft M\u00fche, Zeit f\u00fcr sich selbst zu finden. Dies kann bei der Erziehung autistischer Kinder noch schwieriger sein.<\/p>\n<p>Untersuchungen zeigen, dass es f\u00fcr Eltern autistischer Kinder oft eine Herausforderung ist, die Betreuung ihrer Kinder mit ihren t\u00e4glichen Aktivit\u00e4ten zu vereinbaren. Um das Kind bestm\u00f6glich zu unterst\u00fctzen, ist es jedoch unerl\u00e4sslich, auf sich selbst zu achten und einem beruflichen Burnout vorzubeugen. Die Pflege von Menschen mit Autismus kann emotional und k\u00f6rperlich anstrengend sein. Deshalb ist auch die Selbstf\u00fcrsorge wichtig.<\/p>\n<ul>\n<li>\u00dcben Sie Selbstf\u00fcrsorge: Selbstf\u00fcrsorge mag nachsichtig erscheinen, aber Sie untersch\u00e4tzen vielleicht, wie wirksam sie sein kann. Wenn Sie einen vollen Terminkalender haben, k\u00f6nnen Sie klein anfangen. Machen Sie morgens einen 10-min\u00fctigen Spaziergang, oder nehmen Sie am Ende eines langen Tages ein f\u00fcnfzehnmin\u00fctiges Bad.<\/li>\n<li>Treten Sie einer Selbsthilfegruppe bei: Die Teilnahme an einer Selbsthilfegruppe mit anderen Eltern autistischer Kinder kann Ihnen helfen, sich weniger allein zu f\u00fchlen. Allein das Gespr\u00e4ch mit Menschen, die Ihre Probleme verstehen und nachempfinden k\u00f6nnen, kann sehr angenehm sein. Es kann schwierig sein, Zeit zu finden, um pers\u00f6nlich an einer Selbsthilfegruppe teilzunehmen, so dass Sie sich bei einer virtuellen Selbsthilfegruppe anmelden k\u00f6nnen.<\/li>\n<li>Bitten Sie um Hilfe: Scheuen Sie sich nicht, sich an Ihr Unterst\u00fctzungssystem zu wenden und um Hilfe zu bitten. Sie k\u00f6nnen Ihnen helfen, sich um Ihr Kind zu k\u00fcmmern, wenn Sie etwas Zeit f\u00fcr sich selbst brauchen, oder sie k\u00f6nnen Ihnen Ressourcen zur Verf\u00fcgung stellen, die Sie besser f\u00fcr die Betreuung Ihres autistischen Kindes r\u00fcsten.<\/li>\n<\/ul>\n<h4>F\u00fcr weitere Informationen<\/h4>\n<ul>\n<li><em>verywellmind.com\/how-to-care-for-someone-with-autism-5213890<\/em><\/li>\n<\/ul>\n","protected":false},"excerpt":{"rendered":"<p>Autismus ist eine lebenslange St\u00f6rung. Je nach Schweregrad kann eine autistische Person ein Leben lang Pflege ben\u00f6tigen. Wenn Sie gerade erfahren haben, dass Ihr Kind&#8230;<\/p>\n","protected":false},"author":1,"featured_media":1386,"comment_status":"closed","ping_status":"open","sticky":false,"template":"","format":"standard","meta":{"inline_featured_image":false},"categories":[44],"tags":[],"yoast_head":"<!-- This site is optimized with the Yoast SEO plugin v18.1 - https:\/\/yoast.com\/wordpress\/plugins\/seo\/ -->\n<title>Betreuung einer Person mit Autismus - Diagnostik des Geistes<\/title>\n<meta name=\"robots\" content=\"index, follow, max-snippet:-1, max-image-preview:large, max-video-preview:-1\" \/>\n<link rel=\"canonical\" href=\"https:\/\/www.diagnostik-des-geistes.de\/blog\/autismus-spektrum-storung\/betreuung-einer-person-mit-autismus\/\" \/>\n<meta property=\"og:locale\" content=\"de_DE\" \/>\n<meta property=\"og:type\" content=\"article\" \/>\n<meta property=\"og:title\" content=\"Betreuung einer Person mit Autismus - Diagnostik des Geistes\" \/>\n<meta property=\"og:description\" content=\"Autismus ist eine lebenslange St\u00f6rung. Je nach Schweregrad kann eine autistische Person ein Leben lang Pflege ben\u00f6tigen. Wenn Sie gerade erfahren haben, dass Ihr Kind...\" \/>\n<meta property=\"og:url\" content=\"https:\/\/www.diagnostik-des-geistes.de\/blog\/autismus-spektrum-storung\/betreuung-einer-person-mit-autismus\/\" \/>\n<meta property=\"og:site_name\" content=\"Diagnostik des Geistes\" \/>\n<meta property=\"article:published_time\" content=\"2022-08-03T06:00:02+00:00\" \/>\n<meta property=\"article:modified_time\" content=\"2022-07-20T15:15:40+00:00\" \/>\n<meta name=\"twitter:card\" content=\"summary_large_image\" \/>\n<meta name=\"twitter:image\" content=\"https:\/\/www.diagnostik-des-geistes.de\/blog\/wp-content\/uploads\/2022\/07\/1515.webp\" \/>\n<meta name=\"twitter:label1\" content=\"Verfasst von\" \/>\n\t<meta name=\"twitter:data1\" content=\"Diagnostik Geistes\" \/>\n\t<meta name=\"twitter:label2\" content=\"Gesch\u00e4tzte Lesezeit\" \/>\n\t<meta name=\"twitter:data2\" content=\"6 Minuten\" \/>\n<script type=\"application\/ld+json\" class=\"yoast-schema-graph\">{\"@context\":\"https:\/\/schema.org\",\"@graph\":[{\"@type\":\"Organization\",\"@id\":\"https:\/\/www.diagnostik-des-geistes.de\/blog\/#organization\",\"name\":\"Diagnostik des Geistes\",\"url\":\"https:\/\/www.diagnostik-des-geistes.de\/blog\/\",\"sameAs\":[],\"logo\":{\"@type\":\"ImageObject\",\"@id\":\"https:\/\/www.diagnostik-des-geistes.de\/blog\/#logo\",\"inLanguage\":\"de-DE\",\"url\":\"https:\/\/www.diagnostik-des-geistes.de\/blog\/wp-content\/uploads\/2022\/02\/Diagnostik-des-Geistes.png\",\"contentUrl\":\"https:\/\/www.diagnostik-des-geistes.de\/blog\/wp-content\/uploads\/2022\/02\/Diagnostik-des-Geistes.png\",\"width\":282,\"height\":92,\"caption\":\"Diagnostik des Geistes\"},\"image\":{\"@id\":\"https:\/\/www.diagnostik-des-geistes.de\/blog\/#logo\"}},{\"@type\":\"WebSite\",\"@id\":\"https:\/\/www.diagnostik-des-geistes.de\/blog\/#website\",\"url\":\"https:\/\/www.diagnostik-des-geistes.de\/blog\/\",\"name\":\"Diagnostik des Geistes\",\"description\":\"Blog \u00fcber psychische St\u00f6rungen\",\"publisher\":{\"@id\":\"https:\/\/www.diagnostik-des-geistes.de\/blog\/#organization\"},\"potentialAction\":[{\"@type\":\"SearchAction\",\"target\":{\"@type\":\"EntryPoint\",\"urlTemplate\":\"https:\/\/www.diagnostik-des-geistes.de\/blog\/?s={search_term_string}\"},\"query-input\":\"required name=search_term_string\"}],\"inLanguage\":\"de-DE\"},{\"@type\":\"ImageObject\",\"@id\":\"https:\/\/www.diagnostik-des-geistes.de\/blog\/autismus-spektrum-storung\/betreuung-einer-person-mit-autismus\/#primaryimage\",\"inLanguage\":\"de-DE\",\"url\":\"https:\/\/www.diagnostik-des-geistes.de\/blog\/wp-content\/uploads\/2022\/07\/1515.webp\",\"contentUrl\":\"https:\/\/www.diagnostik-des-geistes.de\/blog\/wp-content\/uploads\/2022\/07\/1515.webp\",\"width\":867,\"height\":391},{\"@type\":\"WebPage\",\"@id\":\"https:\/\/www.diagnostik-des-geistes.de\/blog\/autismus-spektrum-storung\/betreuung-einer-person-mit-autismus\/#webpage\",\"url\":\"https:\/\/www.diagnostik-des-geistes.de\/blog\/autismus-spektrum-storung\/betreuung-einer-person-mit-autismus\/\",\"name\":\"Betreuung einer Person mit Autismus - Diagnostik des Geistes\",\"isPartOf\":{\"@id\":\"https:\/\/www.diagnostik-des-geistes.de\/blog\/#website\"},\"primaryImageOfPage\":{\"@id\":\"https:\/\/www.diagnostik-des-geistes.de\/blog\/autismus-spektrum-storung\/betreuung-einer-person-mit-autismus\/#primaryimage\"},\"datePublished\":\"2022-08-03T06:00:02+00:00\",\"dateModified\":\"2022-07-20T15:15:40+00:00\",\"breadcrumb\":{\"@id\":\"https:\/\/www.diagnostik-des-geistes.de\/blog\/autismus-spektrum-storung\/betreuung-einer-person-mit-autismus\/#breadcrumb\"},\"inLanguage\":\"de-DE\",\"potentialAction\":[{\"@type\":\"ReadAction\",\"target\":[\"https:\/\/www.diagnostik-des-geistes.de\/blog\/autismus-spektrum-storung\/betreuung-einer-person-mit-autismus\/\"]}]},{\"@type\":\"BreadcrumbList\",\"@id\":\"https:\/\/www.diagnostik-des-geistes.de\/blog\/autismus-spektrum-storung\/betreuung-einer-person-mit-autismus\/#breadcrumb\",\"itemListElement\":[{\"@type\":\"ListItem\",\"position\":1,\"name\":\"Homepage\",\"item\":\"https:\/\/www.diagnostik-des-geistes.de\/blog\/\"},{\"@type\":\"ListItem\",\"position\":2,\"name\":\"Autismus\",\"item\":\"https:\/\/www.diagnostik-des-geistes.de\/blog\/autismus-spektrum-storung\/\"},{\"@type\":\"ListItem\",\"position\":3,\"name\":\"Betreuung einer Person mit Autismus\"}]},{\"@type\":\"Article\",\"@id\":\"https:\/\/www.diagnostik-des-geistes.de\/blog\/autismus-spektrum-storung\/betreuung-einer-person-mit-autismus\/#article\",\"isPartOf\":{\"@id\":\"https:\/\/www.diagnostik-des-geistes.de\/blog\/autismus-spektrum-storung\/betreuung-einer-person-mit-autismus\/#webpage\"},\"author\":{\"@id\":\"https:\/\/www.diagnostik-des-geistes.de\/blog\/#\/schema\/person\/8eb1bcaf59fea75c780c11946f4e3490\"},\"headline\":\"Betreuung einer Person mit Autismus\",\"datePublished\":\"2022-08-03T06:00:02+00:00\",\"dateModified\":\"2022-07-20T15:15:40+00:00\",\"mainEntityOfPage\":{\"@id\":\"https:\/\/www.diagnostik-des-geistes.de\/blog\/autismus-spektrum-storung\/betreuung-einer-person-mit-autismus\/#webpage\"},\"wordCount\":1149,\"publisher\":{\"@id\":\"https:\/\/www.diagnostik-des-geistes.de\/blog\/#organization\"},\"image\":{\"@id\":\"https:\/\/www.diagnostik-des-geistes.de\/blog\/autismus-spektrum-storung\/betreuung-einer-person-mit-autismus\/#primaryimage\"},\"thumbnailUrl\":\"https:\/\/www.diagnostik-des-geistes.de\/blog\/wp-content\/uploads\/2022\/07\/1515.webp\",\"articleSection\":[\"Autismus-Spektrum-St\u00f6rung\"],\"inLanguage\":\"de-DE\"},{\"@type\":\"Person\",\"@id\":\"https:\/\/www.diagnostik-des-geistes.de\/blog\/#\/schema\/person\/8eb1bcaf59fea75c780c11946f4e3490\",\"name\":\"Diagnostik Geistes\",\"image\":{\"@type\":\"ImageObject\",\"@id\":\"https:\/\/www.diagnostik-des-geistes.de\/blog\/#personlogo\",\"inLanguage\":\"de-DE\",\"url\":\"https:\/\/secure.gravatar.com\/avatar\/6743211f010801ea26aa9423a2daab37?s=96&d=mm&r=g\",\"contentUrl\":\"https:\/\/secure.gravatar.com\/avatar\/6743211f010801ea26aa9423a2daab37?s=96&d=mm&r=g\",\"caption\":\"Diagnostik Geistes\"},\"sameAs\":[\"https:\/\/www.diagnostik-des-geistes.de\/blog\"],\"url\":\"https:\/\/www.diagnostik-des-geistes.de\/blog\/author\/diagnostyka-umyslu\/\"}]}<\/script>\n<!-- \/ Yoast SEO plugin. -->","yoast_head_json":{"title":"Betreuung einer Person mit Autismus - Diagnostik des Geistes","robots":{"index":"index","follow":"follow","max-snippet":"max-snippet:-1","max-image-preview":"max-image-preview:large","max-video-preview":"max-video-preview:-1"},"canonical":"https:\/\/www.diagnostik-des-geistes.de\/blog\/autismus-spektrum-storung\/betreuung-einer-person-mit-autismus\/","og_locale":"de_DE","og_type":"article","og_title":"Betreuung einer Person mit Autismus - Diagnostik des Geistes","og_description":"Autismus ist eine lebenslange St\u00f6rung. Je nach Schweregrad kann eine autistische Person ein Leben lang Pflege ben\u00f6tigen. Wenn Sie gerade erfahren haben, dass Ihr Kind...","og_url":"https:\/\/www.diagnostik-des-geistes.de\/blog\/autismus-spektrum-storung\/betreuung-einer-person-mit-autismus\/","og_site_name":"Diagnostik des Geistes","article_published_time":"2022-08-03T06:00:02+00:00","article_modified_time":"2022-07-20T15:15:40+00:00","twitter_card":"summary_large_image","twitter_image":"https:\/\/www.diagnostik-des-geistes.de\/blog\/wp-content\/uploads\/2022\/07\/1515.webp","twitter_misc":{"Verfasst von":"Diagnostik Geistes","Gesch\u00e4tzte Lesezeit":"6 Minuten"},"schema":{"@context":"https:\/\/schema.org","@graph":[{"@type":"Organization","@id":"https:\/\/www.diagnostik-des-geistes.de\/blog\/#organization","name":"Diagnostik des Geistes","url":"https:\/\/www.diagnostik-des-geistes.de\/blog\/","sameAs":[],"logo":{"@type":"ImageObject","@id":"https:\/\/www.diagnostik-des-geistes.de\/blog\/#logo","inLanguage":"de-DE","url":"https:\/\/www.diagnostik-des-geistes.de\/blog\/wp-content\/uploads\/2022\/02\/Diagnostik-des-Geistes.png","contentUrl":"https:\/\/www.diagnostik-des-geistes.de\/blog\/wp-content\/uploads\/2022\/02\/Diagnostik-des-Geistes.png","width":282,"height":92,"caption":"Diagnostik des Geistes"},"image":{"@id":"https:\/\/www.diagnostik-des-geistes.de\/blog\/#logo"}},{"@type":"WebSite","@id":"https:\/\/www.diagnostik-des-geistes.de\/blog\/#website","url":"https:\/\/www.diagnostik-des-geistes.de\/blog\/","name":"Diagnostik des Geistes","description":"Blog \u00fcber psychische St\u00f6rungen","publisher":{"@id":"https:\/\/www.diagnostik-des-geistes.de\/blog\/#organization"},"potentialAction":[{"@type":"SearchAction","target":{"@type":"EntryPoint","urlTemplate":"https:\/\/www.diagnostik-des-geistes.de\/blog\/?s={search_term_string}"},"query-input":"required name=search_term_string"}],"inLanguage":"de-DE"},{"@type":"ImageObject","@id":"https:\/\/www.diagnostik-des-geistes.de\/blog\/autismus-spektrum-storung\/betreuung-einer-person-mit-autismus\/#primaryimage","inLanguage":"de-DE","url":"https:\/\/www.diagnostik-des-geistes.de\/blog\/wp-content\/uploads\/2022\/07\/1515.webp","contentUrl":"https:\/\/www.diagnostik-des-geistes.de\/blog\/wp-content\/uploads\/2022\/07\/1515.webp","width":867,"height":391},{"@type":"WebPage","@id":"https:\/\/www.diagnostik-des-geistes.de\/blog\/autismus-spektrum-storung\/betreuung-einer-person-mit-autismus\/#webpage","url":"https:\/\/www.diagnostik-des-geistes.de\/blog\/autismus-spektrum-storung\/betreuung-einer-person-mit-autismus\/","name":"Betreuung einer Person mit Autismus - Diagnostik des Geistes","isPartOf":{"@id":"https:\/\/www.diagnostik-des-geistes.de\/blog\/#website"},"primaryImageOfPage":{"@id":"https:\/\/www.diagnostik-des-geistes.de\/blog\/autismus-spektrum-storung\/betreuung-einer-person-mit-autismus\/#primaryimage"},"datePublished":"2022-08-03T06:00:02+00:00","dateModified":"2022-07-20T15:15:40+00:00","breadcrumb":{"@id":"https:\/\/www.diagnostik-des-geistes.de\/blog\/autismus-spektrum-storung\/betreuung-einer-person-mit-autismus\/#breadcrumb"},"inLanguage":"de-DE","potentialAction":[{"@type":"ReadAction","target":["https:\/\/www.diagnostik-des-geistes.de\/blog\/autismus-spektrum-storung\/betreuung-einer-person-mit-autismus\/"]}]},{"@type":"BreadcrumbList","@id":"https:\/\/www.diagnostik-des-geistes.de\/blog\/autismus-spektrum-storung\/betreuung-einer-person-mit-autismus\/#breadcrumb","itemListElement":[{"@type":"ListItem","position":1,"name":"Homepage","item":"https:\/\/www.diagnostik-des-geistes.de\/blog\/"},{"@type":"ListItem","position":2,"name":"Autismus","item":"https:\/\/www.diagnostik-des-geistes.de\/blog\/autismus-spektrum-storung\/"},{"@type":"ListItem","position":3,"name":"Betreuung einer Person mit Autismus"}]},{"@type":"Article","@id":"https:\/\/www.diagnostik-des-geistes.de\/blog\/autismus-spektrum-storung\/betreuung-einer-person-mit-autismus\/#article","isPartOf":{"@id":"https:\/\/www.diagnostik-des-geistes.de\/blog\/autismus-spektrum-storung\/betreuung-einer-person-mit-autismus\/#webpage"},"author":{"@id":"https:\/\/www.diagnostik-des-geistes.de\/blog\/#\/schema\/person\/8eb1bcaf59fea75c780c11946f4e3490"},"headline":"Betreuung einer Person mit Autismus","datePublished":"2022-08-03T06:00:02+00:00","dateModified":"2022-07-20T15:15:40+00:00","mainEntityOfPage":{"@id":"https:\/\/www.diagnostik-des-geistes.de\/blog\/autismus-spektrum-storung\/betreuung-einer-person-mit-autismus\/#webpage"},"wordCount":1149,"publisher":{"@id":"https:\/\/www.diagnostik-des-geistes.de\/blog\/#organization"},"image":{"@id":"https:\/\/www.diagnostik-des-geistes.de\/blog\/autismus-spektrum-storung\/betreuung-einer-person-mit-autismus\/#primaryimage"},"thumbnailUrl":"https:\/\/www.diagnostik-des-geistes.de\/blog\/wp-content\/uploads\/2022\/07\/1515.webp","articleSection":["Autismus-Spektrum-St\u00f6rung"],"inLanguage":"de-DE"},{"@type":"Person","@id":"https:\/\/www.diagnostik-des-geistes.de\/blog\/#\/schema\/person\/8eb1bcaf59fea75c780c11946f4e3490","name":"Diagnostik Geistes","image":{"@type":"ImageObject","@id":"https:\/\/www.diagnostik-des-geistes.de\/blog\/#personlogo","inLanguage":"de-DE","url":"https:\/\/secure.gravatar.com\/avatar\/6743211f010801ea26aa9423a2daab37?s=96&d=mm&r=g","contentUrl":"https:\/\/secure.gravatar.com\/avatar\/6743211f010801ea26aa9423a2daab37?s=96&d=mm&r=g","caption":"Diagnostik Geistes"},"sameAs":["https:\/\/www.diagnostik-des-geistes.de\/blog"],"url":"https:\/\/www.diagnostik-des-geistes.de\/blog\/author\/diagnostyka-umyslu\/"}]}},"amp_enabled":true,"_links":{"self":[{"href":"https:\/\/www.diagnostik-des-geistes.de\/blog\/wp-json\/wp\/v2\/posts\/1385"}],"collection":[{"href":"https:\/\/www.diagnostik-des-geistes.de\/blog\/wp-json\/wp\/v2\/posts"}],"about":[{"href":"https:\/\/www.diagnostik-des-geistes.de\/blog\/wp-json\/wp\/v2\/types\/post"}],"author":[{"embeddable":true,"href":"https:\/\/www.diagnostik-des-geistes.de\/blog\/wp-json\/wp\/v2\/users\/1"}],"replies":[{"embeddable":true,"href":"https:\/\/www.diagnostik-des-geistes.de\/blog\/wp-json\/wp\/v2\/comments?post=1385"}],"version-history":[{"count":1,"href":"https:\/\/www.diagnostik-des-geistes.de\/blog\/wp-json\/wp\/v2\/posts\/1385\/revisions"}],"predecessor-version":[{"id":1388,"href":"https:\/\/www.diagnostik-des-geistes.de\/blog\/wp-json\/wp\/v2\/posts\/1385\/revisions\/1388"}],"wp:featuredmedia":[{"embeddable":true,"href":"https:\/\/www.diagnostik-des-geistes.de\/blog\/wp-json\/wp\/v2\/media\/1386"}],"wp:attachment":[{"href":"https:\/\/www.diagnostik-des-geistes.de\/blog\/wp-json\/wp\/v2\/media?parent=1385"}],"wp:term":[{"taxonomy":"category","embeddable":true,"href":"https:\/\/www.diagnostik-des-geistes.de\/blog\/wp-json\/wp\/v2\/categories?post=1385"},{"taxonomy":"post_tag","embeddable":true,"href":"https:\/\/www.diagnostik-des-geistes.de\/blog\/wp-json\/wp\/v2\/tags?post=1385"}],"curies":[{"name":"wp","href":"https:\/\/api.w.org\/{rel}","templated":true}]}}