{"id":1381,"date":"2022-08-02T08:00:48","date_gmt":"2022-08-02T06:00:48","guid":{"rendered":"https:\/\/www.diagnostik-des-geistes.de\/blog\/?p=1381"},"modified":"2022-07-20T17:11:53","modified_gmt":"2022-07-20T15:11:53","slug":"was-ist-das-asperger-syndrom","status":"publish","type":"post","link":"https:\/\/www.diagnostik-des-geistes.de\/blog\/autismus-spektrum-storung\/was-ist-das-asperger-syndrom\/","title":{"rendered":"Was ist das Asperger-Syndrom?"},"content":{"rendered":"<p>Von 1994 bis 2013 existierte das Asperger-Syndrom, das gemeinhin als Asperger-Syndrom bezeichnet wird, als eigene Kategorie im Diagnostischen und Statistischen Handbuch Psychischer St\u00f6rungen (DSM) und wurde als eine von f\u00fcnf tiefgreifenden Entwicklungsst\u00f6rungen anerkannt. Im Jahr 2013 wurde das Asperger-Syndrom aufgrund von Unstimmigkeiten bei den Diagnosekriterien in die allgemeine Kategorie der <a href=\"https:\/\/www.diagnostik-des-geistes.de\/test-fur-autismus-spektrum-storungen\">Autismus-Spektrum-St\u00f6rungen<\/a> (ASD) eingegliedert.<\/p>\n<p>Da US-amerikanische \u00c4rzte nicht mehr offiziell die Diagnose Asperger-Syndrom stellen k\u00f6nnen, gilt jeder, der diese Diagnose vor diesem Jahr erhalten hat, nun als Person mit Autismus-Spektrum-St\u00f6rung.<\/p>\n<p>Obwohl kein Mensch dem anderen gleicht, besteht das Hauptproblem f\u00fcr Menschen mit dem Asperger-Syndrom in Schwierigkeiten bei der sozialen Interaktion. Dies kann sich in der Unf\u00e4higkeit \u00e4u\u00dfern, klar zu kommunizieren, die Emotionen anderer Menschen zu lesen und\/oder sich klar auszudr\u00fccken.<\/p>\n<p>Roseann Capanna-Hodge, LPC, Psychologin und Expertin f\u00fcr psychische Gesundheit von Kindern, erkl\u00e4rte gegen\u00fcber Verywell: &#8220;Das Asperger-Syndrom wird als &#8216;hochfunktionaler&#8217; Autismus bezeichnet, weil die Betroffenen [in der Regel] weniger schwere Symptome und keine Sprachverz\u00f6gerungen aufweisen.<\/p>\n<p>Im Allgemeinen verf\u00fcgen Menschen mit Asperger-Syndrom \u00fcber eine mindestens durchschnittliche Intelligenz, und viele sind in bestimmten Bereichen weit \u00fcberdurchschnittlich intelligent. Sie weisen jedoch dieselben grundlegenden Probleme auf wie Menschen mit Autismus&#8221;.<\/p>\n<p>Autismus ist das Ergebnis einer komplexen Kombination von genetischen und umweltbedingten Faktoren. Nach Angaben der Centers for Disease Control and Prevention (CDC) wird bei etwa 1 von 54 Kindern Autismus diagnostiziert. Sch\u00e4tzungen zufolge sind weltweit 37,2 Millionen Menschen vom Asperger-Syndrom betroffen.<\/p>\n<h4>Geschichte des Asperger-Syndroms<\/h4>\n<p>Das Asperger-Syndrom ist nach einem Wiener Kinderarzt, Hans Asperger, benannt. Mitte der 1940er Jahre bemerkte er bei einigen seiner Patienten ein wiederkehrendes Thema des sozialen Kampfes.<\/p>\n<p>Diese Patienten hatten oft Schwierigkeiten, neue Freunde zu finden, typische soziale Signale und Emotionen zu verstehen, und waren oft auf bestimmte Themen fixiert, was zu einseitigen Gespr\u00e4chen f\u00fchrte.<\/p>\n<p>Viele Jahre lang wurde das Asperger-Syndrom als eigenst\u00e4ndige St\u00f6rung betrachtet. sagte Capanna-Hodge: &#8220;Im Jahr 2013 wurde sie bei der Aktualisierung des Diagnostischen und Statistischen Handbuchs (DSM-5) in die umfassendere Kategorie der Autismus-Spektrum-St\u00f6rungen (ASD) eingeordnet und gilt nicht mehr als eigenst\u00e4ndige St\u00f6rung.&#8221;<\/p>\n<h4>Symptome des Asperger-Syndroms<\/h4>\n<p>Menschen mit Asperger-Syndrom zeigen ein breites Spektrum an Funktionen in den Bereichen Kognition, Soziales und Kommunikation. Diese Symptome variieren auch je nach Alter und Geschlecht.<\/p>\n<h4>Symptome bei Kleinkindern<\/h4>\n<p>Obwohl es weniger h\u00e4ufig vorkommt, vor allem weil es schwer zu erkennen ist, kann bei einigen Kindern das Asperger-Syndrom schon vor dem dritten Lebensjahr diagnostiziert werden. Einige h\u00e4ufige Symptome sind:<\/p>\n<ul>\n<li>Verlust der zuvor erworbenen Sprache<\/li>\n<li>Verz\u00f6gerungen beim Sprechen, Lallen oder sozialen Verhalten<\/li>\n<li>Verz\u00f6gerte Verarbeitung oder verz\u00f6gertes Lernen<\/li>\n<li>Begrenzter Augenkontakt<\/li>\n<li>Mangelnde Reaktion auf das Rufen ihres Namens<\/li>\n<li>Wenig oder keine Lust auf Interaktion<\/li>\n<li>Geringes Aktivit\u00e4tsniveau<\/li>\n<li>Mangelndes L\u00e4cheln und Engagement<\/li>\n<li>Fehlender Gesichtsausdruck<\/li>\n<li>Extreme Reizbarkeit<\/li>\n<li>Fixierung auf bestimmte Objekte<\/li>\n<\/ul>\n<h4>Symptome in jedem Alter<\/h4>\n<p>Zus\u00e4tzlich zu den oben genannten Symptomen k\u00f6nnen laut Cappana-Hodge bei \u00e4lteren Kindern und Erwachsenen auch die folgenden Anzeichen auftreten:<\/p>\n<ul>\n<li>Verz\u00f6gerte Sprachentwicklung<\/li>\n<li>Mangel an gegenseitiger Kommunikationsf\u00e4higkeit<\/li>\n<li>Schwierigkeiten bei der sensorischen Verarbeitung, einschlie\u00dflich Unter- oder \u00dcberreaktionen auf sensorische Reize (Ger\u00e4usche, Ger\u00fcche, Geschm\u00e4cker, Texturen, Licht und\/oder Farben)<\/li>\n<li>Vermeiden von Blickkontakt<\/li>\n<li>Schwierigkeiten mit K\u00f6rpersprache, Mimik und Gestik<\/li>\n<li>Vermeidendes Verhalten und allgemeiner Mangel an Engagement f\u00fcr andere<\/li>\n<li>Schwierigkeiten, die Gef\u00fchle anderer Menschen zu verstehen<\/li>\n<li>Probleme mit dem Zeitmanagement<\/li>\n<li>St\u00e4ndige Wiederholung von W\u00f6rtern oder S\u00e4tzen (Echolalie)<\/li>\n<li>Widerstand und Reaktion auf kleine Ver\u00e4nderungen der Routine oder der Umgebung<\/li>\n<li>Begrenzte Interessen<\/li>\n<li>Feste Zinsen<\/li>\n<li>Sich wiederholende Verhaltensweisen wie Sch\u00fctteln, Schaukeln und Drehen<\/li>\n<\/ul>\n<h4>Diagnose des Asperger-Syndroms<\/h4>\n<p>Die Diagnose einer Person mit Autismus-Spektrum-St\u00f6rung wird anhand sorgf\u00e4ltig definierter klinischer Anzeichen gestellt, die beobachtet (und gemeldet) werden.<\/p>\n<h4>Diagnostischer Beobachtungsbogen f\u00fcr Autismus (ADOS-2)<\/h4>\n<p>&#8220;Das Verfahren besteht im Wesentlichen aus klinischen Gespr\u00e4chen und Beobachtungen sowie Skalen zur Verhaltensbewertung. Manchmal gibt es Einzelbeurteilungen, bei denen die sozialen, kognitiven, verhaltensm\u00e4\u00dfigen und emotionalen Funktionen sowie das Lernen untersucht werden&#8221;, erkl\u00e4rt Cappana-Hodge. &#8220;Obwohl es technisch gesehen keinen [universellen] Bewertungsma\u00dfstab gibt, wird der Autism Diagnostic Observation Schedule (ADOS-2) oft als Goldstandard angesehen.<\/p>\n<blockquote><p>Laut Cappan-Hodge ist der ADOS-2 ein locker strukturiertes, standardisiertes Beurteilungsinstrument, das den Beurteiler bei spezifischen Themen der Kommunikation, der sozialen Interaktion und der eingeschr\u00e4nkten und sich wiederholenden Verhaltensweisen unterst\u00fctzt, die mit einer ASD-Diagnose verbunden sind.<\/p><\/blockquote>\n<h4>Unvollst\u00e4ndige Diagnose von Frauen mit Asperger-Syndrom<\/h4>\n<p>Urspr\u00fcnglich machte Hans Asperger diese kognitiven Beobachtungen bei Jungen, weshalb man davon ausging, dass haupts\u00e4chlich Jungen betroffen sind.<\/p>\n<p>Heute wissen wir, dass das Asperger-Syndrom sowohl bei Jungen als auch bei M\u00e4dchen auftritt und dass es sich nicht um eine &#8220;Einheitsst\u00f6rung&#8221; handelt.<\/p>\n<p>Nach Angaben des Asperger\/Autismus-Netzwerks (AANE) werden M\u00e4dchen und Frauen aufgrund dieser prim\u00e4ren und tief verwurzelten \u00dcberzeugung weniger h\u00e4ufig diagnostiziert. Wenn bei ihnen das Asperger-Syndrom diagnostiziert wird, geschieht dies oft viel sp\u00e4ter im Leben als bei Jungen &#8211; das gilt auch heute noch.<\/p>\n<p>Das liegt vor allem daran, dass sie entweder mit anderen St\u00f6rungen fehldiagnostiziert werden oder das Asperger-Syndrom von Fachleuten v\u00f6llig \u00fcbersehen wird, weil es sich nicht in der typischen Weise \u00e4u\u00dfert.<\/p>\n<p>Die AANE stellt auch fest, dass M\u00e4dchen mit Asperger-Syndrom einsame Situationen gegen\u00fcber sozialen Situationen bevorzugen, eine Abneigung gegen alles zeigen, was als typisch weiblich gilt, und sich bem\u00fchen, soziale \u00c4ngste durch Nachahmung anderer oder durch Fluchtphantasien zu \u00fcberspielen. Wie bei Jungen und M\u00e4nnern kann auch bei ihm eine intensive Fixierung auf bestimmte Themen wie Literatur, Tiere und Kunst bestehen.<\/p>\n<p>Es gibt auch rassische und ethnische Unterschiede im Zusammenhang mit der Diagnose. Insbesondere bei schwarzen Kindern ist die Wahrscheinlichkeit geringer, dass eine Diagnose gestellt wird, und wenn dies der Fall ist, ist es wahrscheinlicher, dass sie erst sp\u00e4ter im Leben erkannt wird.<\/p>\n<h4>Behandlung des Asperger-Syndroms<\/h4>\n<p>Technisch gesehen gibt es keine Medikamente zur Behandlung des Asperger-Syndroms. Vielen Menschen mit Asperger-Syndrom werden jedoch Medikamente verschrieben, um einige der h\u00e4ufigsten Symptome wie Konzentrationsschwierigkeiten, Angstzust\u00e4nde, Stimmungsschwankungen und zwanghaftes Verhalten zu behandeln.<\/p>\n<p>Auch wenn Medikamente helfen k\u00f6nnen, ist es f\u00fcr Menschen, bei denen das Asperger-Syndrom diagnostiziert wurde, \u00e4u\u00dferst hilfreich, an verschiedenen Therapien teilzunehmen.<\/p>\n<p style=\"padding-left: 40px;\">Verhaltenstherapie, Elterncoaching, Training sozialer F\u00e4higkeiten, Ergo-, Physio- und Sprachtherapie sowie evidenzbasierte integrative Therapien wie Ern\u00e4hrung und Neurofeedback haben sich als wirksame Behandlungen f\u00fcr Menschen mit Autismus erwiesen.<br \/>\n&#8211; ROSEANN CAPANNA-HODGE, LPC<\/p>\n<p>Capanna-Hodge f\u00fcgt hinzu, dass das Wichtigste, was Eltern tun k\u00f6nnen, wenn sie glauben, dass ihr Kind auf dem Autismus-Spektrum ist, eine fr\u00fchzeitige Intervention ist.<\/p>\n<p>Dar\u00fcber hinaus ist formale und kontinuierliche soziale Unterst\u00fctzung der Schl\u00fcssel sowohl f\u00fcr die unmittelbare soziale Entwicklung der Kinder als auch f\u00fcr ihre langfristige Integration in die Welt&#8221;, sagt sie. &#8220;Menschen mit Autismus haben eine bessere Lebensqualit\u00e4t, wenn sie in der Lage sind, Dinge, die sie sehr interessieren, in ihre Arbeit und ihr Leben einzubeziehen, denn das hilft ihnen, sich auf eine viel positivere und nat\u00fcrlichere Weise in die Welt zu integrieren.<\/p>\n<h4>Mehr lesen<\/h4>\n<ul>\n<li><em>verywellmind.com\/what-is-asperger-s-syndrome-5075606<\/em><\/li>\n<\/ul>\n","protected":false},"excerpt":{"rendered":"<p>Von 1994 bis 2013 existierte das Asperger-Syndrom, das gemeinhin als Asperger-Syndrom bezeichnet wird, als eigene Kategorie im Diagnostischen und Statistischen Handbuch Psychischer St\u00f6rungen (DSM) und&#8230;<\/p>\n","protected":false},"author":1,"featured_media":1382,"comment_status":"closed","ping_status":"open","sticky":false,"template":"","format":"standard","meta":{"inline_featured_image":false},"categories":[44],"tags":[206,203,205,208,207,204],"yoast_head":"<!-- This site is optimized with the Yoast SEO plugin v18.1 - https:\/\/yoast.com\/wordpress\/plugins\/seo\/ -->\n<title>Was ist das Asperger-Syndrom? - Diagnostik des Geistes<\/title>\n<meta name=\"robots\" content=\"index, follow, max-snippet:-1, max-image-preview:large, max-video-preview:-1\" \/>\n<link rel=\"canonical\" href=\"https:\/\/www.diagnostik-des-geistes.de\/blog\/autismus-spektrum-storung\/was-ist-das-asperger-syndrom\/\" \/>\n<meta property=\"og:locale\" content=\"de_DE\" \/>\n<meta property=\"og:type\" content=\"article\" \/>\n<meta property=\"og:title\" content=\"Was ist das Asperger-Syndrom? - Diagnostik des Geistes\" \/>\n<meta property=\"og:description\" content=\"Von 1994 bis 2013 existierte das Asperger-Syndrom, das gemeinhin als Asperger-Syndrom bezeichnet wird, als eigene Kategorie im Diagnostischen und Statistischen Handbuch Psychischer St\u00f6rungen (DSM) und...\" \/>\n<meta property=\"og:url\" content=\"https:\/\/www.diagnostik-des-geistes.de\/blog\/autismus-spektrum-storung\/was-ist-das-asperger-syndrom\/\" \/>\n<meta property=\"og:site_name\" content=\"Diagnostik des Geistes\" \/>\n<meta property=\"article:published_time\" content=\"2022-08-02T06:00:48+00:00\" \/>\n<meta property=\"article:modified_time\" content=\"2022-07-20T15:11:53+00:00\" \/>\n<meta name=\"twitter:card\" content=\"summary_large_image\" \/>\n<meta name=\"twitter:image\" content=\"https:\/\/www.diagnostik-des-geistes.de\/blog\/wp-content\/uploads\/2022\/07\/1414.webp\" \/>\n<meta name=\"twitter:label1\" content=\"Verfasst von\" \/>\n\t<meta name=\"twitter:data1\" content=\"Diagnostik Geistes\" \/>\n\t<meta name=\"twitter:label2\" content=\"Gesch\u00e4tzte Lesezeit\" \/>\n\t<meta name=\"twitter:data2\" content=\"6 Minuten\" \/>\n<script type=\"application\/ld+json\" class=\"yoast-schema-graph\">{\"@context\":\"https:\/\/schema.org\",\"@graph\":[{\"@type\":\"Organization\",\"@id\":\"https:\/\/www.diagnostik-des-geistes.de\/blog\/#organization\",\"name\":\"Diagnostik des Geistes\",\"url\":\"https:\/\/www.diagnostik-des-geistes.de\/blog\/\",\"sameAs\":[],\"logo\":{\"@type\":\"ImageObject\",\"@id\":\"https:\/\/www.diagnostik-des-geistes.de\/blog\/#logo\",\"inLanguage\":\"de-DE\",\"url\":\"https:\/\/www.diagnostik-des-geistes.de\/blog\/wp-content\/uploads\/2022\/02\/Diagnostik-des-Geistes.png\",\"contentUrl\":\"https:\/\/www.diagnostik-des-geistes.de\/blog\/wp-content\/uploads\/2022\/02\/Diagnostik-des-Geistes.png\",\"width\":282,\"height\":92,\"caption\":\"Diagnostik des Geistes\"},\"image\":{\"@id\":\"https:\/\/www.diagnostik-des-geistes.de\/blog\/#logo\"}},{\"@type\":\"WebSite\",\"@id\":\"https:\/\/www.diagnostik-des-geistes.de\/blog\/#website\",\"url\":\"https:\/\/www.diagnostik-des-geistes.de\/blog\/\",\"name\":\"Diagnostik des Geistes\",\"description\":\"Blog \u00fcber psychische St\u00f6rungen\",\"publisher\":{\"@id\":\"https:\/\/www.diagnostik-des-geistes.de\/blog\/#organization\"},\"potentialAction\":[{\"@type\":\"SearchAction\",\"target\":{\"@type\":\"EntryPoint\",\"urlTemplate\":\"https:\/\/www.diagnostik-des-geistes.de\/blog\/?s={search_term_string}\"},\"query-input\":\"required name=search_term_string\"}],\"inLanguage\":\"de-DE\"},{\"@type\":\"ImageObject\",\"@id\":\"https:\/\/www.diagnostik-des-geistes.de\/blog\/autismus-spektrum-storung\/was-ist-das-asperger-syndrom\/#primaryimage\",\"inLanguage\":\"de-DE\",\"url\":\"https:\/\/www.diagnostik-des-geistes.de\/blog\/wp-content\/uploads\/2022\/07\/1414.webp\",\"contentUrl\":\"https:\/\/www.diagnostik-des-geistes.de\/blog\/wp-content\/uploads\/2022\/07\/1414.webp\",\"width\":868,\"height\":314},{\"@type\":\"WebPage\",\"@id\":\"https:\/\/www.diagnostik-des-geistes.de\/blog\/autismus-spektrum-storung\/was-ist-das-asperger-syndrom\/#webpage\",\"url\":\"https:\/\/www.diagnostik-des-geistes.de\/blog\/autismus-spektrum-storung\/was-ist-das-asperger-syndrom\/\",\"name\":\"Was ist das Asperger-Syndrom? - Diagnostik des Geistes\",\"isPartOf\":{\"@id\":\"https:\/\/www.diagnostik-des-geistes.de\/blog\/#website\"},\"primaryImageOfPage\":{\"@id\":\"https:\/\/www.diagnostik-des-geistes.de\/blog\/autismus-spektrum-storung\/was-ist-das-asperger-syndrom\/#primaryimage\"},\"datePublished\":\"2022-08-02T06:00:48+00:00\",\"dateModified\":\"2022-07-20T15:11:53+00:00\",\"breadcrumb\":{\"@id\":\"https:\/\/www.diagnostik-des-geistes.de\/blog\/autismus-spektrum-storung\/was-ist-das-asperger-syndrom\/#breadcrumb\"},\"inLanguage\":\"de-DE\",\"potentialAction\":[{\"@type\":\"ReadAction\",\"target\":[\"https:\/\/www.diagnostik-des-geistes.de\/blog\/autismus-spektrum-storung\/was-ist-das-asperger-syndrom\/\"]}]},{\"@type\":\"BreadcrumbList\",\"@id\":\"https:\/\/www.diagnostik-des-geistes.de\/blog\/autismus-spektrum-storung\/was-ist-das-asperger-syndrom\/#breadcrumb\",\"itemListElement\":[{\"@type\":\"ListItem\",\"position\":1,\"name\":\"Homepage\",\"item\":\"https:\/\/www.diagnostik-des-geistes.de\/blog\/\"},{\"@type\":\"ListItem\",\"position\":2,\"name\":\"Autismus\",\"item\":\"https:\/\/www.diagnostik-des-geistes.de\/blog\/autismus-spektrum-storung\/\"},{\"@type\":\"ListItem\",\"position\":3,\"name\":\"Was ist das Asperger-Syndrom?\"}]},{\"@type\":\"Article\",\"@id\":\"https:\/\/www.diagnostik-des-geistes.de\/blog\/autismus-spektrum-storung\/was-ist-das-asperger-syndrom\/#article\",\"isPartOf\":{\"@id\":\"https:\/\/www.diagnostik-des-geistes.de\/blog\/autismus-spektrum-storung\/was-ist-das-asperger-syndrom\/#webpage\"},\"author\":{\"@id\":\"https:\/\/www.diagnostik-des-geistes.de\/blog\/#\/schema\/person\/8eb1bcaf59fea75c780c11946f4e3490\"},\"headline\":\"Was ist das Asperger-Syndrom?\",\"datePublished\":\"2022-08-02T06:00:48+00:00\",\"dateModified\":\"2022-07-20T15:11:53+00:00\",\"mainEntityOfPage\":{\"@id\":\"https:\/\/www.diagnostik-des-geistes.de\/blog\/autismus-spektrum-storung\/was-ist-das-asperger-syndrom\/#webpage\"},\"wordCount\":1148,\"publisher\":{\"@id\":\"https:\/\/www.diagnostik-des-geistes.de\/blog\/#organization\"},\"image\":{\"@id\":\"https:\/\/www.diagnostik-des-geistes.de\/blog\/autismus-spektrum-storung\/was-ist-das-asperger-syndrom\/#primaryimage\"},\"thumbnailUrl\":\"https:\/\/www.diagnostik-des-geistes.de\/blog\/wp-content\/uploads\/2022\/07\/1414.webp\",\"keywords\":[\"Behandlung des Asperger-Syndroms\",\"Diagnose Asperger-Syndrom\",\"Geschichte des Asperger-Syndroms\",\"Symptome des Asperger-Syndroms\",\"Unvollst\u00e4ndige Diagnose von Frauen mit Asperger-Syndrom\",\"Zeitplan f\u00fcr die diagnostische Beobachtung von Autismus\"],\"articleSection\":[\"Autismus-Spektrum-St\u00f6rung\"],\"inLanguage\":\"de-DE\"},{\"@type\":\"Person\",\"@id\":\"https:\/\/www.diagnostik-des-geistes.de\/blog\/#\/schema\/person\/8eb1bcaf59fea75c780c11946f4e3490\",\"name\":\"Diagnostik Geistes\",\"image\":{\"@type\":\"ImageObject\",\"@id\":\"https:\/\/www.diagnostik-des-geistes.de\/blog\/#personlogo\",\"inLanguage\":\"de-DE\",\"url\":\"https:\/\/secure.gravatar.com\/avatar\/6743211f010801ea26aa9423a2daab37?s=96&d=mm&r=g\",\"contentUrl\":\"https:\/\/secure.gravatar.com\/avatar\/6743211f010801ea26aa9423a2daab37?s=96&d=mm&r=g\",\"caption\":\"Diagnostik Geistes\"},\"sameAs\":[\"https:\/\/www.diagnostik-des-geistes.de\/blog\"],\"url\":\"https:\/\/www.diagnostik-des-geistes.de\/blog\/author\/diagnostyka-umyslu\/\"}]}<\/script>\n<!-- \/ Yoast SEO plugin. -->","yoast_head_json":{"title":"Was ist das Asperger-Syndrom? - Diagnostik des Geistes","robots":{"index":"index","follow":"follow","max-snippet":"max-snippet:-1","max-image-preview":"max-image-preview:large","max-video-preview":"max-video-preview:-1"},"canonical":"https:\/\/www.diagnostik-des-geistes.de\/blog\/autismus-spektrum-storung\/was-ist-das-asperger-syndrom\/","og_locale":"de_DE","og_type":"article","og_title":"Was ist das Asperger-Syndrom? - Diagnostik des Geistes","og_description":"Von 1994 bis 2013 existierte das Asperger-Syndrom, das gemeinhin als Asperger-Syndrom bezeichnet wird, als eigene Kategorie im Diagnostischen und Statistischen Handbuch Psychischer St\u00f6rungen (DSM) und...","og_url":"https:\/\/www.diagnostik-des-geistes.de\/blog\/autismus-spektrum-storung\/was-ist-das-asperger-syndrom\/","og_site_name":"Diagnostik des Geistes","article_published_time":"2022-08-02T06:00:48+00:00","article_modified_time":"2022-07-20T15:11:53+00:00","twitter_card":"summary_large_image","twitter_image":"https:\/\/www.diagnostik-des-geistes.de\/blog\/wp-content\/uploads\/2022\/07\/1414.webp","twitter_misc":{"Verfasst von":"Diagnostik Geistes","Gesch\u00e4tzte Lesezeit":"6 Minuten"},"schema":{"@context":"https:\/\/schema.org","@graph":[{"@type":"Organization","@id":"https:\/\/www.diagnostik-des-geistes.de\/blog\/#organization","name":"Diagnostik des Geistes","url":"https:\/\/www.diagnostik-des-geistes.de\/blog\/","sameAs":[],"logo":{"@type":"ImageObject","@id":"https:\/\/www.diagnostik-des-geistes.de\/blog\/#logo","inLanguage":"de-DE","url":"https:\/\/www.diagnostik-des-geistes.de\/blog\/wp-content\/uploads\/2022\/02\/Diagnostik-des-Geistes.png","contentUrl":"https:\/\/www.diagnostik-des-geistes.de\/blog\/wp-content\/uploads\/2022\/02\/Diagnostik-des-Geistes.png","width":282,"height":92,"caption":"Diagnostik des Geistes"},"image":{"@id":"https:\/\/www.diagnostik-des-geistes.de\/blog\/#logo"}},{"@type":"WebSite","@id":"https:\/\/www.diagnostik-des-geistes.de\/blog\/#website","url":"https:\/\/www.diagnostik-des-geistes.de\/blog\/","name":"Diagnostik des Geistes","description":"Blog \u00fcber psychische St\u00f6rungen","publisher":{"@id":"https:\/\/www.diagnostik-des-geistes.de\/blog\/#organization"},"potentialAction":[{"@type":"SearchAction","target":{"@type":"EntryPoint","urlTemplate":"https:\/\/www.diagnostik-des-geistes.de\/blog\/?s={search_term_string}"},"query-input":"required name=search_term_string"}],"inLanguage":"de-DE"},{"@type":"ImageObject","@id":"https:\/\/www.diagnostik-des-geistes.de\/blog\/autismus-spektrum-storung\/was-ist-das-asperger-syndrom\/#primaryimage","inLanguage":"de-DE","url":"https:\/\/www.diagnostik-des-geistes.de\/blog\/wp-content\/uploads\/2022\/07\/1414.webp","contentUrl":"https:\/\/www.diagnostik-des-geistes.de\/blog\/wp-content\/uploads\/2022\/07\/1414.webp","width":868,"height":314},{"@type":"WebPage","@id":"https:\/\/www.diagnostik-des-geistes.de\/blog\/autismus-spektrum-storung\/was-ist-das-asperger-syndrom\/#webpage","url":"https:\/\/www.diagnostik-des-geistes.de\/blog\/autismus-spektrum-storung\/was-ist-das-asperger-syndrom\/","name":"Was ist das Asperger-Syndrom? - Diagnostik des Geistes","isPartOf":{"@id":"https:\/\/www.diagnostik-des-geistes.de\/blog\/#website"},"primaryImageOfPage":{"@id":"https:\/\/www.diagnostik-des-geistes.de\/blog\/autismus-spektrum-storung\/was-ist-das-asperger-syndrom\/#primaryimage"},"datePublished":"2022-08-02T06:00:48+00:00","dateModified":"2022-07-20T15:11:53+00:00","breadcrumb":{"@id":"https:\/\/www.diagnostik-des-geistes.de\/blog\/autismus-spektrum-storung\/was-ist-das-asperger-syndrom\/#breadcrumb"},"inLanguage":"de-DE","potentialAction":[{"@type":"ReadAction","target":["https:\/\/www.diagnostik-des-geistes.de\/blog\/autismus-spektrum-storung\/was-ist-das-asperger-syndrom\/"]}]},{"@type":"BreadcrumbList","@id":"https:\/\/www.diagnostik-des-geistes.de\/blog\/autismus-spektrum-storung\/was-ist-das-asperger-syndrom\/#breadcrumb","itemListElement":[{"@type":"ListItem","position":1,"name":"Homepage","item":"https:\/\/www.diagnostik-des-geistes.de\/blog\/"},{"@type":"ListItem","position":2,"name":"Autismus","item":"https:\/\/www.diagnostik-des-geistes.de\/blog\/autismus-spektrum-storung\/"},{"@type":"ListItem","position":3,"name":"Was ist das Asperger-Syndrom?"}]},{"@type":"Article","@id":"https:\/\/www.diagnostik-des-geistes.de\/blog\/autismus-spektrum-storung\/was-ist-das-asperger-syndrom\/#article","isPartOf":{"@id":"https:\/\/www.diagnostik-des-geistes.de\/blog\/autismus-spektrum-storung\/was-ist-das-asperger-syndrom\/#webpage"},"author":{"@id":"https:\/\/www.diagnostik-des-geistes.de\/blog\/#\/schema\/person\/8eb1bcaf59fea75c780c11946f4e3490"},"headline":"Was ist das Asperger-Syndrom?","datePublished":"2022-08-02T06:00:48+00:00","dateModified":"2022-07-20T15:11:53+00:00","mainEntityOfPage":{"@id":"https:\/\/www.diagnostik-des-geistes.de\/blog\/autismus-spektrum-storung\/was-ist-das-asperger-syndrom\/#webpage"},"wordCount":1148,"publisher":{"@id":"https:\/\/www.diagnostik-des-geistes.de\/blog\/#organization"},"image":{"@id":"https:\/\/www.diagnostik-des-geistes.de\/blog\/autismus-spektrum-storung\/was-ist-das-asperger-syndrom\/#primaryimage"},"thumbnailUrl":"https:\/\/www.diagnostik-des-geistes.de\/blog\/wp-content\/uploads\/2022\/07\/1414.webp","keywords":["Behandlung des Asperger-Syndroms","Diagnose Asperger-Syndrom","Geschichte des Asperger-Syndroms","Symptome des Asperger-Syndroms","Unvollst\u00e4ndige Diagnose von Frauen mit Asperger-Syndrom","Zeitplan f\u00fcr die diagnostische Beobachtung von Autismus"],"articleSection":["Autismus-Spektrum-St\u00f6rung"],"inLanguage":"de-DE"},{"@type":"Person","@id":"https:\/\/www.diagnostik-des-geistes.de\/blog\/#\/schema\/person\/8eb1bcaf59fea75c780c11946f4e3490","name":"Diagnostik Geistes","image":{"@type":"ImageObject","@id":"https:\/\/www.diagnostik-des-geistes.de\/blog\/#personlogo","inLanguage":"de-DE","url":"https:\/\/secure.gravatar.com\/avatar\/6743211f010801ea26aa9423a2daab37?s=96&d=mm&r=g","contentUrl":"https:\/\/secure.gravatar.com\/avatar\/6743211f010801ea26aa9423a2daab37?s=96&d=mm&r=g","caption":"Diagnostik Geistes"},"sameAs":["https:\/\/www.diagnostik-des-geistes.de\/blog"],"url":"https:\/\/www.diagnostik-des-geistes.de\/blog\/author\/diagnostyka-umyslu\/"}]}},"amp_enabled":true,"_links":{"self":[{"href":"https:\/\/www.diagnostik-des-geistes.de\/blog\/wp-json\/wp\/v2\/posts\/1381"}],"collection":[{"href":"https:\/\/www.diagnostik-des-geistes.de\/blog\/wp-json\/wp\/v2\/posts"}],"about":[{"href":"https:\/\/www.diagnostik-des-geistes.de\/blog\/wp-json\/wp\/v2\/types\/post"}],"author":[{"embeddable":true,"href":"https:\/\/www.diagnostik-des-geistes.de\/blog\/wp-json\/wp\/v2\/users\/1"}],"replies":[{"embeddable":true,"href":"https:\/\/www.diagnostik-des-geistes.de\/blog\/wp-json\/wp\/v2\/comments?post=1381"}],"version-history":[{"count":1,"href":"https:\/\/www.diagnostik-des-geistes.de\/blog\/wp-json\/wp\/v2\/posts\/1381\/revisions"}],"predecessor-version":[{"id":1384,"href":"https:\/\/www.diagnostik-des-geistes.de\/blog\/wp-json\/wp\/v2\/posts\/1381\/revisions\/1384"}],"wp:featuredmedia":[{"embeddable":true,"href":"https:\/\/www.diagnostik-des-geistes.de\/blog\/wp-json\/wp\/v2\/media\/1382"}],"wp:attachment":[{"href":"https:\/\/www.diagnostik-des-geistes.de\/blog\/wp-json\/wp\/v2\/media?parent=1381"}],"wp:term":[{"taxonomy":"category","embeddable":true,"href":"https:\/\/www.diagnostik-des-geistes.de\/blog\/wp-json\/wp\/v2\/categories?post=1381"},{"taxonomy":"post_tag","embeddable":true,"href":"https:\/\/www.diagnostik-des-geistes.de\/blog\/wp-json\/wp\/v2\/tags?post=1381"}],"curies":[{"name":"wp","href":"https:\/\/api.w.org\/{rel}","templated":true}]}}