{"id":1265,"date":"2022-06-03T17:56:34","date_gmt":"2022-06-03T15:56:34","guid":{"rendered":"https:\/\/www.diagnostik-des-geistes.de\/blog\/?p=1265"},"modified":"2022-07-09T20:30:18","modified_gmt":"2022-07-09T18:30:18","slug":"adhs-und-schlafstoerungen-werden-kinder-falsch-diagnostiziert","status":"publish","type":"post","link":"https:\/\/www.diagnostik-des-geistes.de\/blog\/adhs-adhd\/adhs-und-schlafstoerungen-werden-kinder-falsch-diagnostiziert\/","title":{"rendered":"ADHS und Schlafst\u00f6rungen: Werden Kinder falsch diagnostiziert?"},"content":{"rendered":"<p>Probleme mit der Konzentration der Aufmerksamkeit. Vergesslichkeit. Schlechte Impulskontrolle. Diese Verhaltensweisen werden gemeinhin mit ADHS in Verbindung gebracht, k\u00f6nnen aber auch Anzeichen f\u00fcr Schlafmangel sein. Und da viele Kinder mit ADHS auch Schlafprobleme haben, k\u00f6nnen diese beiden Probleme manchmal schwer zu unterscheiden sein.<\/p>\n<p>Eltern fragen manchmal, ob ihr Kind f\u00e4lschlicherweise mit <a href=\"https:\/\/www.diagnostik-des-geistes.de\/adhs-test\">ADHS diagnostiziert<\/a> wurde, obwohl die Ursache der Symptome Schlafmangel sein k\u00f6nnte. Wir h\u00f6ren auch Anekdoten von Eltern, deren ADHS-Symptome sich verringerten oder verschwanden, nachdem ihre Schlafprobleme behoben waren. Bedeutet das, dass diese Kinder nicht von Anfang an ADHS hatten?<\/p>\n<p>Schlafst\u00f6rungen sind bei Kindern selten, stellt David Anderson, PhD, klinischer Psychologe am Child Mind Institute, fest. Es ist daher unwahrscheinlich, dass viele Kinder Schlafst\u00f6rungen haben, die mit ADHS verwechselt werden, oder sowohl ADHS als auch Schlafst\u00f6rungen haben. Allerdings kann unzureichender Schlaf (auch wenn Ihr Kind nicht unter eine Schlafst\u00f6rung f\u00e4llt) ADHS-Symptome verursachen oder verschlimmern. Daher kann die Behebung von Schlafproblemen zur Linderung der Symptome beitragen.<\/p>\n<p>Ein Arzt, der eine gr\u00fcndliche Untersuchung durchf\u00fchrt, sollte immer alternative Erkl\u00e4rungen f\u00fcr ADHS-Symptome in Betracht ziehen, bevor er die Diagnose ADHS stellt, sagt Dr. Anderson. &#8220;Als Teil einer guten Beurteilung f\u00fcr ADHS&#8221;, sagt er, &#8220;wollen wir eine Reihe anderer Probleme ausschlie\u00dfen, die sich als ADHS-Symptome tarnen k\u00f6nnen.&#8221;<\/p>\n<p>Neben Schlafproblemen k\u00f6nnen auch Depressionen, Traumata und Angstzust\u00e4nde \u00e4hnliche Symptome hervorrufen, die nicht zuf\u00e4llig dazu f\u00fchren, dass ein Kind nicht schlafen kann. Der Schl\u00fcssel zur Identifizierung der Ursache liegt in der Betrachtung von Symptomen wie Hyperaktivit\u00e4t, Ablenkung und Unaufmerksamkeit im Zusammenhang mit allen Symptomen des Kindes.<\/p>\n<h4>Anzeichen einer Schlafst\u00f6rung<\/h4>\n<p>Schlafmangel kann die Folge von Angstzust\u00e4nden, einschlie\u00dflich Nachtangst, oder von Erkrankungen wie Schlafapnoe oder Asthma sein, die die Atmung beeintr\u00e4chtigen und einen ruhigen Schlaf erschweren. Obwohl Schlafst\u00f6rungen nur bei einem kleinen Prozentsatz der Kinder diagnostiziert werden, ist der Ausschluss schwerwiegenderer Erkrankungen ein wichtiger Bestandteil der psychiatrischen Erstuntersuchung, so Dr. Anderson. Die folgenden Punkte sind zu beachten<\/p>\n<ul>\n<li>Probleme beim Einschlafen<\/li>\n<li>Probleme bei der Aufrechterhaltung des Schlafs<\/li>\n<li>Schwierigkeiten beim Aufwachen am Morgen<\/li>\n<li>Schreiend oder in Panik aufwachen<\/li>\n<li>Aufwachen mit Husten<\/li>\n<li>Schwere Atmung oder Atempausen im Schlaf<\/li>\n<li>Seltsame Ger\u00e4usche im Schlaf<\/li>\n<li>Reizbarkeit<\/li>\n<li>Einschlafen im Unterricht<\/li>\n<li>Ablenkung und Konzentrationsschwierigkeiten<\/li>\n<\/ul>\n<p>Es gibt zwar Richtlinien daf\u00fcr, wie viel Schlaf Kinder aller Altersgruppen bekommen sollten, aber der Schlafbedarf ist bei jedem Kind anders, so dass weniger Schlaf als \u00fcblich kein unmittelbares Zeichen daf\u00fcr ist, dass etwas nicht stimmt. Wenn das Kind jedoch weniger Schlaf bekommt als der Durchschnitt in diesem Alter, sollte dies Anlass zu weiteren Untersuchungen sein. Und Schlafmangel kann sich auf das Verhalten eines Kindes auswirken, auch wenn er nicht das Ausma\u00df einer ausgewachsenen St\u00f6rung erreicht.<\/p>\n<h4>Anzeichen von ADHS<\/h4>\n<p>Man sch\u00e4tzt, dass 6-10 % der Bev\u00f6lkerung an ADHS leiden, und die Krankheit tritt in der Regel in der fr\u00fchen Kindheit auf. Folgende Symptome sollten beachtet werden<\/p>\n<ul>\n<li>Schwierigkeiten, sich auf Aktivit\u00e4ten zu konzentrieren, die vielleicht langweilig oder wenig lohnend sind<\/li>\n<li>Schwierigkeiten beim Zuh\u00f6ren und Befolgen von Anweisungen<\/li>\n<li>Schwierigkeiten beim Sitzenbleiben, Zappeln<\/li>\n<li>\u00dcbersch\u00fcssige Energie<\/li>\n<li>Neigung zu unterbrechen, Dinge wegzuwerfen<\/li>\n<li>Leichte Ablenkbarkeit<\/li>\n<li>Schwierigkeiten bei der Organisation<\/li>\n<li>Vergesslichkeit, Neigung, Dinge zu verlieren<\/li>\n<li>Ungeduld<\/li>\n<\/ul>\n<p>Dr. Anderson erkl\u00e4rt, dass zwar alle Kinder einige dieser Verhaltensweisen zeigen, aber bei der Beurteilung, ob ein Kind ADHS hat, &#8220;versuchen wir festzustellen, ob die Schwere dieser Verhaltensweisen gr\u00f6\u00dfer ist als bei anderen Kindern in dieser Altersgruppe und ob sie das Funktionieren des Kindes in vielen Situationen beeintr\u00e4chtigen. Diese Kriterien sagen uns, dass ADHS vorliegen k\u00f6nnte&#8221;.<\/p>\n<h4>Was ist, wenn ein Kind beide St\u00f6rungen hat?<\/h4>\n<p>Schlaf und ADHS k\u00f6nnen ein bisschen wie das Huhn und das Ei sein. &#8220;Kinder mit ADHS haben in der Regel ein viel h\u00f6heres Energieniveau als andere Kinder&#8221;. &#8211; Dr. Anderson erkl\u00e4rt. &#8220;Dies kann dazu f\u00fchren, dass man Schwierigkeiten hat, zur Ruhe zu kommen und tats\u00e4chlich einzuschlafen, was zu weniger Schlaf in der Nacht f\u00fchren kann.<\/p>\n<p>Es ist auch der Fall, dass ADHS-Medikamente bei einigen Kindern zu Schlaflosigkeit f\u00fchren k\u00f6nnen, wenn sie noch aktiv sind, wenn sie versuchen zu schlafen. Es ist also auch m\u00f6glich, dass Schlafmangel &#8211; ohne eine diagnostizierte Schlafst\u00f6rung &#8211; die ADHS-Symptome eines Kindes verschlimmern kann.<\/p>\n<p>Und eine kleine Zahl von Kindern &#8211; Schlafst\u00f6rungen bei Kindern sind recht selten &#8211; hat m\u00f6glicherweise sowohl ADHS als auch ein nicht diagnostiziertes Schlafproblem. Sie werden nicht unbedingt mit ADHS fehldiagnostiziert, aber die Behandlung von Schlafst\u00f6rungen kann ihre Symptome verringern.<\/p>\n<h4>Was ist zu tun?<\/h4>\n<p>Wenn ein Kind, das aufputschende Medikamente einnimmt, Probleme beim Einschlafen hat, sollte ein Arzt konsultiert werden, der die Dosis reduzieren oder den Zeitpunkt der Medikamenteneinnahme anpassen kann, so dass das Medikament nicht zur Schlafenszeit wirkt.<\/p>\n<p>Wenn Schlafmangel ohne offensichtliche medizinische Probleme die Ursache f\u00fcr die Probleme Ihres Kindes zu sein scheint, kann der n\u00e4chste Schritt darin bestehen, einen Schlafspezialisten, Psychologen oder Kinderarzt aufzusuchen. Dr. Anderson erkl\u00e4rt, dass sie dabei helfen k\u00f6nnen, &#8220;gemeinsam mit den Eltern einen Managementplan zu erstellen, der dem Kind hilft, die richtige Menge an Schlaf zu bekommen&#8221;. Dazu k\u00f6nnen die Einf\u00fchrung einer konsequenteren Routine vor dem Schlafengehen, die Begrenzung der Bildschirmzeit vor dem Schlafengehen oder andere Verhaltensstrategien zur Verbesserung der Schlafhygiene geh\u00f6ren.<\/p>\n<p>Wenn der Verdacht auf Schlafapnoe oder ein anderes medizinisches Problem besteht, ist der n\u00e4chste geeignete Schritt die Konsultation Ihres Arztes, der eine Schlafstudie oder andere Tests durchf\u00fchrt, um festzustellen, ob ein medizinischer Eingriff erforderlich ist.<\/p>\n<p>Wenn die M\u00f6glichkeit ernsthafter Schlafprobleme besteht, betont Dr. Anderson, dass ein vorsichtiger Arzt bei der Diagnose von ADHS vorsichtig sein sollte. Wenn eine erfolgreiche Behandlung der Schlafst\u00f6rungen zu einer Verringerung der ADHS-Symptome f\u00fchrt, kann es angebracht sein, die Diagnose ADHS zu \u00fcberpr\u00fcfen.<\/p>\n<p>Dr. Anderson weist darauf hin, dass nur wenige Kinder so starke Schlafprobleme haben, dass sie f\u00e4lschlicherweise als ADHS diagnostiziert werden. Nichtsdestotrotz sollten sie bei der Beurteilung von ADHS-Symptomen auf jeden Fall in Betracht gezogen werden&#8221;, sagt er.<\/p>\n<p><span style=\"text-decoration: underline;\">Mehr lesen<\/span><\/p>\n<ul>\n<li>childmind.org\/article\/adhd-sleep-disorders-misdiagnosed\/<\/li>\n<\/ul>\n","protected":false},"excerpt":{"rendered":"<p>Probleme mit der Konzentration der Aufmerksamkeit. Vergesslichkeit. Schlechte Impulskontrolle. Diese Verhaltensweisen werden gemeinhin mit ADHS in Verbindung gebracht, k\u00f6nnen aber auch Anzeichen f\u00fcr Schlafmangel sein&#8230;.<\/p>\n","protected":false},"author":1,"featured_media":1282,"comment_status":"closed","ping_status":"open","sticky":false,"template":"","format":"standard","meta":{"inline_featured_image":false},"categories":[37],"tags":[133,134],"yoast_head":"<!-- This site is optimized with the Yoast SEO plugin v18.1 - https:\/\/yoast.com\/wordpress\/plugins\/seo\/ -->\n<title>ADHS und Schlafst\u00f6rungen: Werden Kinder falsch diagnostiziert? - Diagnostik des Geistes<\/title>\n<meta name=\"robots\" content=\"index, follow, max-snippet:-1, max-image-preview:large, max-video-preview:-1\" \/>\n<link rel=\"canonical\" href=\"https:\/\/www.diagnostik-des-geistes.de\/blog\/adhs-adhd\/adhs-und-schlafstoerungen-werden-kinder-falsch-diagnostiziert\/\" \/>\n<meta property=\"og:locale\" content=\"de_DE\" \/>\n<meta property=\"og:type\" content=\"article\" \/>\n<meta property=\"og:title\" content=\"ADHS und Schlafst\u00f6rungen: Werden Kinder falsch diagnostiziert? - Diagnostik des Geistes\" \/>\n<meta property=\"og:description\" content=\"Probleme mit der Konzentration der Aufmerksamkeit. Vergesslichkeit. Schlechte Impulskontrolle. Diese Verhaltensweisen werden gemeinhin mit ADHS in Verbindung gebracht, k\u00f6nnen aber auch Anzeichen f\u00fcr Schlafmangel sein....\" \/>\n<meta property=\"og:url\" content=\"https:\/\/www.diagnostik-des-geistes.de\/blog\/adhs-adhd\/adhs-und-schlafstoerungen-werden-kinder-falsch-diagnostiziert\/\" \/>\n<meta property=\"og:site_name\" content=\"Diagnostik des Geistes\" \/>\n<meta property=\"article:published_time\" content=\"2022-06-03T15:56:34+00:00\" \/>\n<meta property=\"article:modified_time\" content=\"2022-07-09T18:30:18+00:00\" \/>\n<meta property=\"og:image\" content=\"https:\/\/www.diagnostik-des-geistes.de\/blog\/wp-content\/uploads\/2022\/02\/bg_top_default.jpg\" \/>\n\t<meta property=\"og:image:width\" content=\"840\" \/>\n\t<meta property=\"og:image:height\" content=\"202\" \/>\n\t<meta property=\"og:image:type\" content=\"image\/jpeg\" \/>\n<meta name=\"twitter:card\" content=\"summary_large_image\" \/>\n<meta name=\"twitter:label1\" content=\"Verfasst von\" \/>\n\t<meta name=\"twitter:data1\" content=\"Diagnostik Geistes\" \/>\n\t<meta name=\"twitter:label2\" content=\"Gesch\u00e4tzte Lesezeit\" \/>\n\t<meta name=\"twitter:data2\" content=\"6 Minuten\" \/>\n<script type=\"application\/ld+json\" class=\"yoast-schema-graph\">{\"@context\":\"https:\/\/schema.org\",\"@graph\":[{\"@type\":\"Organization\",\"@id\":\"https:\/\/www.diagnostik-des-geistes.de\/blog\/#organization\",\"name\":\"Diagnostik des Geistes\",\"url\":\"https:\/\/www.diagnostik-des-geistes.de\/blog\/\",\"sameAs\":[],\"logo\":{\"@type\":\"ImageObject\",\"@id\":\"https:\/\/www.diagnostik-des-geistes.de\/blog\/#logo\",\"inLanguage\":\"de-DE\",\"url\":\"https:\/\/www.diagnostik-des-geistes.de\/blog\/wp-content\/uploads\/2022\/02\/Diagnostik-des-Geistes.png\",\"contentUrl\":\"https:\/\/www.diagnostik-des-geistes.de\/blog\/wp-content\/uploads\/2022\/02\/Diagnostik-des-Geistes.png\",\"width\":282,\"height\":92,\"caption\":\"Diagnostik des Geistes\"},\"image\":{\"@id\":\"https:\/\/www.diagnostik-des-geistes.de\/blog\/#logo\"}},{\"@type\":\"WebSite\",\"@id\":\"https:\/\/www.diagnostik-des-geistes.de\/blog\/#website\",\"url\":\"https:\/\/www.diagnostik-des-geistes.de\/blog\/\",\"name\":\"Diagnostik des Geistes\",\"description\":\"Blog \u00fcber psychische St\u00f6rungen\",\"publisher\":{\"@id\":\"https:\/\/www.diagnostik-des-geistes.de\/blog\/#organization\"},\"potentialAction\":[{\"@type\":\"SearchAction\",\"target\":{\"@type\":\"EntryPoint\",\"urlTemplate\":\"https:\/\/www.diagnostik-des-geistes.de\/blog\/?s={search_term_string}\"},\"query-input\":\"required name=search_term_string\"}],\"inLanguage\":\"de-DE\"},{\"@type\":\"ImageObject\",\"@id\":\"https:\/\/www.diagnostik-des-geistes.de\/blog\/adhs-adhd\/adhs-und-schlafstoerungen-werden-kinder-falsch-diagnostiziert\/#primaryimage\",\"inLanguage\":\"de-DE\",\"url\":\"https:\/\/www.diagnostik-des-geistes.de\/blog\/wp-content\/uploads\/2022\/02\/bg_top_default.jpg\",\"contentUrl\":\"https:\/\/www.diagnostik-des-geistes.de\/blog\/wp-content\/uploads\/2022\/02\/bg_top_default.jpg\",\"width\":840,\"height\":202},{\"@type\":\"WebPage\",\"@id\":\"https:\/\/www.diagnostik-des-geistes.de\/blog\/adhs-adhd\/adhs-und-schlafstoerungen-werden-kinder-falsch-diagnostiziert\/#webpage\",\"url\":\"https:\/\/www.diagnostik-des-geistes.de\/blog\/adhs-adhd\/adhs-und-schlafstoerungen-werden-kinder-falsch-diagnostiziert\/\",\"name\":\"ADHS und Schlafst\u00f6rungen: Werden Kinder falsch diagnostiziert? - Diagnostik des Geistes\",\"isPartOf\":{\"@id\":\"https:\/\/www.diagnostik-des-geistes.de\/blog\/#website\"},\"primaryImageOfPage\":{\"@id\":\"https:\/\/www.diagnostik-des-geistes.de\/blog\/adhs-adhd\/adhs-und-schlafstoerungen-werden-kinder-falsch-diagnostiziert\/#primaryimage\"},\"datePublished\":\"2022-06-03T15:56:34+00:00\",\"dateModified\":\"2022-07-09T18:30:18+00:00\",\"breadcrumb\":{\"@id\":\"https:\/\/www.diagnostik-des-geistes.de\/blog\/adhs-adhd\/adhs-und-schlafstoerungen-werden-kinder-falsch-diagnostiziert\/#breadcrumb\"},\"inLanguage\":\"de-DE\",\"potentialAction\":[{\"@type\":\"ReadAction\",\"target\":[\"https:\/\/www.diagnostik-des-geistes.de\/blog\/adhs-adhd\/adhs-und-schlafstoerungen-werden-kinder-falsch-diagnostiziert\/\"]}]},{\"@type\":\"BreadcrumbList\",\"@id\":\"https:\/\/www.diagnostik-des-geistes.de\/blog\/adhs-adhd\/adhs-und-schlafstoerungen-werden-kinder-falsch-diagnostiziert\/#breadcrumb\",\"itemListElement\":[{\"@type\":\"ListItem\",\"position\":1,\"name\":\"Homepage\",\"item\":\"https:\/\/www.diagnostik-des-geistes.de\/blog\/\"},{\"@type\":\"ListItem\",\"position\":2,\"name\":\"ADHS \/ ADHD\",\"item\":\"https:\/\/www.diagnostik-des-geistes.de\/blog\/adhs-adhd\/\"},{\"@type\":\"ListItem\",\"position\":3,\"name\":\"ADHS und Schlafst\u00f6rungen: Werden Kinder falsch diagnostiziert?\"}]},{\"@type\":\"Article\",\"@id\":\"https:\/\/www.diagnostik-des-geistes.de\/blog\/adhs-adhd\/adhs-und-schlafstoerungen-werden-kinder-falsch-diagnostiziert\/#article\",\"isPartOf\":{\"@id\":\"https:\/\/www.diagnostik-des-geistes.de\/blog\/adhs-adhd\/adhs-und-schlafstoerungen-werden-kinder-falsch-diagnostiziert\/#webpage\"},\"author\":{\"@id\":\"https:\/\/www.diagnostik-des-geistes.de\/blog\/#\/schema\/person\/8eb1bcaf59fea75c780c11946f4e3490\"},\"headline\":\"ADHS und Schlafst\u00f6rungen: Werden Kinder falsch diagnostiziert?\",\"datePublished\":\"2022-06-03T15:56:34+00:00\",\"dateModified\":\"2022-07-09T18:30:18+00:00\",\"mainEntityOfPage\":{\"@id\":\"https:\/\/www.diagnostik-des-geistes.de\/blog\/adhs-adhd\/adhs-und-schlafstoerungen-werden-kinder-falsch-diagnostiziert\/#webpage\"},\"wordCount\":1014,\"publisher\":{\"@id\":\"https:\/\/www.diagnostik-des-geistes.de\/blog\/#organization\"},\"image\":{\"@id\":\"https:\/\/www.diagnostik-des-geistes.de\/blog\/adhs-adhd\/adhs-und-schlafstoerungen-werden-kinder-falsch-diagnostiziert\/#primaryimage\"},\"thumbnailUrl\":\"https:\/\/www.diagnostik-des-geistes.de\/blog\/wp-content\/uploads\/2022\/02\/bg_top_default.jpg\",\"keywords\":[\"ADHS und Schlaf\",\"ADHS und Schlafst\u00f6rungen\"],\"articleSection\":[\"ADHS \/ ADHD\"],\"inLanguage\":\"de-DE\"},{\"@type\":\"Person\",\"@id\":\"https:\/\/www.diagnostik-des-geistes.de\/blog\/#\/schema\/person\/8eb1bcaf59fea75c780c11946f4e3490\",\"name\":\"Diagnostik Geistes\",\"image\":{\"@type\":\"ImageObject\",\"@id\":\"https:\/\/www.diagnostik-des-geistes.de\/blog\/#personlogo\",\"inLanguage\":\"de-DE\",\"url\":\"https:\/\/secure.gravatar.com\/avatar\/6743211f010801ea26aa9423a2daab37?s=96&d=mm&r=g\",\"contentUrl\":\"https:\/\/secure.gravatar.com\/avatar\/6743211f010801ea26aa9423a2daab37?s=96&d=mm&r=g\",\"caption\":\"Diagnostik Geistes\"},\"sameAs\":[\"https:\/\/www.diagnostik-des-geistes.de\/blog\"],\"url\":\"https:\/\/www.diagnostik-des-geistes.de\/blog\/author\/diagnostyka-umyslu\/\"}]}<\/script>\n<!-- \/ Yoast SEO plugin. -->","yoast_head_json":{"title":"ADHS und Schlafst\u00f6rungen: Werden Kinder falsch diagnostiziert? - Diagnostik des Geistes","robots":{"index":"index","follow":"follow","max-snippet":"max-snippet:-1","max-image-preview":"max-image-preview:large","max-video-preview":"max-video-preview:-1"},"canonical":"https:\/\/www.diagnostik-des-geistes.de\/blog\/adhs-adhd\/adhs-und-schlafstoerungen-werden-kinder-falsch-diagnostiziert\/","og_locale":"de_DE","og_type":"article","og_title":"ADHS und Schlafst\u00f6rungen: Werden Kinder falsch diagnostiziert? - Diagnostik des Geistes","og_description":"Probleme mit der Konzentration der Aufmerksamkeit. Vergesslichkeit. Schlechte Impulskontrolle. Diese Verhaltensweisen werden gemeinhin mit ADHS in Verbindung gebracht, k\u00f6nnen aber auch Anzeichen f\u00fcr Schlafmangel sein....","og_url":"https:\/\/www.diagnostik-des-geistes.de\/blog\/adhs-adhd\/adhs-und-schlafstoerungen-werden-kinder-falsch-diagnostiziert\/","og_site_name":"Diagnostik des Geistes","article_published_time":"2022-06-03T15:56:34+00:00","article_modified_time":"2022-07-09T18:30:18+00:00","og_image":[{"width":840,"height":202,"url":"https:\/\/www.diagnostik-des-geistes.de\/blog\/wp-content\/uploads\/2022\/02\/bg_top_default.jpg","type":"image\/jpeg"}],"twitter_card":"summary_large_image","twitter_misc":{"Verfasst von":"Diagnostik Geistes","Gesch\u00e4tzte Lesezeit":"6 Minuten"},"schema":{"@context":"https:\/\/schema.org","@graph":[{"@type":"Organization","@id":"https:\/\/www.diagnostik-des-geistes.de\/blog\/#organization","name":"Diagnostik des Geistes","url":"https:\/\/www.diagnostik-des-geistes.de\/blog\/","sameAs":[],"logo":{"@type":"ImageObject","@id":"https:\/\/www.diagnostik-des-geistes.de\/blog\/#logo","inLanguage":"de-DE","url":"https:\/\/www.diagnostik-des-geistes.de\/blog\/wp-content\/uploads\/2022\/02\/Diagnostik-des-Geistes.png","contentUrl":"https:\/\/www.diagnostik-des-geistes.de\/blog\/wp-content\/uploads\/2022\/02\/Diagnostik-des-Geistes.png","width":282,"height":92,"caption":"Diagnostik des Geistes"},"image":{"@id":"https:\/\/www.diagnostik-des-geistes.de\/blog\/#logo"}},{"@type":"WebSite","@id":"https:\/\/www.diagnostik-des-geistes.de\/blog\/#website","url":"https:\/\/www.diagnostik-des-geistes.de\/blog\/","name":"Diagnostik des Geistes","description":"Blog \u00fcber psychische St\u00f6rungen","publisher":{"@id":"https:\/\/www.diagnostik-des-geistes.de\/blog\/#organization"},"potentialAction":[{"@type":"SearchAction","target":{"@type":"EntryPoint","urlTemplate":"https:\/\/www.diagnostik-des-geistes.de\/blog\/?s={search_term_string}"},"query-input":"required name=search_term_string"}],"inLanguage":"de-DE"},{"@type":"ImageObject","@id":"https:\/\/www.diagnostik-des-geistes.de\/blog\/adhs-adhd\/adhs-und-schlafstoerungen-werden-kinder-falsch-diagnostiziert\/#primaryimage","inLanguage":"de-DE","url":"https:\/\/www.diagnostik-des-geistes.de\/blog\/wp-content\/uploads\/2022\/02\/bg_top_default.jpg","contentUrl":"https:\/\/www.diagnostik-des-geistes.de\/blog\/wp-content\/uploads\/2022\/02\/bg_top_default.jpg","width":840,"height":202},{"@type":"WebPage","@id":"https:\/\/www.diagnostik-des-geistes.de\/blog\/adhs-adhd\/adhs-und-schlafstoerungen-werden-kinder-falsch-diagnostiziert\/#webpage","url":"https:\/\/www.diagnostik-des-geistes.de\/blog\/adhs-adhd\/adhs-und-schlafstoerungen-werden-kinder-falsch-diagnostiziert\/","name":"ADHS und Schlafst\u00f6rungen: Werden Kinder falsch diagnostiziert? - Diagnostik des Geistes","isPartOf":{"@id":"https:\/\/www.diagnostik-des-geistes.de\/blog\/#website"},"primaryImageOfPage":{"@id":"https:\/\/www.diagnostik-des-geistes.de\/blog\/adhs-adhd\/adhs-und-schlafstoerungen-werden-kinder-falsch-diagnostiziert\/#primaryimage"},"datePublished":"2022-06-03T15:56:34+00:00","dateModified":"2022-07-09T18:30:18+00:00","breadcrumb":{"@id":"https:\/\/www.diagnostik-des-geistes.de\/blog\/adhs-adhd\/adhs-und-schlafstoerungen-werden-kinder-falsch-diagnostiziert\/#breadcrumb"},"inLanguage":"de-DE","potentialAction":[{"@type":"ReadAction","target":["https:\/\/www.diagnostik-des-geistes.de\/blog\/adhs-adhd\/adhs-und-schlafstoerungen-werden-kinder-falsch-diagnostiziert\/"]}]},{"@type":"BreadcrumbList","@id":"https:\/\/www.diagnostik-des-geistes.de\/blog\/adhs-adhd\/adhs-und-schlafstoerungen-werden-kinder-falsch-diagnostiziert\/#breadcrumb","itemListElement":[{"@type":"ListItem","position":1,"name":"Homepage","item":"https:\/\/www.diagnostik-des-geistes.de\/blog\/"},{"@type":"ListItem","position":2,"name":"ADHS \/ ADHD","item":"https:\/\/www.diagnostik-des-geistes.de\/blog\/adhs-adhd\/"},{"@type":"ListItem","position":3,"name":"ADHS und Schlafst\u00f6rungen: Werden Kinder falsch diagnostiziert?"}]},{"@type":"Article","@id":"https:\/\/www.diagnostik-des-geistes.de\/blog\/adhs-adhd\/adhs-und-schlafstoerungen-werden-kinder-falsch-diagnostiziert\/#article","isPartOf":{"@id":"https:\/\/www.diagnostik-des-geistes.de\/blog\/adhs-adhd\/adhs-und-schlafstoerungen-werden-kinder-falsch-diagnostiziert\/#webpage"},"author":{"@id":"https:\/\/www.diagnostik-des-geistes.de\/blog\/#\/schema\/person\/8eb1bcaf59fea75c780c11946f4e3490"},"headline":"ADHS und Schlafst\u00f6rungen: Werden Kinder falsch diagnostiziert?","datePublished":"2022-06-03T15:56:34+00:00","dateModified":"2022-07-09T18:30:18+00:00","mainEntityOfPage":{"@id":"https:\/\/www.diagnostik-des-geistes.de\/blog\/adhs-adhd\/adhs-und-schlafstoerungen-werden-kinder-falsch-diagnostiziert\/#webpage"},"wordCount":1014,"publisher":{"@id":"https:\/\/www.diagnostik-des-geistes.de\/blog\/#organization"},"image":{"@id":"https:\/\/www.diagnostik-des-geistes.de\/blog\/adhs-adhd\/adhs-und-schlafstoerungen-werden-kinder-falsch-diagnostiziert\/#primaryimage"},"thumbnailUrl":"https:\/\/www.diagnostik-des-geistes.de\/blog\/wp-content\/uploads\/2022\/02\/bg_top_default.jpg","keywords":["ADHS und Schlaf","ADHS und Schlafst\u00f6rungen"],"articleSection":["ADHS \/ ADHD"],"inLanguage":"de-DE"},{"@type":"Person","@id":"https:\/\/www.diagnostik-des-geistes.de\/blog\/#\/schema\/person\/8eb1bcaf59fea75c780c11946f4e3490","name":"Diagnostik Geistes","image":{"@type":"ImageObject","@id":"https:\/\/www.diagnostik-des-geistes.de\/blog\/#personlogo","inLanguage":"de-DE","url":"https:\/\/secure.gravatar.com\/avatar\/6743211f010801ea26aa9423a2daab37?s=96&d=mm&r=g","contentUrl":"https:\/\/secure.gravatar.com\/avatar\/6743211f010801ea26aa9423a2daab37?s=96&d=mm&r=g","caption":"Diagnostik Geistes"},"sameAs":["https:\/\/www.diagnostik-des-geistes.de\/blog"],"url":"https:\/\/www.diagnostik-des-geistes.de\/blog\/author\/diagnostyka-umyslu\/"}]}},"amp_enabled":true,"_links":{"self":[{"href":"https:\/\/www.diagnostik-des-geistes.de\/blog\/wp-json\/wp\/v2\/posts\/1265"}],"collection":[{"href":"https:\/\/www.diagnostik-des-geistes.de\/blog\/wp-json\/wp\/v2\/posts"}],"about":[{"href":"https:\/\/www.diagnostik-des-geistes.de\/blog\/wp-json\/wp\/v2\/types\/post"}],"author":[{"embeddable":true,"href":"https:\/\/www.diagnostik-des-geistes.de\/blog\/wp-json\/wp\/v2\/users\/1"}],"replies":[{"embeddable":true,"href":"https:\/\/www.diagnostik-des-geistes.de\/blog\/wp-json\/wp\/v2\/comments?post=1265"}],"version-history":[{"count":2,"href":"https:\/\/www.diagnostik-des-geistes.de\/blog\/wp-json\/wp\/v2\/posts\/1265\/revisions"}],"predecessor-version":[{"id":1311,"href":"https:\/\/www.diagnostik-des-geistes.de\/blog\/wp-json\/wp\/v2\/posts\/1265\/revisions\/1311"}],"wp:featuredmedia":[{"embeddable":true,"href":"https:\/\/www.diagnostik-des-geistes.de\/blog\/wp-json\/wp\/v2\/media\/1282"}],"wp:attachment":[{"href":"https:\/\/www.diagnostik-des-geistes.de\/blog\/wp-json\/wp\/v2\/media?parent=1265"}],"wp:term":[{"taxonomy":"category","embeddable":true,"href":"https:\/\/www.diagnostik-des-geistes.de\/blog\/wp-json\/wp\/v2\/categories?post=1265"},{"taxonomy":"post_tag","embeddable":true,"href":"https:\/\/www.diagnostik-des-geistes.de\/blog\/wp-json\/wp\/v2\/tags?post=1265"}],"curies":[{"name":"wp","href":"https:\/\/api.w.org\/{rel}","templated":true}]}}