{"id":1252,"date":"2022-06-03T17:26:47","date_gmt":"2022-06-03T15:26:47","guid":{"rendered":"https:\/\/www.diagnostik-des-geistes.de\/blog\/?p=1252"},"modified":"2022-07-09T20:33:14","modified_gmt":"2022-07-09T18:33:14","slug":"autismus-und-umherwandern","status":"publish","type":"post","link":"https:\/\/www.diagnostik-des-geistes.de\/blog\/autismus-spektrum-storung\/autismus-und-umherwandern\/","title":{"rendered":"Autismus und Umherwandern"},"content":{"rendered":"<p>Als Liane Kupferberg Carters Sohn Mickey im Alter von etwa 2 Jahren anfing &#8220;wegzulaufen&#8221;, wie sie es nennt, &#8220;war er wie ein Blitz&#8221;. &#8211; sagt sie. &#8220;Ich konnte ihn nicht einen Moment aus den Augen lassen, denn er verschwand sofort &#8211; in Einkaufszentren, Superm\u00e4rkten, an jedem \u00f6ffentlichen Ort.<\/p>\n<p>Als ihr Sohn heranwuchs, war es zu Hause nicht besser. &#8220;Er hat herausgefunden, wie er die Eingangst\u00fcr \u00f6ffnen und fliehen kann, also mussten wir ein zus\u00e4tzliches Schloss einbauen&#8221;. &#8211; sagt Carter, ein Journalist und Anwalt in Westchester County. &#8220;Wir haben es au\u00dfer Reichweite &#8211; so dachten wir zumindest &#8211; ganz oben an der T\u00fcr angebracht. Dann stellte er fest, dass er sich auf einen Stuhl stellen konnte, um das Schloss zu erreichen, also installierten wir zus\u00e4tzlich einen lauten Gong, der uns anzeigt, wenn die T\u00fcr ge\u00f6ffnet wurde.<\/p>\n<p>Carter hatte zu diesem Zeitpunkt keine Ahnung, dass Mickey, bei dem eine <a href=\"https:\/\/www.diagnostik-des-geistes.de\/test-fur-autismus-spektrum-storungen\">Autismus-Spektrum-St\u00f6rung<\/a> (ASS) diagnostiziert wurde, ein Verhalten zeigt, das typisch f\u00fcr Menschen auf dem Autismus-Spektrum ist, die einen gest\u00f6rten Sinn f\u00fcr Gefahren haben. Dies wird als Umherwandern, Fliehen oder Weglaufen bezeichnet und ist f\u00fcr Eltern und andere Betreuungspersonen be\u00e4ngstigend. Die Folgen k\u00f6nnen tragisch sein: Verlorene Kinder werden tot aufgefunden, ertrunken in Teichen und B\u00e4chen in der N\u00e4he ihres Wohnortes.<\/p>\n<h4>Daten \u00fcber Wanderungen<\/h4>\n<p>In einer Studie aus dem Jahr 2011, an der mehr als 800 Eltern teilnahmen, gaben etwa 50 Prozent der Kinder mit ASD im Alter zwischen 4 und 10 Jahren an, dass sie schon einmal umhergezogen seien &#8211; viermal h\u00e4ufiger als ihre Geschwister ohne diese St\u00f6rung. Das Verhalten verst\u00e4rkt sich im Alter von vier Jahren, aber fast 30 Prozent der Kinder mit ASD im Alter von sieben bis zehn Jahren laufen weiterhin weg, achtmal mehr als ihre Geschwister ohne diese St\u00f6rung.<\/p>\n<p>Fast die H\u00e4lfte der Befragten gab an, dass ihr Kind schon lange genug vermisst wurde, um ernsthafte Sicherheitsbedenken zu wecken, und 32 Prozent hatten die Polizei gerufen. Zwei von drei Befragten gaben an, dass ihr wanderndes Kind in &#8220;engem Kontakt&#8221; mit einem Stra\u00dfenverkehrsunfall stand, und fast ein Drittel war in einen Ertrinkungsunfall verwickelt. Eine weitere alarmierende Statistik: 35 % der Familien mit wandernden Kindern gaben an, dass ihr Kind &#8220;nie&#8221; oder &#8220;selten&#8221; in der Lage ist, seinen Namen, seine Adresse oder seine Telefonnummer mitzuteilen, sei es m\u00fcndlich oder durch Tippen.<\/p>\n<p>Aber auch extrem verbale, &#8220;gut funktionierende&#8221; Kinder stellen ein Risiko dar, wegzulaufen, da sie m\u00f6glicherweise zus\u00e4tzliche Diagnosen wie Sprachverarbeitungsprobleme oder Angstzust\u00e4nde haben, die es ihnen erschweren, Ersthelfern und anderen, die ihnen helfen k\u00f6nnen, pers\u00f6nliche Informationen auf verst\u00e4ndliche und angemessene Weise mitzuteilen. Sie k\u00f6nnen auch so sehr auf das fixiert sein, was sie interessiert, dass sie nicht auf ihren Namen reagieren.<\/p>\n<h4>Warum wandern Kinder mit ASD?<\/h4>\n<p>Obwohl die Forscher noch nicht genau wissen, warum Kinder mit psychischen St\u00f6rungen umherwandern, nennen Eltern die f\u00fcnf wichtigsten m\u00f6glichen Motive f\u00fcr ihre Kinder:<\/p>\n<p>1) Sie laufen und erkunden gerne (54 %)<br \/>\n2) Sie gehen an einen Lieblingsort, z. B. in einen Park (36 %)<br \/>\n3) Sie versuchen, belastenden Situationen zu entkommen, z. B. Anforderungen in der Schule (33 Prozent)<br \/>\n4) Sie verfolgen etwas, das sie besonders interessiert, z. B. wenn ein Kind, das von Z\u00fcgen fasziniert ist, auf eine Bahnstrecke zugeht (31 Prozent)<br \/>\n5. sie versuchen, unangenehmen Sinnesreizen, wie zum Beispiel lautem L\u00e4rm, zu entkommen (27 Prozent).<\/p>\n<p>Experten unterteilen das Wandern in solche, die einen Zweck haben, und solche, die keinen haben. W\u00e4hrend der Wunsch, einen attraktiven Teich zu finden, zielgerichtet ist, hat das Laufen, um einem Stressor zu entkommen, nichts mit dem Ziel zu tun. Lori McIlwain, Pr\u00e4sidentin der Nationalen Autismus-Gesellschaft, sagte: &#8220;Unsere Kinder, die k\u00e4mpfen oder fliehen, laufen weg&#8221;, wenn sie in Not sind. &#8220;Wir sehen eine Schlange und laufen weg. Unsere Kinder sehen vielleicht etwas, wovor wir keine Angst h\u00e4tten. Aber sie sind ver\u00e4ngstigt und das Adrenalin h\u00e4lt nicht lange an. Trotzdem gab die Mehrheit der befragten Eltern an, dass ihr Kind w\u00e4hrend der Wanderung am\u00fcsiert oder gl\u00fccklich und konzentriert war; weitaus weniger gaben an, dass ihr Kind traurig, \u00e4ngstlich oder &#8220;benebelt&#8221; war, als sie weggingen.<\/p>\n<h4>Ein Diagnosecode f\u00fcr Wanderschaft<\/h4>\n<p>Im Jahr 2011 erzielten Autismus-Bef\u00fcrworter einen bedeutenden Sieg in ihrer Kampagne f\u00fcr einen besseren Umgang mit dem Umherwandern, als das Center for Disease Control einen neuen medizinischen Diagnosecode f\u00fcr das Umherwandern einf\u00fchrte. Diese Subklassifikation erm\u00f6glicht es \u00c4rzten, einer ASD-Diagnose einen Kode f\u00fcr Umherwandern hinzuzuf\u00fcgen, \u00e4hnlich wie bei der Diagnose von Autismus mit Epilepsie. Dieser Code gilt nicht nur f\u00fcr Autismus. Sie deckt andere Zust\u00e4nde ab, bei denen ein Kind oder ein Erwachsener umherwandert, einschlie\u00dflich einer Reihe von kognitiven St\u00f6rungen.<\/p>\n<p>Wie McIlwain sagt, &#8220;wollten wir einen medizinischen Kodex erstellen, damit Kinder\u00e4rzte eine zentrale Anlaufstelle f\u00fcr Eltern von umherwandernden Personen sein k\u00f6nnen&#8221; und gleichzeitig ein besseres Verst\u00e4ndnis f\u00fcr dieses Verhalten als medizinisches Leiden erlangen. &#8220;Wir hoffen, dass dieser Kodex die T\u00fcr zu Bewusstseinsbildung, Aufkl\u00e4rung, Verst\u00e4ndnis, Schulung und kritischem Dialog zwischen \u00c4rzten und Pflegepersonal \u00f6ffnen wird.<\/p>\n<p>Alison Singer, Pr\u00e4sidentin der Autism Science Foundation, einer der Gruppen, die die Studie unterst\u00fctzen, sagt, dass die Bef\u00fcrworter hoffen, dass das Gesetz mehr Mittel f\u00fcr die Forschung und eine angemessene Ausbildung f\u00fcr Polizeibeamte, Feuerwehrleute und andere Ersthelfer bereitstellen wird. Diese Retter m\u00fcssen Menschen auf dem Autismus-Spektrum, einschlie\u00dflich ihres Verhaltens, besser verstehen. Andernfalls, so Singer, w\u00fcssten sie vielleicht nicht, wie sie einen wortkargen oder nicht ansprechbaren Wanderer auffinden k\u00f6nnen. Es besteht auch die Gefahr, dass sie sich bedroht f\u00fchlen, wenn z. B. ein impulsiver Teenager versucht, nach einem gl\u00e4nzenden Gegenstand wie einem Ausweis oder einer Waffe zu greifen, oder wenn ein Wanderer in ihren &#8220;Raum&#8221; eindringt, was bei Menschen auf dem Spektrum h\u00e4ufig vorkommt. In einer solchen Situation k\u00f6nnte die Person, die Hilfe leistet, f\u00e4lschlicherweise annehmen, dass der Wanderer unter Drogeneinfluss steht.<\/p>\n<p>Die Bef\u00fcrworter hoffen auch, dass der Code verwendet werden kann, um zu argumentieren, dass Pr\u00e4ventivma\u00dfnahmen &#8211; Ortungsger\u00e4te, Schl\u00f6sser, Alarme an T\u00fcren und Fenstern &#8211; eine medizinische Notwendigkeit darstellen und von der Versicherung \u00fcbernommen werden sollten. Die Erh\u00f6hungen haben bereits einige Eltern dazu veranlasst, ihre Kinder mit Ortungsger\u00e4ten auszustatten, die von den \u00f6rtlichen Strafverfolgungsbeh\u00f6rden aufgezeichnet werden. Wenn sie jedoch nicht wasserdicht sind, k\u00f6nnen sie oft kein Leben retten.<\/p>\n<h4>Wie k\u00f6nnen wir diese Kinder sicherer machen?<\/h4>\n<p>McIlwain sagt, dass der Vandalismus-Kodex in vielerlei Hinsicht h\u00e4tte helfen k\u00f6nnen, wenn er bereits in Kraft gewesen w\u00e4re, als ihr Sohn Connor seinen gef\u00e4hrlichsten Vandalismus-Vorfall hatte. Der Junge begann im Alter von 3 Jahren in der Schule umherzuwandern, konnte aber im Alter von 7 Jahren den Spielplatz seiner Schule in einem Vorort von Raleigh, New Jersey, verlassen, obwohl McIlwain das Personal gewarnt hatte, auf ihn aufzupassen&#8221;. Der Junge, der an Autismus leidet, fl\u00fcchtete aus Faszination f\u00fcr Ausfahrtsschilder durch den Wald und war auf dem Weg zur Autobahn, als ein barmherziger Samariter ihn aufgriff und durch die Gegend fuhr, in der Hoffnung, dass er seine Schule finden w\u00fcrde.<\/p>\n<p>Als das Personal der ersten Schule, an der der Mann angehalten hatte, Connor nicht erkannte, rief es die Polizei. Die Polizisten \u00fcbernahmen die Suche, ohne zu wissen, wer der Junge war. (Obwohl Connor sprachbegabt ist, erkl\u00e4rt McIlwain, dass seine Sprache zu dieser Zeit stark eingeschr\u00e4nkt war. Er reagierte nicht auf die Fragen der Rettungskr\u00e4fte, obwohl er &#8220;die Polizei wissen lie\u00df, dass er sich auf ein Abenteuer einlie\u00df, um sein Lieblingsausgangsschild zu finden.&#8221;)<\/p>\n<p>In der Zwischenzeit hat niemand in Connors Schule seine Mutter angerufen &#8211; oder die Polizei. &#8220;Er h\u00e4tte von einem Auto angefahren, vergewaltigt oder entf\u00fchrt werden k\u00f6nnen. &#8211; sagt McIlwain. Als die Polizei sah, dass in Connors Schule nach ihm gesucht wurde, erkannte sie, dass es seine Wohnung war. Erst dann alarmierte jemand aus der Schule die Polizei. Die Sprecherin stellt fest, dass die Situation schnell h\u00e4tte gel\u00f6st werden k\u00f6nnen, wenn die Schule \u00fcber einen angemessenen Notfallplan verf\u00fcgt h\u00e4tte &#8211; oder wenn Connor einen Ausweis bei sich gehabt h\u00e4tte. Stattdessen &#8220;sa\u00df er noch im Polizeiauto, als ich gerufen wurde&#8221;. &#8211; sagt sie.<\/p>\n<p>&#8220;Ich habe ihn so schnell wie m\u00f6glich aus der Schule geholt. &#8211; sagt McIlwain. Daraufhin nahm sie die Hilfe eines Anwalts in Anspruch, um einen 1:1-Assistenten in seinen individuellen Erziehungsplan (IEP) aufzunehmen, der ihn bei \u00dcberg\u00e4ngen begleitet, etwa wenn er die Klasse verl\u00e4sst, um zur Therapie zu gehen. Mit der zus\u00e4tzlichen Unterst\u00fctzung kann Connor eine Schule f\u00fcr normal entwickelte Kinder besuchen.<\/p>\n<p>W\u00e4hrend einige Erwachsene mit Autismus bef\u00fcrchten, dass der medizinische Kodex dazu benutzt werden k\u00f6nnte, einen Sch\u00fcler gewaltsam festzuhalten oder abzusondern oder ihn in einer restriktiveren Schulumgebung unterzubringen, sagt McIlwain, dass ihre Erfahrung mit Connor zeigt, dass genau das Gegenteil der Fall sein kann. Wenn mehr Eltern diesen Kodex nutzen k\u00f6nnen, um ihrem fehlbaren Kind die n\u00f6tige Unterst\u00fctzung zukommen zu lassen, werden sie sich vielleicht in einem weniger restriktiven Umfeld wiederfinden, statt in einem restriktiveren.<\/p>\n<p><span style=\"text-decoration: underline;\">Weitere Informationen:<\/span><\/p>\n<ul>\n<li>childmind.org\/article\/autism-plus-wandering\/<\/li>\n<\/ul>\n","protected":false},"excerpt":{"rendered":"<p>Als Liane Kupferberg Carters Sohn Mickey im Alter von etwa 2 Jahren anfing &#8220;wegzulaufen&#8221;, wie sie es nennt, &#8220;war er wie ein Blitz&#8221;. &#8211; sagt&#8230;<\/p>\n","protected":false},"author":1,"featured_media":1282,"comment_status":"closed","ping_status":"open","sticky":false,"template":"","format":"standard","meta":{"inline_featured_image":false},"categories":[44],"tags":[115,118,116,117],"yoast_head":"<!-- This site is optimized with the Yoast SEO plugin v18.1 - https:\/\/yoast.com\/wordpress\/plugins\/seo\/ -->\n<title>Autismus und Umherwandern - Diagnostik des Geistes<\/title>\n<meta name=\"robots\" content=\"index, follow, max-snippet:-1, max-image-preview:large, max-video-preview:-1\" \/>\n<link rel=\"canonical\" href=\"https:\/\/www.diagnostik-des-geistes.de\/blog\/autismus-spektrum-storung\/autismus-und-umherwandern\/\" \/>\n<meta property=\"og:locale\" content=\"de_DE\" \/>\n<meta property=\"og:type\" content=\"article\" \/>\n<meta property=\"og:title\" content=\"Autismus und Umherwandern - Diagnostik des Geistes\" \/>\n<meta property=\"og:description\" content=\"Als Liane Kupferberg Carters Sohn Mickey im Alter von etwa 2 Jahren anfing &#8220;wegzulaufen&#8221;, wie sie es nennt, &#8220;war er wie ein Blitz&#8221;. &#8211; sagt...\" \/>\n<meta property=\"og:url\" content=\"https:\/\/www.diagnostik-des-geistes.de\/blog\/autismus-spektrum-storung\/autismus-und-umherwandern\/\" \/>\n<meta property=\"og:site_name\" content=\"Diagnostik des Geistes\" \/>\n<meta property=\"article:published_time\" content=\"2022-06-03T15:26:47+00:00\" \/>\n<meta property=\"article:modified_time\" content=\"2022-07-09T18:33:14+00:00\" \/>\n<meta property=\"og:image\" content=\"https:\/\/www.diagnostik-des-geistes.de\/blog\/wp-content\/uploads\/2022\/02\/bg_top_default.jpg\" \/>\n\t<meta property=\"og:image:width\" content=\"840\" \/>\n\t<meta property=\"og:image:height\" content=\"202\" \/>\n\t<meta property=\"og:image:type\" content=\"image\/jpeg\" \/>\n<meta name=\"twitter:card\" content=\"summary_large_image\" \/>\n<meta name=\"twitter:label1\" content=\"Verfasst von\" \/>\n\t<meta name=\"twitter:data1\" content=\"Diagnostik Geistes\" \/>\n\t<meta name=\"twitter:label2\" content=\"Gesch\u00e4tzte Lesezeit\" \/>\n\t<meta name=\"twitter:data2\" content=\"8 Minuten\" \/>\n<script type=\"application\/ld+json\" class=\"yoast-schema-graph\">{\"@context\":\"https:\/\/schema.org\",\"@graph\":[{\"@type\":\"Organization\",\"@id\":\"https:\/\/www.diagnostik-des-geistes.de\/blog\/#organization\",\"name\":\"Diagnostik des Geistes\",\"url\":\"https:\/\/www.diagnostik-des-geistes.de\/blog\/\",\"sameAs\":[],\"logo\":{\"@type\":\"ImageObject\",\"@id\":\"https:\/\/www.diagnostik-des-geistes.de\/blog\/#logo\",\"inLanguage\":\"de-DE\",\"url\":\"https:\/\/www.diagnostik-des-geistes.de\/blog\/wp-content\/uploads\/2022\/02\/Diagnostik-des-Geistes.png\",\"contentUrl\":\"https:\/\/www.diagnostik-des-geistes.de\/blog\/wp-content\/uploads\/2022\/02\/Diagnostik-des-Geistes.png\",\"width\":282,\"height\":92,\"caption\":\"Diagnostik des Geistes\"},\"image\":{\"@id\":\"https:\/\/www.diagnostik-des-geistes.de\/blog\/#logo\"}},{\"@type\":\"WebSite\",\"@id\":\"https:\/\/www.diagnostik-des-geistes.de\/blog\/#website\",\"url\":\"https:\/\/www.diagnostik-des-geistes.de\/blog\/\",\"name\":\"Diagnostik des Geistes\",\"description\":\"Blog \u00fcber psychische St\u00f6rungen\",\"publisher\":{\"@id\":\"https:\/\/www.diagnostik-des-geistes.de\/blog\/#organization\"},\"potentialAction\":[{\"@type\":\"SearchAction\",\"target\":{\"@type\":\"EntryPoint\",\"urlTemplate\":\"https:\/\/www.diagnostik-des-geistes.de\/blog\/?s={search_term_string}\"},\"query-input\":\"required name=search_term_string\"}],\"inLanguage\":\"de-DE\"},{\"@type\":\"ImageObject\",\"@id\":\"https:\/\/www.diagnostik-des-geistes.de\/blog\/autismus-spektrum-storung\/autismus-und-umherwandern\/#primaryimage\",\"inLanguage\":\"de-DE\",\"url\":\"https:\/\/www.diagnostik-des-geistes.de\/blog\/wp-content\/uploads\/2022\/02\/bg_top_default.jpg\",\"contentUrl\":\"https:\/\/www.diagnostik-des-geistes.de\/blog\/wp-content\/uploads\/2022\/02\/bg_top_default.jpg\",\"width\":840,\"height\":202},{\"@type\":\"WebPage\",\"@id\":\"https:\/\/www.diagnostik-des-geistes.de\/blog\/autismus-spektrum-storung\/autismus-und-umherwandern\/#webpage\",\"url\":\"https:\/\/www.diagnostik-des-geistes.de\/blog\/autismus-spektrum-storung\/autismus-und-umherwandern\/\",\"name\":\"Autismus und Umherwandern - Diagnostik des Geistes\",\"isPartOf\":{\"@id\":\"https:\/\/www.diagnostik-des-geistes.de\/blog\/#website\"},\"primaryImageOfPage\":{\"@id\":\"https:\/\/www.diagnostik-des-geistes.de\/blog\/autismus-spektrum-storung\/autismus-und-umherwandern\/#primaryimage\"},\"datePublished\":\"2022-06-03T15:26:47+00:00\",\"dateModified\":\"2022-07-09T18:33:14+00:00\",\"breadcrumb\":{\"@id\":\"https:\/\/www.diagnostik-des-geistes.de\/blog\/autismus-spektrum-storung\/autismus-und-umherwandern\/#breadcrumb\"},\"inLanguage\":\"de-DE\",\"potentialAction\":[{\"@type\":\"ReadAction\",\"target\":[\"https:\/\/www.diagnostik-des-geistes.de\/blog\/autismus-spektrum-storung\/autismus-und-umherwandern\/\"]}]},{\"@type\":\"BreadcrumbList\",\"@id\":\"https:\/\/www.diagnostik-des-geistes.de\/blog\/autismus-spektrum-storung\/autismus-und-umherwandern\/#breadcrumb\",\"itemListElement\":[{\"@type\":\"ListItem\",\"position\":1,\"name\":\"Homepage\",\"item\":\"https:\/\/www.diagnostik-des-geistes.de\/blog\/\"},{\"@type\":\"ListItem\",\"position\":2,\"name\":\"Autismus\",\"item\":\"https:\/\/www.diagnostik-des-geistes.de\/blog\/autismus-spektrum-storung\/\"},{\"@type\":\"ListItem\",\"position\":3,\"name\":\"Autismus und Umherwandern\"}]},{\"@type\":\"Article\",\"@id\":\"https:\/\/www.diagnostik-des-geistes.de\/blog\/autismus-spektrum-storung\/autismus-und-umherwandern\/#article\",\"isPartOf\":{\"@id\":\"https:\/\/www.diagnostik-des-geistes.de\/blog\/autismus-spektrum-storung\/autismus-und-umherwandern\/#webpage\"},\"author\":{\"@id\":\"https:\/\/www.diagnostik-des-geistes.de\/blog\/#\/schema\/person\/8eb1bcaf59fea75c780c11946f4e3490\"},\"headline\":\"Autismus und Umherwandern\",\"datePublished\":\"2022-06-03T15:26:47+00:00\",\"dateModified\":\"2022-07-09T18:33:14+00:00\",\"mainEntityOfPage\":{\"@id\":\"https:\/\/www.diagnostik-des-geistes.de\/blog\/autismus-spektrum-storung\/autismus-und-umherwandern\/#webpage\"},\"wordCount\":1526,\"publisher\":{\"@id\":\"https:\/\/www.diagnostik-des-geistes.de\/blog\/#organization\"},\"image\":{\"@id\":\"https:\/\/www.diagnostik-des-geistes.de\/blog\/autismus-spektrum-storung\/autismus-und-umherwandern\/#primaryimage\"},\"thumbnailUrl\":\"https:\/\/www.diagnostik-des-geistes.de\/blog\/wp-content\/uploads\/2022\/02\/bg_top_default.jpg\",\"keywords\":[\"Daten \u00fcber Wanderungen\",\"Diagnoseschl\u00fcssel f\u00fcr Umherwandern\",\"Warum wandern Kinder mit ASD?\",\"Wie k\u00f6nnen wir die Sicherheit dieser Kinder erh\u00f6hen?\"],\"articleSection\":[\"Autismus-Spektrum-St\u00f6rung\"],\"inLanguage\":\"de-DE\"},{\"@type\":\"Person\",\"@id\":\"https:\/\/www.diagnostik-des-geistes.de\/blog\/#\/schema\/person\/8eb1bcaf59fea75c780c11946f4e3490\",\"name\":\"Diagnostik Geistes\",\"image\":{\"@type\":\"ImageObject\",\"@id\":\"https:\/\/www.diagnostik-des-geistes.de\/blog\/#personlogo\",\"inLanguage\":\"de-DE\",\"url\":\"https:\/\/secure.gravatar.com\/avatar\/6743211f010801ea26aa9423a2daab37?s=96&d=mm&r=g\",\"contentUrl\":\"https:\/\/secure.gravatar.com\/avatar\/6743211f010801ea26aa9423a2daab37?s=96&d=mm&r=g\",\"caption\":\"Diagnostik Geistes\"},\"sameAs\":[\"https:\/\/www.diagnostik-des-geistes.de\/blog\"],\"url\":\"https:\/\/www.diagnostik-des-geistes.de\/blog\/author\/diagnostyka-umyslu\/\"}]}<\/script>\n<!-- \/ Yoast SEO plugin. -->","yoast_head_json":{"title":"Autismus und Umherwandern - Diagnostik des Geistes","robots":{"index":"index","follow":"follow","max-snippet":"max-snippet:-1","max-image-preview":"max-image-preview:large","max-video-preview":"max-video-preview:-1"},"canonical":"https:\/\/www.diagnostik-des-geistes.de\/blog\/autismus-spektrum-storung\/autismus-und-umherwandern\/","og_locale":"de_DE","og_type":"article","og_title":"Autismus und Umherwandern - Diagnostik des Geistes","og_description":"Als Liane Kupferberg Carters Sohn Mickey im Alter von etwa 2 Jahren anfing &#8220;wegzulaufen&#8221;, wie sie es nennt, &#8220;war er wie ein Blitz&#8221;. &#8211; sagt...","og_url":"https:\/\/www.diagnostik-des-geistes.de\/blog\/autismus-spektrum-storung\/autismus-und-umherwandern\/","og_site_name":"Diagnostik des Geistes","article_published_time":"2022-06-03T15:26:47+00:00","article_modified_time":"2022-07-09T18:33:14+00:00","og_image":[{"width":840,"height":202,"url":"https:\/\/www.diagnostik-des-geistes.de\/blog\/wp-content\/uploads\/2022\/02\/bg_top_default.jpg","type":"image\/jpeg"}],"twitter_card":"summary_large_image","twitter_misc":{"Verfasst von":"Diagnostik Geistes","Gesch\u00e4tzte Lesezeit":"8 Minuten"},"schema":{"@context":"https:\/\/schema.org","@graph":[{"@type":"Organization","@id":"https:\/\/www.diagnostik-des-geistes.de\/blog\/#organization","name":"Diagnostik des Geistes","url":"https:\/\/www.diagnostik-des-geistes.de\/blog\/","sameAs":[],"logo":{"@type":"ImageObject","@id":"https:\/\/www.diagnostik-des-geistes.de\/blog\/#logo","inLanguage":"de-DE","url":"https:\/\/www.diagnostik-des-geistes.de\/blog\/wp-content\/uploads\/2022\/02\/Diagnostik-des-Geistes.png","contentUrl":"https:\/\/www.diagnostik-des-geistes.de\/blog\/wp-content\/uploads\/2022\/02\/Diagnostik-des-Geistes.png","width":282,"height":92,"caption":"Diagnostik des Geistes"},"image":{"@id":"https:\/\/www.diagnostik-des-geistes.de\/blog\/#logo"}},{"@type":"WebSite","@id":"https:\/\/www.diagnostik-des-geistes.de\/blog\/#website","url":"https:\/\/www.diagnostik-des-geistes.de\/blog\/","name":"Diagnostik des Geistes","description":"Blog \u00fcber psychische St\u00f6rungen","publisher":{"@id":"https:\/\/www.diagnostik-des-geistes.de\/blog\/#organization"},"potentialAction":[{"@type":"SearchAction","target":{"@type":"EntryPoint","urlTemplate":"https:\/\/www.diagnostik-des-geistes.de\/blog\/?s={search_term_string}"},"query-input":"required name=search_term_string"}],"inLanguage":"de-DE"},{"@type":"ImageObject","@id":"https:\/\/www.diagnostik-des-geistes.de\/blog\/autismus-spektrum-storung\/autismus-und-umherwandern\/#primaryimage","inLanguage":"de-DE","url":"https:\/\/www.diagnostik-des-geistes.de\/blog\/wp-content\/uploads\/2022\/02\/bg_top_default.jpg","contentUrl":"https:\/\/www.diagnostik-des-geistes.de\/blog\/wp-content\/uploads\/2022\/02\/bg_top_default.jpg","width":840,"height":202},{"@type":"WebPage","@id":"https:\/\/www.diagnostik-des-geistes.de\/blog\/autismus-spektrum-storung\/autismus-und-umherwandern\/#webpage","url":"https:\/\/www.diagnostik-des-geistes.de\/blog\/autismus-spektrum-storung\/autismus-und-umherwandern\/","name":"Autismus und Umherwandern - Diagnostik des Geistes","isPartOf":{"@id":"https:\/\/www.diagnostik-des-geistes.de\/blog\/#website"},"primaryImageOfPage":{"@id":"https:\/\/www.diagnostik-des-geistes.de\/blog\/autismus-spektrum-storung\/autismus-und-umherwandern\/#primaryimage"},"datePublished":"2022-06-03T15:26:47+00:00","dateModified":"2022-07-09T18:33:14+00:00","breadcrumb":{"@id":"https:\/\/www.diagnostik-des-geistes.de\/blog\/autismus-spektrum-storung\/autismus-und-umherwandern\/#breadcrumb"},"inLanguage":"de-DE","potentialAction":[{"@type":"ReadAction","target":["https:\/\/www.diagnostik-des-geistes.de\/blog\/autismus-spektrum-storung\/autismus-und-umherwandern\/"]}]},{"@type":"BreadcrumbList","@id":"https:\/\/www.diagnostik-des-geistes.de\/blog\/autismus-spektrum-storung\/autismus-und-umherwandern\/#breadcrumb","itemListElement":[{"@type":"ListItem","position":1,"name":"Homepage","item":"https:\/\/www.diagnostik-des-geistes.de\/blog\/"},{"@type":"ListItem","position":2,"name":"Autismus","item":"https:\/\/www.diagnostik-des-geistes.de\/blog\/autismus-spektrum-storung\/"},{"@type":"ListItem","position":3,"name":"Autismus und Umherwandern"}]},{"@type":"Article","@id":"https:\/\/www.diagnostik-des-geistes.de\/blog\/autismus-spektrum-storung\/autismus-und-umherwandern\/#article","isPartOf":{"@id":"https:\/\/www.diagnostik-des-geistes.de\/blog\/autismus-spektrum-storung\/autismus-und-umherwandern\/#webpage"},"author":{"@id":"https:\/\/www.diagnostik-des-geistes.de\/blog\/#\/schema\/person\/8eb1bcaf59fea75c780c11946f4e3490"},"headline":"Autismus und Umherwandern","datePublished":"2022-06-03T15:26:47+00:00","dateModified":"2022-07-09T18:33:14+00:00","mainEntityOfPage":{"@id":"https:\/\/www.diagnostik-des-geistes.de\/blog\/autismus-spektrum-storung\/autismus-und-umherwandern\/#webpage"},"wordCount":1526,"publisher":{"@id":"https:\/\/www.diagnostik-des-geistes.de\/blog\/#organization"},"image":{"@id":"https:\/\/www.diagnostik-des-geistes.de\/blog\/autismus-spektrum-storung\/autismus-und-umherwandern\/#primaryimage"},"thumbnailUrl":"https:\/\/www.diagnostik-des-geistes.de\/blog\/wp-content\/uploads\/2022\/02\/bg_top_default.jpg","keywords":["Daten \u00fcber Wanderungen","Diagnoseschl\u00fcssel f\u00fcr Umherwandern","Warum wandern Kinder mit ASD?","Wie k\u00f6nnen wir die Sicherheit dieser Kinder erh\u00f6hen?"],"articleSection":["Autismus-Spektrum-St\u00f6rung"],"inLanguage":"de-DE"},{"@type":"Person","@id":"https:\/\/www.diagnostik-des-geistes.de\/blog\/#\/schema\/person\/8eb1bcaf59fea75c780c11946f4e3490","name":"Diagnostik Geistes","image":{"@type":"ImageObject","@id":"https:\/\/www.diagnostik-des-geistes.de\/blog\/#personlogo","inLanguage":"de-DE","url":"https:\/\/secure.gravatar.com\/avatar\/6743211f010801ea26aa9423a2daab37?s=96&d=mm&r=g","contentUrl":"https:\/\/secure.gravatar.com\/avatar\/6743211f010801ea26aa9423a2daab37?s=96&d=mm&r=g","caption":"Diagnostik Geistes"},"sameAs":["https:\/\/www.diagnostik-des-geistes.de\/blog"],"url":"https:\/\/www.diagnostik-des-geistes.de\/blog\/author\/diagnostyka-umyslu\/"}]}},"amp_enabled":true,"_links":{"self":[{"href":"https:\/\/www.diagnostik-des-geistes.de\/blog\/wp-json\/wp\/v2\/posts\/1252"}],"collection":[{"href":"https:\/\/www.diagnostik-des-geistes.de\/blog\/wp-json\/wp\/v2\/posts"}],"about":[{"href":"https:\/\/www.diagnostik-des-geistes.de\/blog\/wp-json\/wp\/v2\/types\/post"}],"author":[{"embeddable":true,"href":"https:\/\/www.diagnostik-des-geistes.de\/blog\/wp-json\/wp\/v2\/users\/1"}],"replies":[{"embeddable":true,"href":"https:\/\/www.diagnostik-des-geistes.de\/blog\/wp-json\/wp\/v2\/comments?post=1252"}],"version-history":[{"count":2,"href":"https:\/\/www.diagnostik-des-geistes.de\/blog\/wp-json\/wp\/v2\/posts\/1252\/revisions"}],"predecessor-version":[{"id":1317,"href":"https:\/\/www.diagnostik-des-geistes.de\/blog\/wp-json\/wp\/v2\/posts\/1252\/revisions\/1317"}],"wp:featuredmedia":[{"embeddable":true,"href":"https:\/\/www.diagnostik-des-geistes.de\/blog\/wp-json\/wp\/v2\/media\/1282"}],"wp:attachment":[{"href":"https:\/\/www.diagnostik-des-geistes.de\/blog\/wp-json\/wp\/v2\/media?parent=1252"}],"wp:term":[{"taxonomy":"category","embeddable":true,"href":"https:\/\/www.diagnostik-des-geistes.de\/blog\/wp-json\/wp\/v2\/categories?post=1252"},{"taxonomy":"post_tag","embeddable":true,"href":"https:\/\/www.diagnostik-des-geistes.de\/blog\/wp-json\/wp\/v2\/tags?post=1252"}],"curies":[{"name":"wp","href":"https:\/\/api.w.org\/{rel}","templated":true}]}}