{"id":1243,"date":"2022-06-03T17:08:30","date_gmt":"2022-06-03T15:08:30","guid":{"rendered":"https:\/\/www.diagnostik-des-geistes.de\/blog\/?p=1243"},"modified":"2022-07-09T20:33:34","modified_gmt":"2022-07-09T18:33:34","slug":"autismus-terminologie-wie-spricht-man-ueber-autismus","status":"publish","type":"post","link":"https:\/\/www.diagnostik-des-geistes.de\/blog\/autismus-spektrum-storung\/autismus-terminologie-wie-spricht-man-ueber-autismus\/","title":{"rendered":"Autismus-Terminologie &#8211; Wie spricht man \u00fcber Autismus?"},"content":{"rendered":"<p>Wenn man \u00fcber Autismus spricht, verwendet man verschiedene Begriffe. Manche sagen lieber &#8220;autistisches Kind&#8221; und andere &#8220;<a href=\"https:\/\/www.diagnostik-des-geistes.de\/test-fur-autismus-spektrum-storungen\">autistisches Kind<\/a>&#8220;.<\/p>\n<p>Diese beiden Begriffe spiegeln unterschiedliche Denkweisen \u00fcber Autismus wider, und manche Menschen haben starke Gef\u00fchle dazu.<\/p>\n<h4>Die Person im Vordergrund<\/h4>\n<p>Menschen, die den Begriff &#8220;Kind mit Autismus&#8221; verwenden, bevorzugen ihn, weil sie glauben, dass er die Identit\u00e4t des Kindes \u00fcber seine Diagnose hinaus hervorhebt. Sie erkl\u00e4ren, dass Autismus das Kind nicht definiert.<\/p>\n<p>Dies wird gemeinhin als &#8220;person-first language&#8221; bezeichnet und wird h\u00e4ufig als respektvolle Art und Weise empfohlen, \u00fcber Menschen mit Behinderungen und anderen gesundheitlichen Problemen zu sprechen.<\/p>\n<h4>Identit\u00e4t im Vordergrund<\/h4>\n<p>Andere Menschen, darunter viele Autismus-Aktivisten, bevorzugen den Begriff &#8220;autistisch&#8221;, weil sie glauben, dass Autismus nicht als Behinderung oder St\u00f6rung angesehen werden sollte. Stattdessen sollte sie als ein Unterschied, eine Form der so genannten &#8220;Neurodiversit\u00e4t&#8221;, betrachtet werden. Sie sind der Meinung, dass Autismus als Teil der Identit\u00e4t eines Menschen respektiert werden sollte.<\/p>\n<p>Dies wird als &#8220;identit\u00e4tsorientierte&#8221; Sprache bezeichnet. Selbstvertreter von Autisten argumentieren, dass Autismus ein Teil ihrer Pers\u00f6nlichkeit ist &#8211; genau wie andere Bezeichnungen wie katholisch, schwarz, weiblich, usw.<\/p>\n<p>Sie argumentieren, dass die Aussage &#8220;mit Autismus&#8221; suggeriert, dass Autismus etwas Negatives ist, das der Person passiert ist, und nicht ein integraler Bestandteil ihrer Identit\u00e4t.<\/p>\n<p>Am Child Mind Institute verwenden wir sowohl die Begriffe &#8220;autistisch&#8221; als auch &#8220;mit Autismus&#8221;, um die Vielfalt der Meinungen der Menschen zu ber\u00fccksichtigen.<\/p>\n<h4>Asperger-Syndrom<\/h4>\n<p>Manche Menschen bezeichnen ihre Kinder als &#8220;Asperger-St\u00f6rung&#8221; oder einfach als &#8220;Asperger&#8221;.<\/p>\n<p>Dieser Begriff wird verwendet, um autistische Kinder zu beschreiben, die einige Symptome von Autismus, aber keine sprachlichen oder intellektuellen Beeintr\u00e4chtigungen haben. Diese Kinder werden manchmal auch als &#8220;hochfunktionale Kinder mit Autismus&#8221; bezeichnet. Ihre Symptome sind mild und hindern sie in den meisten F\u00e4llen nicht daran, effektiv zu arbeiten und in vielen Bereichen erfolgreich zu sein.<\/p>\n<p>Bis 2013 war das Asperger-Syndrom im DSM-IV, dem offiziellen Leitfaden f\u00fcr psychische St\u00f6rungen, eine vom Autismus getrennte Diagnose. Doch im Jahr 2013, als das DSM aktualisiert wurde (DSM-5), wurde das Asperger-Syndrom in die Diagnose der Autismus-Spektrum-St\u00f6rungen aufgenommen.<\/p>\n<p>Viele Menschen verwenden sie jedoch nach wie vor.<\/p>\n","protected":false},"excerpt":{"rendered":"<p>Wenn man \u00fcber Autismus spricht, verwendet man verschiedene Begriffe. Manche sagen lieber &#8220;autistisches Kind&#8221; und andere &#8220;autistisches Kind&#8220;. Diese beiden Begriffe spiegeln unterschiedliche Denkweisen \u00fcber&#8230;<\/p>\n","protected":false},"author":1,"featured_media":1282,"comment_status":"closed","ping_status":"open","sticky":false,"template":"","format":"standard","meta":{"inline_featured_image":false},"categories":[44],"tags":[98,99,100,103,102,101],"yoast_head":"<!-- This site is optimized with the Yoast SEO plugin v18.1 - https:\/\/yoast.com\/wordpress\/plugins\/seo\/ -->\n<title>Autismus-Terminologie - Wie spricht man \u00fcber Autismus? - Diagnostik des Geistes<\/title>\n<meta name=\"robots\" content=\"index, follow, max-snippet:-1, max-image-preview:large, max-video-preview:-1\" \/>\n<link rel=\"canonical\" href=\"https:\/\/www.diagnostik-des-geistes.de\/blog\/autismus-spektrum-storung\/autismus-terminologie-wie-spricht-man-ueber-autismus\/\" \/>\n<meta property=\"og:locale\" content=\"de_DE\" \/>\n<meta property=\"og:type\" content=\"article\" \/>\n<meta property=\"og:title\" content=\"Autismus-Terminologie - Wie spricht man \u00fcber Autismus? - Diagnostik des Geistes\" \/>\n<meta property=\"og:description\" content=\"Wenn man \u00fcber Autismus spricht, verwendet man verschiedene Begriffe. Manche sagen lieber &#8220;autistisches Kind&#8221; und andere &#8220;autistisches Kind&#8220;. Diese beiden Begriffe spiegeln unterschiedliche Denkweisen \u00fcber...\" \/>\n<meta property=\"og:url\" content=\"https:\/\/www.diagnostik-des-geistes.de\/blog\/autismus-spektrum-storung\/autismus-terminologie-wie-spricht-man-ueber-autismus\/\" \/>\n<meta property=\"og:site_name\" content=\"Diagnostik des Geistes\" \/>\n<meta property=\"article:published_time\" content=\"2022-06-03T15:08:30+00:00\" \/>\n<meta property=\"article:modified_time\" content=\"2022-07-09T18:33:34+00:00\" \/>\n<meta property=\"og:image\" content=\"https:\/\/www.diagnostik-des-geistes.de\/blog\/wp-content\/uploads\/2022\/02\/bg_top_default.jpg\" \/>\n\t<meta property=\"og:image:width\" content=\"840\" \/>\n\t<meta property=\"og:image:height\" content=\"202\" \/>\n\t<meta property=\"og:image:type\" content=\"image\/jpeg\" \/>\n<meta name=\"twitter:card\" content=\"summary_large_image\" \/>\n<meta name=\"twitter:label1\" content=\"Verfasst von\" \/>\n\t<meta name=\"twitter:data1\" content=\"Diagnostik Geistes\" \/>\n\t<meta name=\"twitter:label2\" content=\"Gesch\u00e4tzte Lesezeit\" \/>\n\t<meta name=\"twitter:data2\" content=\"2 Minuten\" \/>\n<script type=\"application\/ld+json\" class=\"yoast-schema-graph\">{\"@context\":\"https:\/\/schema.org\",\"@graph\":[{\"@type\":\"Organization\",\"@id\":\"https:\/\/www.diagnostik-des-geistes.de\/blog\/#organization\",\"name\":\"Diagnostik des Geistes\",\"url\":\"https:\/\/www.diagnostik-des-geistes.de\/blog\/\",\"sameAs\":[],\"logo\":{\"@type\":\"ImageObject\",\"@id\":\"https:\/\/www.diagnostik-des-geistes.de\/blog\/#logo\",\"inLanguage\":\"de-DE\",\"url\":\"https:\/\/www.diagnostik-des-geistes.de\/blog\/wp-content\/uploads\/2022\/02\/Diagnostik-des-Geistes.png\",\"contentUrl\":\"https:\/\/www.diagnostik-des-geistes.de\/blog\/wp-content\/uploads\/2022\/02\/Diagnostik-des-Geistes.png\",\"width\":282,\"height\":92,\"caption\":\"Diagnostik des Geistes\"},\"image\":{\"@id\":\"https:\/\/www.diagnostik-des-geistes.de\/blog\/#logo\"}},{\"@type\":\"WebSite\",\"@id\":\"https:\/\/www.diagnostik-des-geistes.de\/blog\/#website\",\"url\":\"https:\/\/www.diagnostik-des-geistes.de\/blog\/\",\"name\":\"Diagnostik des Geistes\",\"description\":\"Blog \u00fcber psychische St\u00f6rungen\",\"publisher\":{\"@id\":\"https:\/\/www.diagnostik-des-geistes.de\/blog\/#organization\"},\"potentialAction\":[{\"@type\":\"SearchAction\",\"target\":{\"@type\":\"EntryPoint\",\"urlTemplate\":\"https:\/\/www.diagnostik-des-geistes.de\/blog\/?s={search_term_string}\"},\"query-input\":\"required name=search_term_string\"}],\"inLanguage\":\"de-DE\"},{\"@type\":\"ImageObject\",\"@id\":\"https:\/\/www.diagnostik-des-geistes.de\/blog\/autismus-spektrum-storung\/autismus-terminologie-wie-spricht-man-ueber-autismus\/#primaryimage\",\"inLanguage\":\"de-DE\",\"url\":\"https:\/\/www.diagnostik-des-geistes.de\/blog\/wp-content\/uploads\/2022\/02\/bg_top_default.jpg\",\"contentUrl\":\"https:\/\/www.diagnostik-des-geistes.de\/blog\/wp-content\/uploads\/2022\/02\/bg_top_default.jpg\",\"width\":840,\"height\":202},{\"@type\":\"WebPage\",\"@id\":\"https:\/\/www.diagnostik-des-geistes.de\/blog\/autismus-spektrum-storung\/autismus-terminologie-wie-spricht-man-ueber-autismus\/#webpage\",\"url\":\"https:\/\/www.diagnostik-des-geistes.de\/blog\/autismus-spektrum-storung\/autismus-terminologie-wie-spricht-man-ueber-autismus\/\",\"name\":\"Autismus-Terminologie - Wie spricht man \u00fcber Autismus? - Diagnostik des Geistes\",\"isPartOf\":{\"@id\":\"https:\/\/www.diagnostik-des-geistes.de\/blog\/#website\"},\"primaryImageOfPage\":{\"@id\":\"https:\/\/www.diagnostik-des-geistes.de\/blog\/autismus-spektrum-storung\/autismus-terminologie-wie-spricht-man-ueber-autismus\/#primaryimage\"},\"datePublished\":\"2022-06-03T15:08:30+00:00\",\"dateModified\":\"2022-07-09T18:33:34+00:00\",\"breadcrumb\":{\"@id\":\"https:\/\/www.diagnostik-des-geistes.de\/blog\/autismus-spektrum-storung\/autismus-terminologie-wie-spricht-man-ueber-autismus\/#breadcrumb\"},\"inLanguage\":\"de-DE\",\"potentialAction\":[{\"@type\":\"ReadAction\",\"target\":[\"https:\/\/www.diagnostik-des-geistes.de\/blog\/autismus-spektrum-storung\/autismus-terminologie-wie-spricht-man-ueber-autismus\/\"]}]},{\"@type\":\"BreadcrumbList\",\"@id\":\"https:\/\/www.diagnostik-des-geistes.de\/blog\/autismus-spektrum-storung\/autismus-terminologie-wie-spricht-man-ueber-autismus\/#breadcrumb\",\"itemListElement\":[{\"@type\":\"ListItem\",\"position\":1,\"name\":\"Homepage\",\"item\":\"https:\/\/www.diagnostik-des-geistes.de\/blog\/\"},{\"@type\":\"ListItem\",\"position\":2,\"name\":\"Autismus\",\"item\":\"https:\/\/www.diagnostik-des-geistes.de\/blog\/autismus-spektrum-storung\/\"},{\"@type\":\"ListItem\",\"position\":3,\"name\":\"Autismus-Terminologie &#8211; Wie spricht man \u00fcber Autismus?\"}]},{\"@type\":\"Article\",\"@id\":\"https:\/\/www.diagnostik-des-geistes.de\/blog\/autismus-spektrum-storung\/autismus-terminologie-wie-spricht-man-ueber-autismus\/#article\",\"isPartOf\":{\"@id\":\"https:\/\/www.diagnostik-des-geistes.de\/blog\/autismus-spektrum-storung\/autismus-terminologie-wie-spricht-man-ueber-autismus\/#webpage\"},\"author\":{\"@id\":\"https:\/\/www.diagnostik-des-geistes.de\/blog\/#\/schema\/person\/8eb1bcaf59fea75c780c11946f4e3490\"},\"headline\":\"Autismus-Terminologie &#8211; Wie spricht man \u00fcber Autismus?\",\"datePublished\":\"2022-06-03T15:08:30+00:00\",\"dateModified\":\"2022-07-09T18:33:34+00:00\",\"mainEntityOfPage\":{\"@id\":\"https:\/\/www.diagnostik-des-geistes.de\/blog\/autismus-spektrum-storung\/autismus-terminologie-wie-spricht-man-ueber-autismus\/#webpage\"},\"wordCount\":360,\"publisher\":{\"@id\":\"https:\/\/www.diagnostik-des-geistes.de\/blog\/#organization\"},\"image\":{\"@id\":\"https:\/\/www.diagnostik-des-geistes.de\/blog\/autismus-spektrum-storung\/autismus-terminologie-wie-spricht-man-ueber-autismus\/#primaryimage\"},\"thumbnailUrl\":\"https:\/\/www.diagnostik-des-geistes.de\/blog\/wp-content\/uploads\/2022\/02\/bg_top_default.jpg\",\"keywords\":[\"autistisch\",\"autistisches Kind\",\"Kind mit Autismus\",\"mit Asperger-Syndrom\",\"mit Autismus\",\"Terminologie des Autismus\"],\"articleSection\":[\"Autismus-Spektrum-St\u00f6rung\"],\"inLanguage\":\"de-DE\"},{\"@type\":\"Person\",\"@id\":\"https:\/\/www.diagnostik-des-geistes.de\/blog\/#\/schema\/person\/8eb1bcaf59fea75c780c11946f4e3490\",\"name\":\"Diagnostik Geistes\",\"image\":{\"@type\":\"ImageObject\",\"@id\":\"https:\/\/www.diagnostik-des-geistes.de\/blog\/#personlogo\",\"inLanguage\":\"de-DE\",\"url\":\"https:\/\/secure.gravatar.com\/avatar\/6743211f010801ea26aa9423a2daab37?s=96&d=mm&r=g\",\"contentUrl\":\"https:\/\/secure.gravatar.com\/avatar\/6743211f010801ea26aa9423a2daab37?s=96&d=mm&r=g\",\"caption\":\"Diagnostik Geistes\"},\"sameAs\":[\"https:\/\/www.diagnostik-des-geistes.de\/blog\"],\"url\":\"https:\/\/www.diagnostik-des-geistes.de\/blog\/author\/diagnostyka-umyslu\/\"}]}<\/script>\n<!-- \/ Yoast SEO plugin. -->","yoast_head_json":{"title":"Autismus-Terminologie - Wie spricht man \u00fcber Autismus? - Diagnostik des Geistes","robots":{"index":"index","follow":"follow","max-snippet":"max-snippet:-1","max-image-preview":"max-image-preview:large","max-video-preview":"max-video-preview:-1"},"canonical":"https:\/\/www.diagnostik-des-geistes.de\/blog\/autismus-spektrum-storung\/autismus-terminologie-wie-spricht-man-ueber-autismus\/","og_locale":"de_DE","og_type":"article","og_title":"Autismus-Terminologie - Wie spricht man \u00fcber Autismus? - Diagnostik des Geistes","og_description":"Wenn man \u00fcber Autismus spricht, verwendet man verschiedene Begriffe. Manche sagen lieber &#8220;autistisches Kind&#8221; und andere &#8220;autistisches Kind&#8220;. Diese beiden Begriffe spiegeln unterschiedliche Denkweisen \u00fcber...","og_url":"https:\/\/www.diagnostik-des-geistes.de\/blog\/autismus-spektrum-storung\/autismus-terminologie-wie-spricht-man-ueber-autismus\/","og_site_name":"Diagnostik des Geistes","article_published_time":"2022-06-03T15:08:30+00:00","article_modified_time":"2022-07-09T18:33:34+00:00","og_image":[{"width":840,"height":202,"url":"https:\/\/www.diagnostik-des-geistes.de\/blog\/wp-content\/uploads\/2022\/02\/bg_top_default.jpg","type":"image\/jpeg"}],"twitter_card":"summary_large_image","twitter_misc":{"Verfasst von":"Diagnostik Geistes","Gesch\u00e4tzte Lesezeit":"2 Minuten"},"schema":{"@context":"https:\/\/schema.org","@graph":[{"@type":"Organization","@id":"https:\/\/www.diagnostik-des-geistes.de\/blog\/#organization","name":"Diagnostik des Geistes","url":"https:\/\/www.diagnostik-des-geistes.de\/blog\/","sameAs":[],"logo":{"@type":"ImageObject","@id":"https:\/\/www.diagnostik-des-geistes.de\/blog\/#logo","inLanguage":"de-DE","url":"https:\/\/www.diagnostik-des-geistes.de\/blog\/wp-content\/uploads\/2022\/02\/Diagnostik-des-Geistes.png","contentUrl":"https:\/\/www.diagnostik-des-geistes.de\/blog\/wp-content\/uploads\/2022\/02\/Diagnostik-des-Geistes.png","width":282,"height":92,"caption":"Diagnostik des Geistes"},"image":{"@id":"https:\/\/www.diagnostik-des-geistes.de\/blog\/#logo"}},{"@type":"WebSite","@id":"https:\/\/www.diagnostik-des-geistes.de\/blog\/#website","url":"https:\/\/www.diagnostik-des-geistes.de\/blog\/","name":"Diagnostik des Geistes","description":"Blog \u00fcber psychische St\u00f6rungen","publisher":{"@id":"https:\/\/www.diagnostik-des-geistes.de\/blog\/#organization"},"potentialAction":[{"@type":"SearchAction","target":{"@type":"EntryPoint","urlTemplate":"https:\/\/www.diagnostik-des-geistes.de\/blog\/?s={search_term_string}"},"query-input":"required name=search_term_string"}],"inLanguage":"de-DE"},{"@type":"ImageObject","@id":"https:\/\/www.diagnostik-des-geistes.de\/blog\/autismus-spektrum-storung\/autismus-terminologie-wie-spricht-man-ueber-autismus\/#primaryimage","inLanguage":"de-DE","url":"https:\/\/www.diagnostik-des-geistes.de\/blog\/wp-content\/uploads\/2022\/02\/bg_top_default.jpg","contentUrl":"https:\/\/www.diagnostik-des-geistes.de\/blog\/wp-content\/uploads\/2022\/02\/bg_top_default.jpg","width":840,"height":202},{"@type":"WebPage","@id":"https:\/\/www.diagnostik-des-geistes.de\/blog\/autismus-spektrum-storung\/autismus-terminologie-wie-spricht-man-ueber-autismus\/#webpage","url":"https:\/\/www.diagnostik-des-geistes.de\/blog\/autismus-spektrum-storung\/autismus-terminologie-wie-spricht-man-ueber-autismus\/","name":"Autismus-Terminologie - Wie spricht man \u00fcber Autismus? - Diagnostik des Geistes","isPartOf":{"@id":"https:\/\/www.diagnostik-des-geistes.de\/blog\/#website"},"primaryImageOfPage":{"@id":"https:\/\/www.diagnostik-des-geistes.de\/blog\/autismus-spektrum-storung\/autismus-terminologie-wie-spricht-man-ueber-autismus\/#primaryimage"},"datePublished":"2022-06-03T15:08:30+00:00","dateModified":"2022-07-09T18:33:34+00:00","breadcrumb":{"@id":"https:\/\/www.diagnostik-des-geistes.de\/blog\/autismus-spektrum-storung\/autismus-terminologie-wie-spricht-man-ueber-autismus\/#breadcrumb"},"inLanguage":"de-DE","potentialAction":[{"@type":"ReadAction","target":["https:\/\/www.diagnostik-des-geistes.de\/blog\/autismus-spektrum-storung\/autismus-terminologie-wie-spricht-man-ueber-autismus\/"]}]},{"@type":"BreadcrumbList","@id":"https:\/\/www.diagnostik-des-geistes.de\/blog\/autismus-spektrum-storung\/autismus-terminologie-wie-spricht-man-ueber-autismus\/#breadcrumb","itemListElement":[{"@type":"ListItem","position":1,"name":"Homepage","item":"https:\/\/www.diagnostik-des-geistes.de\/blog\/"},{"@type":"ListItem","position":2,"name":"Autismus","item":"https:\/\/www.diagnostik-des-geistes.de\/blog\/autismus-spektrum-storung\/"},{"@type":"ListItem","position":3,"name":"Autismus-Terminologie &#8211; Wie spricht man \u00fcber Autismus?"}]},{"@type":"Article","@id":"https:\/\/www.diagnostik-des-geistes.de\/blog\/autismus-spektrum-storung\/autismus-terminologie-wie-spricht-man-ueber-autismus\/#article","isPartOf":{"@id":"https:\/\/www.diagnostik-des-geistes.de\/blog\/autismus-spektrum-storung\/autismus-terminologie-wie-spricht-man-ueber-autismus\/#webpage"},"author":{"@id":"https:\/\/www.diagnostik-des-geistes.de\/blog\/#\/schema\/person\/8eb1bcaf59fea75c780c11946f4e3490"},"headline":"Autismus-Terminologie &#8211; Wie spricht man \u00fcber Autismus?","datePublished":"2022-06-03T15:08:30+00:00","dateModified":"2022-07-09T18:33:34+00:00","mainEntityOfPage":{"@id":"https:\/\/www.diagnostik-des-geistes.de\/blog\/autismus-spektrum-storung\/autismus-terminologie-wie-spricht-man-ueber-autismus\/#webpage"},"wordCount":360,"publisher":{"@id":"https:\/\/www.diagnostik-des-geistes.de\/blog\/#organization"},"image":{"@id":"https:\/\/www.diagnostik-des-geistes.de\/blog\/autismus-spektrum-storung\/autismus-terminologie-wie-spricht-man-ueber-autismus\/#primaryimage"},"thumbnailUrl":"https:\/\/www.diagnostik-des-geistes.de\/blog\/wp-content\/uploads\/2022\/02\/bg_top_default.jpg","keywords":["autistisch","autistisches Kind","Kind mit Autismus","mit Asperger-Syndrom","mit Autismus","Terminologie des Autismus"],"articleSection":["Autismus-Spektrum-St\u00f6rung"],"inLanguage":"de-DE"},{"@type":"Person","@id":"https:\/\/www.diagnostik-des-geistes.de\/blog\/#\/schema\/person\/8eb1bcaf59fea75c780c11946f4e3490","name":"Diagnostik Geistes","image":{"@type":"ImageObject","@id":"https:\/\/www.diagnostik-des-geistes.de\/blog\/#personlogo","inLanguage":"de-DE","url":"https:\/\/secure.gravatar.com\/avatar\/6743211f010801ea26aa9423a2daab37?s=96&d=mm&r=g","contentUrl":"https:\/\/secure.gravatar.com\/avatar\/6743211f010801ea26aa9423a2daab37?s=96&d=mm&r=g","caption":"Diagnostik Geistes"},"sameAs":["https:\/\/www.diagnostik-des-geistes.de\/blog"],"url":"https:\/\/www.diagnostik-des-geistes.de\/blog\/author\/diagnostyka-umyslu\/"}]}},"amp_enabled":true,"_links":{"self":[{"href":"https:\/\/www.diagnostik-des-geistes.de\/blog\/wp-json\/wp\/v2\/posts\/1243"}],"collection":[{"href":"https:\/\/www.diagnostik-des-geistes.de\/blog\/wp-json\/wp\/v2\/posts"}],"about":[{"href":"https:\/\/www.diagnostik-des-geistes.de\/blog\/wp-json\/wp\/v2\/types\/post"}],"author":[{"embeddable":true,"href":"https:\/\/www.diagnostik-des-geistes.de\/blog\/wp-json\/wp\/v2\/users\/1"}],"replies":[{"embeddable":true,"href":"https:\/\/www.diagnostik-des-geistes.de\/blog\/wp-json\/wp\/v2\/comments?post=1243"}],"version-history":[{"count":2,"href":"https:\/\/www.diagnostik-des-geistes.de\/blog\/wp-json\/wp\/v2\/posts\/1243\/revisions"}],"predecessor-version":[{"id":1318,"href":"https:\/\/www.diagnostik-des-geistes.de\/blog\/wp-json\/wp\/v2\/posts\/1243\/revisions\/1318"}],"wp:featuredmedia":[{"embeddable":true,"href":"https:\/\/www.diagnostik-des-geistes.de\/blog\/wp-json\/wp\/v2\/media\/1282"}],"wp:attachment":[{"href":"https:\/\/www.diagnostik-des-geistes.de\/blog\/wp-json\/wp\/v2\/media?parent=1243"}],"wp:term":[{"taxonomy":"category","embeddable":true,"href":"https:\/\/www.diagnostik-des-geistes.de\/blog\/wp-json\/wp\/v2\/categories?post=1243"},{"taxonomy":"post_tag","embeddable":true,"href":"https:\/\/www.diagnostik-des-geistes.de\/blog\/wp-json\/wp\/v2\/tags?post=1243"}],"curies":[{"name":"wp","href":"https:\/\/api.w.org\/{rel}","templated":true}]}}