{"id":1042,"date":"2022-02-14T15:22:14","date_gmt":"2022-02-14T14:22:14","guid":{"rendered":"https:\/\/www.diagnostyka-umyslu.pl\/blog\/?p=1042"},"modified":"2022-07-09T20:34:39","modified_gmt":"2022-07-09T18:34:39","slug":"wie-kann-man-sich-selbst-diagnostizieren","status":"publish","type":"post","link":"https:\/\/www.diagnostik-des-geistes.de\/blog\/autismus-spektrum-storung\/wie-kann-man-sich-selbst-diagnostizieren\/","title":{"rendered":"Wie kann man sich selbst diagnostizieren?"},"content":{"rendered":"<h4>1. Sprechen Sie mit einer Fachkraft und lassen Sie sich beraten<\/h4>\n<p>Wenn Sie oder Ihr Kind Anzeichen von <a href=\"https:\/\/www.diagnostik-des-geistes.de\/test-fur-autismus-spektrum-storungen\">Autismus<\/a> haben, ist der n\u00e4chste Schritt, mit jemandem dar\u00fcber zu sprechen.<\/p>\n<p>Sie k\u00f6nnen mit uns sprechen:<\/p>\n<ul>\n<li>Ihr Hausarzt<\/li>\n<li>Eine Gemeindeschwester (f\u00fcr Kinder unter 5 Jahren)<\/li>\n<li>eine andere medizinische Fachkraft, z. B. einen anderen Arzt oder Therapeuten<\/li>\n<li>Personal mit sonderp\u00e4dagogischer Ausbildung an der Schule Ihres Kindes<\/li>\n<\/ul>\n<p>Fragen Sie sie, ob sie es f\u00fcr eine gute Idee halten, Sie zu einer Autismus-Beurteilung zu \u00fcberweisen.<br \/>\nDie Bewertung wird von Autismusspezialisten durchgef\u00fchrt. Nur so k\u00f6nnen Sie herausfinden, ob Sie oder Ihr Kind an Autismus leiden.<\/p>\n<h4>Tipps f\u00fcr das Gespr\u00e4ch mit jemandem:<\/h4>\n<p>Schreiben Sie eine Liste der Autismus-Symptome, die Sie bei sich oder Ihrem Kind vermuten, und nehmen Sie sie mit.<br \/>\nFragen Sie Menschen, die Sie oder Ihr Kind gut kennen (z. B. Freunde, Familie oder Lehrer), ob sie m\u00f6gliche Anzeichen bemerkt haben, die Sie in Ihre Liste aufnehmen k\u00f6nnten<br \/>\nNehmen Sie Stift und Papier mit, damit Sie sich Notizen machen k\u00f6nnen.<br \/>\nNehmen Sie Ihr Kind oder eine Person, die Sie gut kennt, mit, wenn Sie glauben, dass dies hilfreich sein k\u00f6nnte (Sie m\u00fcssen es nicht)<br \/>\nversuchen Sie, nicht zu viel \u00fcber andere Dinge zu sprechen &#8211; Autismus sollte das Hauptthema sein, \u00fcber das Sie sprechen<\/p>\n<h4>2. eine Autismus-Bewertung durchf\u00fchren<\/h4>\n<p>Bei einer Autismus-Bewertung pr\u00fcft ein Team von Autismus-Spezialisten, ob Sie oder Ihr Kind an Autismus leiden.<\/p>\n<p>Das Bewertungsteam kann:<\/p>\n<ul>\n<li>nach den Problemen fragen, die Sie oder Ihr Kind haben<\/li>\n<li>beobachten, wie Sie oder Ihr Kind mit anderen Menschen interagieren<\/li>\n<li>mit Personen sprechen m\u00f6chten, die Sie oder Ihr Kind gut kennen, wie Familie, Freunde, Ihr Hausarzt oder die Lehrer Ihres Kindes<\/li>\n<\/ul>\n<p>Am Ende der Untersuchung erhalten Sie einen Bericht, aus dem hervorgeht, ob Sie oder Ihr Kind an Autismus leiden.<\/p>\n<p>Wie kann eine Diagnose helfen?<\/p>\n<p>F\u00fcr Eltern und Kinder kann eine Diagnose hilfreich sein:<\/p>\n<ul>\n<li>die Bed\u00fcrfnisse Ihres Kindes verstehen<\/li>\n<li>Unterst\u00fctzung f\u00fcr Ihr Kind in der Schule erhalten<\/li>\n<li>Unterst\u00fctzung f\u00fcr Eltern und Betreuer zu erhalten, z. B. in Form von finanziellen Leistungen<\/li>\n<li>zu verstehen, dass Ihr Kind nicht nur &#8220;ungezogen&#8221; oder &#8220;schwierig&#8221; ist<\/li>\n<\/ul>\n<p>Bei Erwachsenen kann eine Diagnose Ihnen helfen:<\/p>\n<ul>\n<li>zu verstehen, warum manche Dinge f\u00fcr Sie schwieriger sein k\u00f6nnen als f\u00fcr andere Menschen<\/li>\n<li>anderen zu erkl\u00e4ren, warum Sie die Welt anders sehen und empfinden<\/li>\n<li>Unterst\u00fctzung in der Schule, an der Universit\u00e4t oder am Arbeitsplatz erhalten<\/li>\n<li>finanzielle Vorteile erzielen<\/li>\n<\/ul>\n<p>Wenn Sie Schwierigkeiten haben, eine Diagnose zu erhalten<\/p>\n<p>Es ist nicht immer einfach, eine Autismus-Bewertung zu erhalten. Auch die Wartezeiten k\u00f6nnen sehr lang sein.<br \/>\nWenn Sie Schwierigkeiten haben, eine Beurteilung zu erhalten, k\u00f6nnen Sie darum bitten, mit einer anderen Person zu sprechen, z. B. mit einem anderen Hausarzt &#8211; dies wird als Einholung einer zweiten Meinung bezeichnet.<br \/>\nEs kann auch hilfreich sein, mit anderen Menschen zu sprechen, die sich in einer \u00e4hnlichen Situation befunden haben.<\/p>\n","protected":false},"excerpt":{"rendered":"<p>1. Sprechen Sie mit einer Fachkraft und lassen Sie sich beraten Wenn Sie oder Ihr Kind Anzeichen von Autismus haben, ist der n\u00e4chste Schritt, mit&#8230;<\/p>\n","protected":false},"author":1,"featured_media":1055,"comment_status":"closed","ping_status":"open","sticky":false,"template":"","format":"standard","meta":{"inline_featured_image":false},"categories":[44],"tags":[],"yoast_head":"<!-- This site is optimized with the Yoast SEO plugin v18.1 - https:\/\/yoast.com\/wordpress\/plugins\/seo\/ -->\n<title>Diagnose von Autismus-Spektrum-St\u00f6rungen - Diagnostik des Geistes<\/title>\n<meta name=\"description\" content=\"Diagnose von Autismus-Spektrum-St\u00f6rungen (ASD). Klassifizierung, Beschreibung des Autismus und des diagnostischen Prozesses. Warum ist die Diagnose wichtig?\" \/>\n<meta name=\"robots\" content=\"index, follow, max-snippet:-1, max-image-preview:large, max-video-preview:-1\" \/>\n<link rel=\"canonical\" href=\"https:\/\/www.diagnostik-des-geistes.de\/blog\/autismus-spektrum-storung\/wie-kann-man-sich-selbst-diagnostizieren\/\" \/>\n<meta property=\"og:locale\" content=\"de_DE\" \/>\n<meta property=\"og:type\" content=\"article\" \/>\n<meta property=\"og:title\" content=\"Diagnose von Autismus-Spektrum-St\u00f6rungen - Diagnostik des Geistes\" \/>\n<meta property=\"og:description\" content=\"Diagnose von Autismus-Spektrum-St\u00f6rungen (ASD). Klassifizierung, Beschreibung des Autismus und des diagnostischen Prozesses. Warum ist die Diagnose wichtig?\" \/>\n<meta property=\"og:url\" content=\"https:\/\/www.diagnostik-des-geistes.de\/blog\/autismus-spektrum-storung\/wie-kann-man-sich-selbst-diagnostizieren\/\" \/>\n<meta property=\"og:site_name\" content=\"Diagnostik des Geistes\" \/>\n<meta property=\"article:published_time\" content=\"2022-02-14T14:22:14+00:00\" \/>\n<meta property=\"article:modified_time\" content=\"2022-07-09T18:34:39+00:00\" \/>\n<meta property=\"og:image\" content=\"https:\/\/www.diagnostik-des-geistes.de\/blog\/wp-content\/uploads\/2021\/07\/3.jpg\" \/>\n\t<meta property=\"og:image:width\" content=\"839\" \/>\n\t<meta property=\"og:image:height\" content=\"400\" \/>\n\t<meta property=\"og:image:type\" content=\"image\/jpeg\" \/>\n<meta name=\"twitter:card\" content=\"summary_large_image\" \/>\n<meta name=\"twitter:label1\" content=\"Verfasst von\" \/>\n\t<meta name=\"twitter:data1\" content=\"Diagnostik Geistes\" \/>\n\t<meta name=\"twitter:label2\" content=\"Gesch\u00e4tzte Lesezeit\" \/>\n\t<meta name=\"twitter:data2\" content=\"3 Minuten\" \/>\n<script type=\"application\/ld+json\" class=\"yoast-schema-graph\">{\"@context\":\"https:\/\/schema.org\",\"@graph\":[{\"@type\":\"Organization\",\"@id\":\"https:\/\/www.diagnostik-des-geistes.de\/blog\/#organization\",\"name\":\"Diagnostik des Geistes\",\"url\":\"https:\/\/www.diagnostik-des-geistes.de\/blog\/\",\"sameAs\":[],\"logo\":{\"@type\":\"ImageObject\",\"@id\":\"https:\/\/www.diagnostik-des-geistes.de\/blog\/#logo\",\"inLanguage\":\"de-DE\",\"url\":\"https:\/\/www.diagnostik-des-geistes.de\/blog\/wp-content\/uploads\/2022\/02\/Diagnostik-des-Geistes.png\",\"contentUrl\":\"https:\/\/www.diagnostik-des-geistes.de\/blog\/wp-content\/uploads\/2022\/02\/Diagnostik-des-Geistes.png\",\"width\":282,\"height\":92,\"caption\":\"Diagnostik des Geistes\"},\"image\":{\"@id\":\"https:\/\/www.diagnostik-des-geistes.de\/blog\/#logo\"}},{\"@type\":\"WebSite\",\"@id\":\"https:\/\/www.diagnostik-des-geistes.de\/blog\/#website\",\"url\":\"https:\/\/www.diagnostik-des-geistes.de\/blog\/\",\"name\":\"Diagnostik des Geistes\",\"description\":\"Blog \u00fcber psychische St\u00f6rungen\",\"publisher\":{\"@id\":\"https:\/\/www.diagnostik-des-geistes.de\/blog\/#organization\"},\"potentialAction\":[{\"@type\":\"SearchAction\",\"target\":{\"@type\":\"EntryPoint\",\"urlTemplate\":\"https:\/\/www.diagnostik-des-geistes.de\/blog\/?s={search_term_string}\"},\"query-input\":\"required name=search_term_string\"}],\"inLanguage\":\"de-DE\"},{\"@type\":\"ImageObject\",\"@id\":\"https:\/\/www.diagnostik-des-geistes.de\/blog\/autismus-spektrum-storung\/wie-kann-man-sich-selbst-diagnostizieren\/#primaryimage\",\"inLanguage\":\"de-DE\",\"url\":\"https:\/\/www.diagnostik-des-geistes.de\/blog\/wp-content\/uploads\/2021\/07\/3.jpg\",\"contentUrl\":\"https:\/\/www.diagnostik-des-geistes.de\/blog\/wp-content\/uploads\/2021\/07\/3.jpg\",\"width\":839,\"height\":400,\"caption\":\"Jak si\u0119 zdiagnozowa\u0107?\"},{\"@type\":\"WebPage\",\"@id\":\"https:\/\/www.diagnostik-des-geistes.de\/blog\/autismus-spektrum-storung\/wie-kann-man-sich-selbst-diagnostizieren\/#webpage\",\"url\":\"https:\/\/www.diagnostik-des-geistes.de\/blog\/autismus-spektrum-storung\/wie-kann-man-sich-selbst-diagnostizieren\/\",\"name\":\"Diagnose von Autismus-Spektrum-St\u00f6rungen - Diagnostik des Geistes\",\"isPartOf\":{\"@id\":\"https:\/\/www.diagnostik-des-geistes.de\/blog\/#website\"},\"primaryImageOfPage\":{\"@id\":\"https:\/\/www.diagnostik-des-geistes.de\/blog\/autismus-spektrum-storung\/wie-kann-man-sich-selbst-diagnostizieren\/#primaryimage\"},\"datePublished\":\"2022-02-14T14:22:14+00:00\",\"dateModified\":\"2022-07-09T18:34:39+00:00\",\"description\":\"Diagnose von Autismus-Spektrum-St\u00f6rungen (ASD). Klassifizierung, Beschreibung des Autismus und des diagnostischen Prozesses. Warum ist die Diagnose wichtig?\",\"breadcrumb\":{\"@id\":\"https:\/\/www.diagnostik-des-geistes.de\/blog\/autismus-spektrum-storung\/wie-kann-man-sich-selbst-diagnostizieren\/#breadcrumb\"},\"inLanguage\":\"de-DE\",\"potentialAction\":[{\"@type\":\"ReadAction\",\"target\":[\"https:\/\/www.diagnostik-des-geistes.de\/blog\/autismus-spektrum-storung\/wie-kann-man-sich-selbst-diagnostizieren\/\"]}]},{\"@type\":\"BreadcrumbList\",\"@id\":\"https:\/\/www.diagnostik-des-geistes.de\/blog\/autismus-spektrum-storung\/wie-kann-man-sich-selbst-diagnostizieren\/#breadcrumb\",\"itemListElement\":[{\"@type\":\"ListItem\",\"position\":1,\"name\":\"Homepage\",\"item\":\"https:\/\/www.diagnostik-des-geistes.de\/blog\/\"},{\"@type\":\"ListItem\",\"position\":2,\"name\":\"Autismus\",\"item\":\"https:\/\/www.diagnostik-des-geistes.de\/blog\/autismus-spektrum-storung\/\"},{\"@type\":\"ListItem\",\"position\":3,\"name\":\"Diagnose\"}]},{\"@type\":\"Article\",\"@id\":\"https:\/\/www.diagnostik-des-geistes.de\/blog\/autismus-spektrum-storung\/wie-kann-man-sich-selbst-diagnostizieren\/#article\",\"isPartOf\":{\"@id\":\"https:\/\/www.diagnostik-des-geistes.de\/blog\/autismus-spektrum-storung\/wie-kann-man-sich-selbst-diagnostizieren\/#webpage\"},\"author\":{\"@id\":\"https:\/\/www.diagnostik-des-geistes.de\/blog\/#\/schema\/person\/8eb1bcaf59fea75c780c11946f4e3490\"},\"headline\":\"Wie kann man sich selbst diagnostizieren?\",\"datePublished\":\"2022-02-14T14:22:14+00:00\",\"dateModified\":\"2022-07-09T18:34:39+00:00\",\"mainEntityOfPage\":{\"@id\":\"https:\/\/www.diagnostik-des-geistes.de\/blog\/autismus-spektrum-storung\/wie-kann-man-sich-selbst-diagnostizieren\/#webpage\"},\"wordCount\":500,\"publisher\":{\"@id\":\"https:\/\/www.diagnostik-des-geistes.de\/blog\/#organization\"},\"image\":{\"@id\":\"https:\/\/www.diagnostik-des-geistes.de\/blog\/autismus-spektrum-storung\/wie-kann-man-sich-selbst-diagnostizieren\/#primaryimage\"},\"thumbnailUrl\":\"https:\/\/www.diagnostik-des-geistes.de\/blog\/wp-content\/uploads\/2021\/07\/3.jpg\",\"articleSection\":[\"Autismus-Spektrum-St\u00f6rung\"],\"inLanguage\":\"de-DE\"},{\"@type\":\"Person\",\"@id\":\"https:\/\/www.diagnostik-des-geistes.de\/blog\/#\/schema\/person\/8eb1bcaf59fea75c780c11946f4e3490\",\"name\":\"Diagnostik Geistes\",\"image\":{\"@type\":\"ImageObject\",\"@id\":\"https:\/\/www.diagnostik-des-geistes.de\/blog\/#personlogo\",\"inLanguage\":\"de-DE\",\"url\":\"https:\/\/secure.gravatar.com\/avatar\/6743211f010801ea26aa9423a2daab37?s=96&d=mm&r=g\",\"contentUrl\":\"https:\/\/secure.gravatar.com\/avatar\/6743211f010801ea26aa9423a2daab37?s=96&d=mm&r=g\",\"caption\":\"Diagnostik Geistes\"},\"sameAs\":[\"https:\/\/www.diagnostik-des-geistes.de\/blog\"],\"url\":\"https:\/\/www.diagnostik-des-geistes.de\/blog\/author\/diagnostyka-umyslu\/\"}]}<\/script>\n<!-- \/ Yoast SEO plugin. -->","yoast_head_json":{"title":"Diagnose von Autismus-Spektrum-St\u00f6rungen - Diagnostik des Geistes","description":"Diagnose von Autismus-Spektrum-St\u00f6rungen (ASD). Klassifizierung, Beschreibung des Autismus und des diagnostischen Prozesses. Warum ist die Diagnose wichtig?","robots":{"index":"index","follow":"follow","max-snippet":"max-snippet:-1","max-image-preview":"max-image-preview:large","max-video-preview":"max-video-preview:-1"},"canonical":"https:\/\/www.diagnostik-des-geistes.de\/blog\/autismus-spektrum-storung\/wie-kann-man-sich-selbst-diagnostizieren\/","og_locale":"de_DE","og_type":"article","og_title":"Diagnose von Autismus-Spektrum-St\u00f6rungen - Diagnostik des Geistes","og_description":"Diagnose von Autismus-Spektrum-St\u00f6rungen (ASD). Klassifizierung, Beschreibung des Autismus und des diagnostischen Prozesses. Warum ist die Diagnose wichtig?","og_url":"https:\/\/www.diagnostik-des-geistes.de\/blog\/autismus-spektrum-storung\/wie-kann-man-sich-selbst-diagnostizieren\/","og_site_name":"Diagnostik des Geistes","article_published_time":"2022-02-14T14:22:14+00:00","article_modified_time":"2022-07-09T18:34:39+00:00","og_image":[{"width":839,"height":400,"url":"https:\/\/www.diagnostik-des-geistes.de\/blog\/wp-content\/uploads\/2021\/07\/3.jpg","type":"image\/jpeg"}],"twitter_card":"summary_large_image","twitter_misc":{"Verfasst von":"Diagnostik Geistes","Gesch\u00e4tzte Lesezeit":"3 Minuten"},"schema":{"@context":"https:\/\/schema.org","@graph":[{"@type":"Organization","@id":"https:\/\/www.diagnostik-des-geistes.de\/blog\/#organization","name":"Diagnostik des Geistes","url":"https:\/\/www.diagnostik-des-geistes.de\/blog\/","sameAs":[],"logo":{"@type":"ImageObject","@id":"https:\/\/www.diagnostik-des-geistes.de\/blog\/#logo","inLanguage":"de-DE","url":"https:\/\/www.diagnostik-des-geistes.de\/blog\/wp-content\/uploads\/2022\/02\/Diagnostik-des-Geistes.png","contentUrl":"https:\/\/www.diagnostik-des-geistes.de\/blog\/wp-content\/uploads\/2022\/02\/Diagnostik-des-Geistes.png","width":282,"height":92,"caption":"Diagnostik des Geistes"},"image":{"@id":"https:\/\/www.diagnostik-des-geistes.de\/blog\/#logo"}},{"@type":"WebSite","@id":"https:\/\/www.diagnostik-des-geistes.de\/blog\/#website","url":"https:\/\/www.diagnostik-des-geistes.de\/blog\/","name":"Diagnostik des Geistes","description":"Blog \u00fcber psychische St\u00f6rungen","publisher":{"@id":"https:\/\/www.diagnostik-des-geistes.de\/blog\/#organization"},"potentialAction":[{"@type":"SearchAction","target":{"@type":"EntryPoint","urlTemplate":"https:\/\/www.diagnostik-des-geistes.de\/blog\/?s={search_term_string}"},"query-input":"required name=search_term_string"}],"inLanguage":"de-DE"},{"@type":"ImageObject","@id":"https:\/\/www.diagnostik-des-geistes.de\/blog\/autismus-spektrum-storung\/wie-kann-man-sich-selbst-diagnostizieren\/#primaryimage","inLanguage":"de-DE","url":"https:\/\/www.diagnostik-des-geistes.de\/blog\/wp-content\/uploads\/2021\/07\/3.jpg","contentUrl":"https:\/\/www.diagnostik-des-geistes.de\/blog\/wp-content\/uploads\/2021\/07\/3.jpg","width":839,"height":400,"caption":"Jak si\u0119 zdiagnozowa\u0107?"},{"@type":"WebPage","@id":"https:\/\/www.diagnostik-des-geistes.de\/blog\/autismus-spektrum-storung\/wie-kann-man-sich-selbst-diagnostizieren\/#webpage","url":"https:\/\/www.diagnostik-des-geistes.de\/blog\/autismus-spektrum-storung\/wie-kann-man-sich-selbst-diagnostizieren\/","name":"Diagnose von Autismus-Spektrum-St\u00f6rungen - Diagnostik des Geistes","isPartOf":{"@id":"https:\/\/www.diagnostik-des-geistes.de\/blog\/#website"},"primaryImageOfPage":{"@id":"https:\/\/www.diagnostik-des-geistes.de\/blog\/autismus-spektrum-storung\/wie-kann-man-sich-selbst-diagnostizieren\/#primaryimage"},"datePublished":"2022-02-14T14:22:14+00:00","dateModified":"2022-07-09T18:34:39+00:00","description":"Diagnose von Autismus-Spektrum-St\u00f6rungen (ASD). Klassifizierung, Beschreibung des Autismus und des diagnostischen Prozesses. Warum ist die Diagnose wichtig?","breadcrumb":{"@id":"https:\/\/www.diagnostik-des-geistes.de\/blog\/autismus-spektrum-storung\/wie-kann-man-sich-selbst-diagnostizieren\/#breadcrumb"},"inLanguage":"de-DE","potentialAction":[{"@type":"ReadAction","target":["https:\/\/www.diagnostik-des-geistes.de\/blog\/autismus-spektrum-storung\/wie-kann-man-sich-selbst-diagnostizieren\/"]}]},{"@type":"BreadcrumbList","@id":"https:\/\/www.diagnostik-des-geistes.de\/blog\/autismus-spektrum-storung\/wie-kann-man-sich-selbst-diagnostizieren\/#breadcrumb","itemListElement":[{"@type":"ListItem","position":1,"name":"Homepage","item":"https:\/\/www.diagnostik-des-geistes.de\/blog\/"},{"@type":"ListItem","position":2,"name":"Autismus","item":"https:\/\/www.diagnostik-des-geistes.de\/blog\/autismus-spektrum-storung\/"},{"@type":"ListItem","position":3,"name":"Diagnose"}]},{"@type":"Article","@id":"https:\/\/www.diagnostik-des-geistes.de\/blog\/autismus-spektrum-storung\/wie-kann-man-sich-selbst-diagnostizieren\/#article","isPartOf":{"@id":"https:\/\/www.diagnostik-des-geistes.de\/blog\/autismus-spektrum-storung\/wie-kann-man-sich-selbst-diagnostizieren\/#webpage"},"author":{"@id":"https:\/\/www.diagnostik-des-geistes.de\/blog\/#\/schema\/person\/8eb1bcaf59fea75c780c11946f4e3490"},"headline":"Wie kann man sich selbst diagnostizieren?","datePublished":"2022-02-14T14:22:14+00:00","dateModified":"2022-07-09T18:34:39+00:00","mainEntityOfPage":{"@id":"https:\/\/www.diagnostik-des-geistes.de\/blog\/autismus-spektrum-storung\/wie-kann-man-sich-selbst-diagnostizieren\/#webpage"},"wordCount":500,"publisher":{"@id":"https:\/\/www.diagnostik-des-geistes.de\/blog\/#organization"},"image":{"@id":"https:\/\/www.diagnostik-des-geistes.de\/blog\/autismus-spektrum-storung\/wie-kann-man-sich-selbst-diagnostizieren\/#primaryimage"},"thumbnailUrl":"https:\/\/www.diagnostik-des-geistes.de\/blog\/wp-content\/uploads\/2021\/07\/3.jpg","articleSection":["Autismus-Spektrum-St\u00f6rung"],"inLanguage":"de-DE"},{"@type":"Person","@id":"https:\/\/www.diagnostik-des-geistes.de\/blog\/#\/schema\/person\/8eb1bcaf59fea75c780c11946f4e3490","name":"Diagnostik Geistes","image":{"@type":"ImageObject","@id":"https:\/\/www.diagnostik-des-geistes.de\/blog\/#personlogo","inLanguage":"de-DE","url":"https:\/\/secure.gravatar.com\/avatar\/6743211f010801ea26aa9423a2daab37?s=96&d=mm&r=g","contentUrl":"https:\/\/secure.gravatar.com\/avatar\/6743211f010801ea26aa9423a2daab37?s=96&d=mm&r=g","caption":"Diagnostik Geistes"},"sameAs":["https:\/\/www.diagnostik-des-geistes.de\/blog"],"url":"https:\/\/www.diagnostik-des-geistes.de\/blog\/author\/diagnostyka-umyslu\/"}]}},"amp_enabled":true,"_links":{"self":[{"href":"https:\/\/www.diagnostik-des-geistes.de\/blog\/wp-json\/wp\/v2\/posts\/1042"}],"collection":[{"href":"https:\/\/www.diagnostik-des-geistes.de\/blog\/wp-json\/wp\/v2\/posts"}],"about":[{"href":"https:\/\/www.diagnostik-des-geistes.de\/blog\/wp-json\/wp\/v2\/types\/post"}],"author":[{"embeddable":true,"href":"https:\/\/www.diagnostik-des-geistes.de\/blog\/wp-json\/wp\/v2\/users\/1"}],"replies":[{"embeddable":true,"href":"https:\/\/www.diagnostik-des-geistes.de\/blog\/wp-json\/wp\/v2\/comments?post=1042"}],"version-history":[{"count":5,"href":"https:\/\/www.diagnostik-des-geistes.de\/blog\/wp-json\/wp\/v2\/posts\/1042\/revisions"}],"predecessor-version":[{"id":1323,"href":"https:\/\/www.diagnostik-des-geistes.de\/blog\/wp-json\/wp\/v2\/posts\/1042\/revisions\/1323"}],"wp:featuredmedia":[{"embeddable":true,"href":"https:\/\/www.diagnostik-des-geistes.de\/blog\/wp-json\/wp\/v2\/media\/1055"}],"wp:attachment":[{"href":"https:\/\/www.diagnostik-des-geistes.de\/blog\/wp-json\/wp\/v2\/media?parent=1042"}],"wp:term":[{"taxonomy":"category","embeddable":true,"href":"https:\/\/www.diagnostik-des-geistes.de\/blog\/wp-json\/wp\/v2\/categories?post=1042"},{"taxonomy":"post_tag","embeddable":true,"href":"https:\/\/www.diagnostik-des-geistes.de\/blog\/wp-json\/wp\/v2\/tags?post=1042"}],"curies":[{"name":"wp","href":"https:\/\/api.w.org\/{rel}","templated":true}]}}